{"id":379042,"date":"2026-04-30T11:00:00","date_gmt":"2026-04-30T14:00:00","guid":{"rendered":"https:\/\/jundiai.sp.gov.br\/noticias\/?p=379042"},"modified":"2026-04-30T10:24:25","modified_gmt":"2026-04-30T13:24:25","slug":"trecho-da-rua-ricardo-cesar-favaro-no-bairro-santa-gertrudes-e-interditado-para-obra-emergencial","status":"publish","type":"post","link":"https:\/\/jundiai.sp.gov.br\/noticias\/2026\/04\/30\/trecho-da-rua-ricardo-cesar-favaro-no-bairro-santa-gertrudes-e-interditado-para-obra-emergencial\/","title":{"rendered":"Trecho da Rua Ricardo C\u00e9sar F\u00e1varo, no bairro Santa Gertrudes, \u00e9 interditado para obra emergencial"},"content":{"rendered":"\n<p>A Prefeitura de Jundia\u00ed interditou temporariamente um trecho da Rua Ricardo C\u00e9sar F\u00e1varo, no bairro Santa Gertrudes, para a realiza\u00e7\u00e3o de uma obra emergencial ap\u00f3s o rompimento de uma galeria de \u00e1guas pluviais.<\/p>\n\n\n\n<p>De acordo com a Secretaria Municipal de Infraestrutura e Servi\u00e7os P\u00fablicos (SMISP), os trabalhos devem seguir at\u00e9 o in\u00edcio da pr\u00f3xima semana. A interven\u00e7\u00e3o prev\u00ea a constru\u00e7\u00e3o de uma nova caixa de capta\u00e7\u00e3o, em substitui\u00e7\u00e3o \u00e0 estrutura antiga, que j\u00e1 apresentava fragilidade.<\/p>\n\n\n\n<p>Para reduzir os impactos \u00e0 popula\u00e7\u00e3o, as equipes atuam em regime intensivo, com o objetivo de concluir os servi\u00e7os no menor prazo poss\u00edvel e restabelecer totalmente o tr\u00e1fego na regi\u00e3o. A nova estrutura ter\u00e1 aproximadamente 2,5 metros de profundidade e integra o sistema de drenagem da via, essencial para garantir o escoamento das \u00e1guas da chuva e prevenir novos danos.<\/p>\n\n\n\n<figure class=\"wp-block-image size-large\"><img loading=\"lazy\" decoding=\"async\" width=\"1280\" height=\"719\" src=\"https:\/\/jundiai.sp.gov.br\/noticias\/wp-content\/uploads\/sites\/32\/2026\/04\/adutora-1-1280x719.jpg\" alt=\"\" class=\"wp-image-379049\" srcset=\"https:\/\/jundiai.sp.gov.br\/noticias\/wp-content\/uploads\/sites\/32\/2026\/04\/adutora-1-1280x719.jpg 1280w, https:\/\/jundiai.sp.gov.br\/noticias\/wp-content\/uploads\/sites\/32\/2026\/04\/adutora-1-300x169.jpg 300w, https:\/\/jundiai.sp.gov.br\/noticias\/wp-content\/uploads\/sites\/32\/2026\/04\/adutora-1-768x432.jpg 768w, https:\/\/jundiai.sp.gov.br\/noticias\/wp-content\/uploads\/sites\/32\/2026\/04\/adutora-1-1536x863.jpg 1536w, https:\/\/jundiai.sp.gov.br\/noticias\/wp-content\/uploads\/sites\/32\/2026\/04\/adutora-1.jpg 1900w\" sizes=\"auto, (max-width: 1280px) 100vw, 1280px\" \/><figcaption class=\"wp-element-caption\">Rua Ricardo C\u00e9sar F\u00e1varo tem trecho interditado para obra emergencial em galeria<\/figcaption><\/figure>\n\n\n\n<p><strong>Mudan\u00e7as vi\u00e1rias<\/strong><br><br>Para garantir a seguran\u00e7a de motoristas, moradores e pedestres, t\u00e9cnicos da Secretaria de Mobilidade e Transporte (SMMT) realizaram a sinaliza\u00e7\u00e3o do local. O acesso ao bairro e \u00e0 Rodovia Anhanguera est\u00e1 sendo feito por rotas alternativas, devidamente indicadas.<br><br><strong>Assessoria de Imprensa<br>Fotos: Divulga\u00e7\u00e3o<\/strong><\/p>\n","protected":false},"excerpt":{"rendered":"<p>A Prefeitura de Jundia\u00ed interditou temporariamente um trecho da Rua Ricardo C\u00e9sar F\u00e1varo, no bairro Santa Gertrudes, para a realiza\u00e7\u00e3o de uma obra emergencial ap\u00f3s o rompimento de uma galeria de \u00e1guas pluviais. De acordo com a Secretaria Municipal de Infraestrutura e Servi\u00e7os P\u00fablicos (SMISP), os trabalhos devem seguir at\u00e9 o in\u00edcio da pr\u00f3xima semana. [&hellip;]<\/p>\n","protected":false},"author":123,"featured_media":379049,"comment_status":"closed","ping_status":"0","sticky":false,"template":"","format":"standard","meta":{"footnotes":""},"categories":[4620,2],"tags":[985,982],"ods":[],"class_list":["post-379042","post","type-post","status-publish","format-standard","has-post-thumbnail","hentry","category-destaques","category-noticias","tag-infraestrutura-e-servicos-publicos","tag-mobilidade-e-transporte"],"_links":{"self":[{"href":"https:\/\/jundiai.sp.gov.br\/noticias\/wp-json\/wp\/v2\/posts\/379042","targetHints":{"allow":["GET"]}}],"collection":[{"href":"https:\/\/jundiai.sp.gov.br\/noticias\/wp-json\/wp\/v2\/posts"}],"about":[{"href":"https:\/\/jundiai.sp.gov.br\/noticias\/wp-json\/wp\/v2\/types\/post"}],"author":[{"embeddable":true,"href":"https:\/\/jundiai.sp.gov.br\/noticias\/wp-json\/wp\/v2\/users\/123"}],"replies":[{"embeddable":true,"href":"https:\/\/jundiai.sp.gov.br\/noticias\/wp-json\/wp\/v2\/comments?post=379042"}],"version-history":[{"count":4,"href":"https:\/\/jundiai.sp.gov.br\/noticias\/wp-json\/wp\/v2\/posts\/379042\/revisions"}],"predecessor-version":[{"id":379052,"href":"https:\/\/jundiai.sp.gov.br\/noticias\/wp-json\/wp\/v2\/posts\/379042\/revisions\/379052"}],"wp:featuredmedia":[{"embeddable":true,"href":"https:\/\/jundiai.sp.gov.br\/noticias\/wp-json\/wp\/v2\/media\/379049"}],"wp:attachment":[{"href":"https:\/\/jundiai.sp.gov.br\/noticias\/wp-json\/wp\/v2\/media?parent=379042"}],"wp:term":[{"taxonomy":"category","embeddable":true,"href":"https:\/\/jundiai.sp.gov.br\/noticias\/wp-json\/wp\/v2\/categories?post=379042"},{"taxonomy":"post_tag","embeddable":true,"href":"https:\/\/jundiai.sp.gov.br\/noticias\/wp-json\/wp\/v2\/tags?post=379042"},{"taxonomy":"ods","embeddable":true,"href":"https:\/\/jundiai.sp.gov.br\/noticias\/wp-json\/wp\/v2\/ods?post=379042"}],"curies":[{"name":"wp","href":"https:\/\/api.w.org\/{rel}","templated":true}]}}