{"id":379056,"date":"2026-04-30T14:15:00","date_gmt":"2026-04-30T17:15:00","guid":{"rendered":"https:\/\/jundiai.sp.gov.br\/noticias\/?p=379056"},"modified":"2026-04-30T12:49:55","modified_gmt":"2026-04-30T15:49:55","slug":"abril-verde-fortalece-politicas-de-prevencao-e-seguranca-do-trabalhador-em-jundiai","status":"publish","type":"post","link":"https:\/\/jundiai.sp.gov.br\/noticias\/2026\/04\/30\/abril-verde-fortalece-politicas-de-prevencao-e-seguranca-do-trabalhador-em-jundiai\/","title":{"rendered":"Abril Verde fortalece pol\u00edticas de preven\u00e7\u00e3o e seguran\u00e7a do trabalhador em Jundia\u00ed"},"content":{"rendered":"\n<p>Se seguran\u00e7a \u00e9 algo positivo e f\u00e1cil, e ningu\u00e9m quer se machucar, por qu\u00ea ainda acontecem tantos acidentes de trabalho? Essa foi a pergunta inicial feita por Andr\u00e9 Mestriner, coordenador do Centro de Refer\u00eancia em Sa\u00fade do Trabalhador (CEREST) de Jundia\u00ed, na palestra educativa realizada na \u00faltima quarta-feira (29) no audit\u00f3rio do CIESP Jundia\u00ed.<\/p>\n\n\n\n<figure class=\"wp-block-image size-large\"><img loading=\"lazy\" decoding=\"async\" width=\"1280\" height=\"853\" src=\"https:\/\/jundiai.sp.gov.br\/noticias\/wp-content\/uploads\/sites\/32\/2026\/04\/cerest_abril_verde-3-1-1280x853.jpg\" alt=\"\" class=\"wp-image-379058\" srcset=\"https:\/\/jundiai.sp.gov.br\/noticias\/wp-content\/uploads\/sites\/32\/2026\/04\/cerest_abril_verde-3-1-1280x853.jpg 1280w, https:\/\/jundiai.sp.gov.br\/noticias\/wp-content\/uploads\/sites\/32\/2026\/04\/cerest_abril_verde-3-1-300x200.jpg 300w, https:\/\/jundiai.sp.gov.br\/noticias\/wp-content\/uploads\/sites\/32\/2026\/04\/cerest_abril_verde-3-1-768x512.jpg 768w, https:\/\/jundiai.sp.gov.br\/noticias\/wp-content\/uploads\/sites\/32\/2026\/04\/cerest_abril_verde-3-1-1536x1024.jpg 1536w, https:\/\/jundiai.sp.gov.br\/noticias\/wp-content\/uploads\/sites\/32\/2026\/04\/cerest_abril_verde-3-1-450x300.jpg 450w, https:\/\/jundiai.sp.gov.br\/noticias\/wp-content\/uploads\/sites\/32\/2026\/04\/cerest_abril_verde-3-1.jpg 1800w\" sizes=\"auto, (max-width: 1280px) 100vw, 1280px\" \/><figcaption class=\"wp-element-caption\">Andr\u00e9 Mestriner, coordenador CEREST, apresenta palestra no audit\u00f3rio do CIESP Jundia\u00ed<\/figcaption><\/figure>\n\n\n\n<p>A agenda, denominada \u201cJuntos pela redu\u00e7\u00e3o de mortes por doen\u00e7as e acidentes do trabalho&#8221;, fechou a programa\u00e7\u00e3o oficial da campanha Abril Verde, de conscientiza\u00e7\u00e3o sobre a import\u00e2ncia da seguran\u00e7a e da sa\u00fade do trabalhador. \u201cEventos como este s\u00e3o fundamentais porque fortalecem a preven\u00e7\u00e3o e incentivam mudan\u00e7as no dia a dia. Reduzir acidentes e agravos n\u00e3o depende de uma \u00fanica a\u00e7\u00e3o, mas de um esfor\u00e7o cont\u00ednuo, coletivo e integrado\u201d, pontua Andr\u00e9.<\/p>\n\n\n\n<p>Al\u00e9m dele, participaram como palestrantes Sandoval Lucio, coordenador do departamento de higiene e seguran\u00e7a do CIESP Jundia\u00ed, e Daniel Ortigosa, gerente executivo do INSS de Jundia\u00ed. \u201cTanto o empregado quanto o empregador t\u00eam um papel fundamental na preven\u00e7\u00e3o contra acidentes e \u00f3bitos, e \u00e9 preciso identificar onde est\u00e3o as falhas\u201d, aponta Sandoval. \u201cO INSS atua para amparar o trabalhador que j\u00e1 est\u00e1 acidentado, ou que veio a \u00f3bito, e esses benef\u00edcios s\u00e3o importantes. Mas antes que o caso se torne um agravo, a preven\u00e7\u00e3o \u00e9 essencial, e por isso a import\u00e2ncia do trabalho do CEREST\u201d, complementa Daniel.<\/p>\n\n\n\n<figure class=\"wp-block-image size-large\"><img loading=\"lazy\" decoding=\"async\" width=\"1280\" height=\"853\" src=\"https:\/\/jundiai.sp.gov.br\/noticias\/wp-content\/uploads\/sites\/32\/2026\/04\/cerest_abril_verde-1-1280x853.jpg\" alt=\"\" class=\"wp-image-379059\" srcset=\"https:\/\/jundiai.sp.gov.br\/noticias\/wp-content\/uploads\/sites\/32\/2026\/04\/cerest_abril_verde-1-1280x853.jpg 1280w, https:\/\/jundiai.sp.gov.br\/noticias\/wp-content\/uploads\/sites\/32\/2026\/04\/cerest_abril_verde-1-300x200.jpg 300w, https:\/\/jundiai.sp.gov.br\/noticias\/wp-content\/uploads\/sites\/32\/2026\/04\/cerest_abril_verde-1-768x512.jpg 768w, https:\/\/jundiai.sp.gov.br\/noticias\/wp-content\/uploads\/sites\/32\/2026\/04\/cerest_abril_verde-1-1536x1024.jpg 1536w, https:\/\/jundiai.sp.gov.br\/noticias\/wp-content\/uploads\/sites\/32\/2026\/04\/cerest_abril_verde-1-450x300.jpg 450w, https:\/\/jundiai.sp.gov.br\/noticias\/wp-content\/uploads\/sites\/32\/2026\/04\/cerest_abril_verde-1.jpg 1800w\" sizes=\"auto, (max-width: 1280px) 100vw, 1280px\" \/><figcaption class=\"wp-element-caption\">Daniel Ortigosa (INSS Jundia\u00ed), Andr\u00e9 Mestriner (CEREST Jundia\u00ed) e Sandoval Lucio (CIESP Jundia\u00ed)<\/figcaption><\/figure>\n\n\n\n<p><strong>Preven\u00e7\u00e3o em foco<\/strong><\/p>\n\n\n\n<p>Ao longo do m\u00eas de abril, o \u00f3rg\u00e3o, um servi\u00e7o do SUS vinculado \u00e0 Secretaria Municipal de Promo\u00e7\u00e3o da Sa\u00fade, por meio do Departamento de Vigil\u00e2ncia em Sa\u00fade (DVS), promoveu uma s\u00e9rie de a\u00e7\u00f5es.<\/p>\n\n\n\n<p>Entre as iniciativas, esteve a publica\u00e7\u00e3o de um artigo no site da Prefeitura de Jundia\u00ed abordando o tema, al\u00e9m da realiza\u00e7\u00e3o da palestra educativa com o foco \u201cJuntos pela redu\u00e7\u00e3o de mortes por acidentes de trabalho\u201d em diferentes contextos, como empresas do setor metal\u00fargico, hospitalar e ambulatorial. A unidade tamb\u00e9m esteve no Jundia\u00ed Empreendedora, com espa\u00e7o de orienta\u00e7\u00e3o e plant\u00e3o de d\u00favidas sobre sa\u00fade do trabalhador.<\/p>\n\n\n\n<p>A fachada da sede do CEREST, localizada \u00e0 Rua Marechal Deodoro da Fonseca, 147 (Centro), tamb\u00e9m permaneceu iluminada de verde durante o m\u00eas, destacando de forma tem\u00e1tica um trabalho realizado o ano todo na preven\u00e7\u00e3o, investiga\u00e7\u00e3o e acompanhamento de situa\u00e7\u00f5es relacionadas \u00e0s condi\u00e7\u00f5es laborais, em articula\u00e7\u00e3o com toda a rede municipal de sa\u00fade.<\/p>\n\n\n\n<figure class=\"wp-block-image size-large\"><img loading=\"lazy\" decoding=\"async\" width=\"1280\" height=\"960\" src=\"https:\/\/jundiai.sp.gov.br\/noticias\/wp-content\/uploads\/sites\/32\/2026\/04\/cerest_enhanced-1280x960.jpg\" alt=\"\" class=\"wp-image-379060\" srcset=\"https:\/\/jundiai.sp.gov.br\/noticias\/wp-content\/uploads\/sites\/32\/2026\/04\/cerest_enhanced-1280x960.jpg 1280w, https:\/\/jundiai.sp.gov.br\/noticias\/wp-content\/uploads\/sites\/32\/2026\/04\/cerest_enhanced-300x225.jpg 300w, https:\/\/jundiai.sp.gov.br\/noticias\/wp-content\/uploads\/sites\/32\/2026\/04\/cerest_enhanced-768x576.jpg 768w, https:\/\/jundiai.sp.gov.br\/noticias\/wp-content\/uploads\/sites\/32\/2026\/04\/cerest_enhanced-1536x1152.jpg 1536w, https:\/\/jundiai.sp.gov.br\/noticias\/wp-content\/uploads\/sites\/32\/2026\/04\/cerest_enhanced.jpg 1900w\" sizes=\"auto, (max-width: 1280px) 100vw, 1280px\" \/><figcaption class=\"wp-element-caption\">Sede do CEREST, no Centro de Jundia\u00ed, permaneceu iluminada de verde ao longo do m\u00eas de abril<\/figcaption><\/figure>\n\n\n\n<p><strong>Assessoria de Imprensa<br>Fotos: Fot\u00f3grafos PMJ<\/strong><\/p>\n","protected":false},"excerpt":{"rendered":"<p>Se seguran\u00e7a \u00e9 algo positivo e f\u00e1cil, e ningu\u00e9m quer se machucar, por qu\u00ea ainda acontecem tantos acidentes de trabalho? Essa foi a pergunta inicial feita por Andr\u00e9 Mestriner, coordenador do Centro de Refer\u00eancia em Sa\u00fade do Trabalhador (CEREST) de Jundia\u00ed, na palestra educativa realizada na \u00faltima quarta-feira (29) no audit\u00f3rio do CIESP Jundia\u00ed. A [&hellip;]<\/p>\n","protected":false},"author":133,"featured_media":379057,"comment_status":"closed","ping_status":"0","sticky":false,"template":"","format":"standard","meta":{"footnotes":""},"categories":[2],"tags":[262,981],"ods":[],"class_list":["post-379056","post","type-post","status-publish","format-standard","has-post-thumbnail","hentry","category-noticias","tag-cerest","tag-promocao-da-saude"],"_links":{"self":[{"href":"https:\/\/jundiai.sp.gov.br\/noticias\/wp-json\/wp\/v2\/posts\/379056","targetHints":{"allow":["GET"]}}],"collection":[{"href":"https:\/\/jundiai.sp.gov.br\/noticias\/wp-json\/wp\/v2\/posts"}],"about":[{"href":"https:\/\/jundiai.sp.gov.br\/noticias\/wp-json\/wp\/v2\/types\/post"}],"author":[{"embeddable":true,"href":"https:\/\/jundiai.sp.gov.br\/noticias\/wp-json\/wp\/v2\/users\/133"}],"replies":[{"embeddable":true,"href":"https:\/\/jundiai.sp.gov.br\/noticias\/wp-json\/wp\/v2\/comments?post=379056"}],"version-history":[{"count":2,"href":"https:\/\/jundiai.sp.gov.br\/noticias\/wp-json\/wp\/v2\/posts\/379056\/revisions"}],"predecessor-version":[{"id":379082,"href":"https:\/\/jundiai.sp.gov.br\/noticias\/wp-json\/wp\/v2\/posts\/379056\/revisions\/379082"}],"wp:featuredmedia":[{"embeddable":true,"href":"https:\/\/jundiai.sp.gov.br\/noticias\/wp-json\/wp\/v2\/media\/379057"}],"wp:attachment":[{"href":"https:\/\/jundiai.sp.gov.br\/noticias\/wp-json\/wp\/v2\/media?parent=379056"}],"wp:term":[{"taxonomy":"category","embeddable":true,"href":"https:\/\/jundiai.sp.gov.br\/noticias\/wp-json\/wp\/v2\/categories?post=379056"},{"taxonomy":"post_tag","embeddable":true,"href":"https:\/\/jundiai.sp.gov.br\/noticias\/wp-json\/wp\/v2\/tags?post=379056"},{"taxonomy":"ods","embeddable":true,"href":"https:\/\/jundiai.sp.gov.br\/noticias\/wp-json\/wp\/v2\/ods?post=379056"}],"curies":[{"name":"wp","href":"https:\/\/api.w.org\/{rel}","templated":true}]}}