{"id":379110,"date":"2026-04-30T18:07:41","date_gmt":"2026-04-30T21:07:41","guid":{"rendered":"https:\/\/jundiai.sp.gov.br\/noticias\/?p=379110"},"modified":"2026-04-30T18:07:41","modified_gmt":"2026-04-30T21:07:41","slug":"nota-oficial-caso-de-gripe-aviaria-em-ave-acolhida-em-jundiai-de-outro-municipio","status":"publish","type":"post","link":"https:\/\/jundiai.sp.gov.br\/noticias\/2026\/04\/30\/nota-oficial-caso-de-gripe-aviaria-em-ave-acolhida-em-jundiai-de-outro-municipio\/","title":{"rendered":"Nota oficial &#8211; Caso de gripe avi\u00e1ria em ave acolhida em Jundia\u00ed de outro munic\u00edpio"},"content":{"rendered":"\n<p>A Prefeitura de Jundia\u00ed informa que foi confirmado um caso de gripe avi\u00e1ria em uma ave silvestre da esp\u00e9cie bigu\u00e1, acolhida pela Associa\u00e7\u00e3o Mata Ciliar. O bigu\u00e1, tamb\u00e9m conhecido como mergulh\u00e3o ou cormor\u00e3o, \u00e9 uma ave aqu\u00e1tica comum no Brasil.<\/p>\n\n\n\n<p>O animal, proveniente de outro munic\u00edpio vizinho, apresentou quadro neurol\u00f3gico e evoluiu a \u00f3bito no mesmo dia da chegada \u00e0 institui\u00e7\u00e3o, em 25 de abril, tendo amostras coletadas para an\u00e1lise laboratorial. O resultado positivo foi confirmado nesta quinta-feira (30).<\/p>\n\n\n\n<p>A gripe avi\u00e1ria, ou influenza avi\u00e1ria, \u00e9 uma doen\u00e7a viral causada pelo v\u00edrus Influenza tipo A que afeta principalmente aves silvestres e dom\u00e9sticas. No caso registrado, profissionais da Associa\u00e7\u00e3o Mata Ciliar que tiveram contato com a ave est\u00e3o sendo monitorados pela Vigil\u00e2ncia Epidemiol\u00f3gica (VE) de Jundia\u00ed. <\/p>\n\n\n\n<p>A Prefeitura ressalta que n\u00e3o h\u00e1, at\u00e9 o momento, indica\u00e7\u00e3o de transmiss\u00e3o entre pessoas, e o risco para a popula\u00e7\u00e3o em geral \u00e9 baixo. As equipes de Vigil\u00e2ncia em Sa\u00fade atuam de forma integrada com os \u00f3rg\u00e3os estaduais, realizando o monitoramento dos envolvidos e adotando todas as medidas sanit\u00e1rias previstas nos protocolos, incluindo investiga\u00e7\u00e3o epidemiol\u00f3gica, acompanhamento cl\u00ednico dos expostos e orienta\u00e7\u00e3o das equipes.<\/p>\n\n\n\n<p>Como medida preventiva, a popula\u00e7\u00e3o deve evitar o contato com aves doentes ou mortas e acionar os servi\u00e7os competentes em caso de suspeita, n\u00e3o realizando o manejo por conta pr\u00f3pria.<\/p>\n\n\n\n<p>A Prefeitura de Jundia\u00ed segue acompanhando o caso e refor\u00e7a seu compromisso com a transpar\u00eancia e a prote\u00e7\u00e3o da sa\u00fade da popula\u00e7\u00e3o.<\/p>\n\n\n\n<p><strong>Assessoria de Imprensa<\/strong><\/p>\n","protected":false},"excerpt":{"rendered":"<p>A Prefeitura de Jundia\u00ed informa que foi confirmado um caso de gripe avi\u00e1ria em uma ave silvestre da esp\u00e9cie bigu\u00e1, acolhida pela Associa\u00e7\u00e3o Mata Ciliar. O bigu\u00e1, tamb\u00e9m conhecido como mergulh\u00e3o ou cormor\u00e3o, \u00e9 uma ave aqu\u00e1tica comum no Brasil. O animal, proveniente de outro munic\u00edpio vizinho, apresentou quadro neurol\u00f3gico e evoluiu a \u00f3bito no [&hellip;]<\/p>\n","protected":false},"author":133,"featured_media":377992,"comment_status":"closed","ping_status":"0","sticky":false,"template":"","format":"standard","meta":{"footnotes":""},"categories":[2],"tags":[981,740],"ods":[],"class_list":["post-379110","post","type-post","status-publish","format-standard","has-post-thumbnail","hentry","category-noticias","tag-promocao-da-saude","tag-vigilancia-em-saude"],"_links":{"self":[{"href":"https:\/\/jundiai.sp.gov.br\/noticias\/wp-json\/wp\/v2\/posts\/379110","targetHints":{"allow":["GET"]}}],"collection":[{"href":"https:\/\/jundiai.sp.gov.br\/noticias\/wp-json\/wp\/v2\/posts"}],"about":[{"href":"https:\/\/jundiai.sp.gov.br\/noticias\/wp-json\/wp\/v2\/types\/post"}],"author":[{"embeddable":true,"href":"https:\/\/jundiai.sp.gov.br\/noticias\/wp-json\/wp\/v2\/users\/133"}],"replies":[{"embeddable":true,"href":"https:\/\/jundiai.sp.gov.br\/noticias\/wp-json\/wp\/v2\/comments?post=379110"}],"version-history":[{"count":5,"href":"https:\/\/jundiai.sp.gov.br\/noticias\/wp-json\/wp\/v2\/posts\/379110\/revisions"}],"predecessor-version":[{"id":379153,"href":"https:\/\/jundiai.sp.gov.br\/noticias\/wp-json\/wp\/v2\/posts\/379110\/revisions\/379153"}],"wp:featuredmedia":[{"embeddable":true,"href":"https:\/\/jundiai.sp.gov.br\/noticias\/wp-json\/wp\/v2\/media\/377992"}],"wp:attachment":[{"href":"https:\/\/jundiai.sp.gov.br\/noticias\/wp-json\/wp\/v2\/media?parent=379110"}],"wp:term":[{"taxonomy":"category","embeddable":true,"href":"https:\/\/jundiai.sp.gov.br\/noticias\/wp-json\/wp\/v2\/categories?post=379110"},{"taxonomy":"post_tag","embeddable":true,"href":"https:\/\/jundiai.sp.gov.br\/noticias\/wp-json\/wp\/v2\/tags?post=379110"},{"taxonomy":"ods","embeddable":true,"href":"https:\/\/jundiai.sp.gov.br\/noticias\/wp-json\/wp\/v2\/ods?post=379110"}],"curies":[{"name":"wp","href":"https:\/\/api.w.org\/{rel}","templated":true}]}}