{"id":379175,"date":"2026-05-01T08:10:00","date_gmt":"2026-05-01T11:10:00","guid":{"rendered":"https:\/\/jundiai.sp.gov.br\/noticias\/?p=379175"},"modified":"2026-04-30T20:22:40","modified_gmt":"2026-04-30T23:22:40","slug":"em-jundiai-maio-amarelo-amplia-acoes-de-mobilidade-e-educacao-para-o-transito","status":"publish","type":"post","link":"https:\/\/jundiai.sp.gov.br\/noticias\/2026\/05\/01\/em-jundiai-maio-amarelo-amplia-acoes-de-mobilidade-e-educacao-para-o-transito\/","title":{"rendered":"Em Jundia\u00ed, Maio Amarelo amplia a\u00e7\u00f5es de mobilidade e educa\u00e7\u00e3o para o tr\u00e2nsito"},"content":{"rendered":"\n<p>A mobilidade urbana tem sido uma das prioridades da gest\u00e3o, com investimentos em obras e a\u00e7\u00f5es estrat\u00e9gicas voltadas \u00e0 melhoria da circula\u00e7\u00e3o e \u00e0 seguran\u00e7a vi\u00e1ria. Esse conjunto de iniciativas se conecta diretamente ao Maio Amarelo, movimento mundial de conscientiza\u00e7\u00e3o para um tr\u00e2nsito mais seguro.<\/p>\n\n\n\n<figure class=\"wp-block-gallery has-nested-images columns-default is-cropped wp-block-gallery-1 is-layout-flex wp-block-gallery-is-layout-flex\">\n<figure class=\"wp-block-image size-large\"><img loading=\"lazy\" decoding=\"async\" width=\"1280\" height=\"854\" data-id=\"379195\" src=\"https:\/\/jundiai.sp.gov.br\/noticias\/wp-content\/uploads\/sites\/32\/2026\/04\/maio_amarelo_operacao_motociclistas-33-1280x854.jpg\" alt=\"\" class=\"wp-image-379195\" srcset=\"https:\/\/jundiai.sp.gov.br\/noticias\/wp-content\/uploads\/sites\/32\/2026\/04\/maio_amarelo_operacao_motociclistas-33-1280x854.jpg 1280w, https:\/\/jundiai.sp.gov.br\/noticias\/wp-content\/uploads\/sites\/32\/2026\/04\/maio_amarelo_operacao_motociclistas-33-300x200.jpg 300w, https:\/\/jundiai.sp.gov.br\/noticias\/wp-content\/uploads\/sites\/32\/2026\/04\/maio_amarelo_operacao_motociclistas-33-768x512.jpg 768w, https:\/\/jundiai.sp.gov.br\/noticias\/wp-content\/uploads\/sites\/32\/2026\/04\/maio_amarelo_operacao_motociclistas-33-1536x1024.jpg 1536w, https:\/\/jundiai.sp.gov.br\/noticias\/wp-content\/uploads\/sites\/32\/2026\/04\/maio_amarelo_operacao_motociclistas-33-450x300.jpg 450w, https:\/\/jundiai.sp.gov.br\/noticias\/wp-content\/uploads\/sites\/32\/2026\/04\/maio_amarelo_operacao_motociclistas-33.jpg 1900w\" sizes=\"auto, (max-width: 1280px) 100vw, 1280px\" \/><figcaption class=\"wp-element-caption\">Equipe da SMMT e o mascote Vaguinho<\/figcaption><\/figure>\n<\/figure>\n\n\n\n<p>A programa\u00e7\u00e3o do Maio Amarelo em Jundia\u00ed \u00e9 coordenada pela Secretaria Municipal de Mobilidade e Transporte (SMMT) e re\u00fane uma s\u00e9rie de atividades educativas em locais de grande circula\u00e7\u00e3o, como vias p\u00fablicas, parques, empresas e centros comerciais, refor\u00e7ando a import\u00e2ncia da preserva\u00e7\u00e3o da vida no tr\u00e2nsito. O objetivo \u00e9 sensibilizar motoristas, pedestres e motociclistas.<\/p>\n\n\n\n<p>De acordo com o prefeito Gustavo Martinelli, a proposta \u00e9 ampliar a conscientiza\u00e7\u00e3o e incentivar atitudes mais respons\u00e1veis no dia a dia. \u201cO Maio Amarelo \u00e9 um movimento mundial de grande import\u00e2ncia. A campanha tamb\u00e9m traduz uma prioridade de governo: preparar Jundia\u00ed para o futuro com uma mobilidade mais inteligente, segura e sustent\u00e1vel, acompanhando o crescimento da cidade e as demandas da popula\u00e7\u00e3o. Vamos atuar com foco na educa\u00e7\u00e3o e na preven\u00e7\u00e3o junto a motoristas, pedestres e motociclistas de todas as idades\u201d, afirmou.<\/p>\n\n\n\n<figure class=\"wp-block-gallery has-nested-images columns-default is-cropped wp-block-gallery-2 is-layout-flex wp-block-gallery-is-layout-flex\">\n<figure class=\"wp-block-image size-large\"><img loading=\"lazy\" decoding=\"async\" width=\"1280\" height=\"853\" data-id=\"379199\" src=\"https:\/\/jundiai.sp.gov.br\/noticias\/wp-content\/uploads\/sites\/32\/2026\/04\/conscientizacao_maio_amarelo_no_paco-25-1-1280x853.jpg\" alt=\"\" class=\"wp-image-379199\" srcset=\"https:\/\/jundiai.sp.gov.br\/noticias\/wp-content\/uploads\/sites\/32\/2026\/04\/conscientizacao_maio_amarelo_no_paco-25-1-1280x853.jpg 1280w, https:\/\/jundiai.sp.gov.br\/noticias\/wp-content\/uploads\/sites\/32\/2026\/04\/conscientizacao_maio_amarelo_no_paco-25-1-300x200.jpg 300w, https:\/\/jundiai.sp.gov.br\/noticias\/wp-content\/uploads\/sites\/32\/2026\/04\/conscientizacao_maio_amarelo_no_paco-25-1-768x512.jpg 768w, https:\/\/jundiai.sp.gov.br\/noticias\/wp-content\/uploads\/sites\/32\/2026\/04\/conscientizacao_maio_amarelo_no_paco-25-1-1536x1024.jpg 1536w, https:\/\/jundiai.sp.gov.br\/noticias\/wp-content\/uploads\/sites\/32\/2026\/04\/conscientizacao_maio_amarelo_no_paco-25-1-450x300.jpg 450w, https:\/\/jundiai.sp.gov.br\/noticias\/wp-content\/uploads\/sites\/32\/2026\/04\/conscientizacao_maio_amarelo_no_paco-25-1.jpg 1800w\" sizes=\"auto, (max-width: 1280px) 100vw, 1280px\" \/><figcaption class=\"wp-element-caption\">Vaguinho e jovens da Guardinha (Associa\u00e7\u00e3o de Educa\u00e7\u00e3o do Homem de Amanh\u00e3)<\/figcaption><\/figure>\n\n\n\n<figure class=\"wp-block-image size-large\"><img loading=\"lazy\" decoding=\"async\" width=\"1280\" height=\"854\" data-id=\"379200\" src=\"https:\/\/jundiai.sp.gov.br\/noticias\/wp-content\/uploads\/sites\/32\/2026\/04\/acao_detran_maio_amarelo-10-2-1280x854.jpg\" alt=\"\" class=\"wp-image-379200\" srcset=\"https:\/\/jundiai.sp.gov.br\/noticias\/wp-content\/uploads\/sites\/32\/2026\/04\/acao_detran_maio_amarelo-10-2-1280x854.jpg 1280w, https:\/\/jundiai.sp.gov.br\/noticias\/wp-content\/uploads\/sites\/32\/2026\/04\/acao_detran_maio_amarelo-10-2-300x200.jpg 300w, https:\/\/jundiai.sp.gov.br\/noticias\/wp-content\/uploads\/sites\/32\/2026\/04\/acao_detran_maio_amarelo-10-2-768x512.jpg 768w, https:\/\/jundiai.sp.gov.br\/noticias\/wp-content\/uploads\/sites\/32\/2026\/04\/acao_detran_maio_amarelo-10-2-1536x1024.jpg 1536w, https:\/\/jundiai.sp.gov.br\/noticias\/wp-content\/uploads\/sites\/32\/2026\/04\/acao_detran_maio_amarelo-10-2-450x300.jpg 450w, https:\/\/jundiai.sp.gov.br\/noticias\/wp-content\/uploads\/sites\/32\/2026\/04\/acao_detran_maio_amarelo-10-2.jpg 1900w\" sizes=\"auto, (max-width: 1280px) 100vw, 1280px\" \/><figcaption class=\"wp-element-caption\">A\u00e7\u00f5es descentralizadas<\/figcaption><\/figure>\n<\/figure>\n\n\n\n<p>A primeira a\u00e7\u00e3o da campanha ser\u00e1 realizada nesta sexta-feira (1), no Parque do Corrupira, durante as comemora\u00e7\u00f5es do Dia do Trabalhador, com atividades educativas e de orienta\u00e7\u00e3o ao p\u00fablico. Ao longo do m\u00eas, tamb\u00e9m est\u00e3o previstas a\u00e7\u00f5es como o \u201cS\u00f3 um Minutinho\u201d, voltado ao respeito \u00e0s vagas exclusivas para idosos e pessoas com defici\u00eancia, e o \u201cPonto Cego\u201d, que alerta sobre \u00e1reas de baixa visibilidade ao redor de ve\u00edculos de grande porte, como \u00f4nibus e caminh\u00f5es.<\/p>\n\n\n\n<figure class=\"wp-block-gallery has-nested-images columns-default is-cropped wp-block-gallery-3 is-layout-flex wp-block-gallery-is-layout-flex\">\n<figure class=\"wp-block-image size-large\"><img loading=\"lazy\" decoding=\"async\" width=\"1280\" height=\"854\" data-id=\"379203\" src=\"https:\/\/jundiai.sp.gov.br\/noticias\/wp-content\/uploads\/sites\/32\/2026\/04\/maio_amarelo_operacao_motociclistas-11-1-1280x854.jpg\" alt=\"\" class=\"wp-image-379203\" srcset=\"https:\/\/jundiai.sp.gov.br\/noticias\/wp-content\/uploads\/sites\/32\/2026\/04\/maio_amarelo_operacao_motociclistas-11-1-1280x854.jpg 1280w, https:\/\/jundiai.sp.gov.br\/noticias\/wp-content\/uploads\/sites\/32\/2026\/04\/maio_amarelo_operacao_motociclistas-11-1-300x200.jpg 300w, https:\/\/jundiai.sp.gov.br\/noticias\/wp-content\/uploads\/sites\/32\/2026\/04\/maio_amarelo_operacao_motociclistas-11-1-768x512.jpg 768w, https:\/\/jundiai.sp.gov.br\/noticias\/wp-content\/uploads\/sites\/32\/2026\/04\/maio_amarelo_operacao_motociclistas-11-1-1536x1024.jpg 1536w, https:\/\/jundiai.sp.gov.br\/noticias\/wp-content\/uploads\/sites\/32\/2026\/04\/maio_amarelo_operacao_motociclistas-11-1-450x300.jpg 450w, https:\/\/jundiai.sp.gov.br\/noticias\/wp-content\/uploads\/sites\/32\/2026\/04\/maio_amarelo_operacao_motociclistas-11-1.jpg 1900w\" sizes=\"auto, (max-width: 1280px) 100vw, 1280px\" \/><figcaption class=\"wp-element-caption\">A equipe da SMMT tamb\u00e9m realizar\u00e1 abordagens educativas em espa\u00e7os p\u00fablicos e privados<\/figcaption><\/figure>\n<\/figure>\n\n\n\n<p>Entre as iniciativas, a equipe da SMMT tamb\u00e9m realizar\u00e1 abordagens educativas em espa\u00e7os p\u00fablicos e privados, com distribui\u00e7\u00e3o de materiais informativos e intera\u00e7\u00e3o com a popula\u00e7\u00e3o, refor\u00e7ando o lema da campanha no munic\u00edpio: \u201cNo tr\u00e2nsito, enxergar o outro \u00e9 salvar vidas\u201d.<\/p>\n\n\n\n<p>Segundo a secret\u00e1ria de Mobilidade e Transporte de Jundia\u00ed, Ana Paula de Almeida, o movimento convida a popula\u00e7\u00e3o a adotar um olhar mais humano e respons\u00e1vel no cotidiano. \u201cEste ano, o Maio Amarelo refor\u00e7a esse desafio: enxergar o outro \u00e9 um gesto simples, mas que salva vidas\u201d, destacou.<\/p>\n\n\n\n<p><strong>A\u00e7\u00e3o simb\u00f3lica<\/strong><br><br>O lan\u00e7amento simb\u00f3lico do Maio Amarelo ocorreu na manh\u00e3 desta quinta-feira (30), no Pa\u00e7o Municipal. Equipes da SMMT e o mascote Vaguinho percorreram os andares do pr\u00e9dio para apresentar a iniciativa aos servidores, com a entrega do pin do movimento e da fitinha amarela com a frase \u201cTr\u00e2nsito seguro depende de todos\u201d.<\/p>\n\n\n\n<p><strong>Assessoria de Imprensa<\/strong><br><strong>Fotos: Fot\u00f3grafos PMJ<\/strong><\/p>\n","protected":false},"excerpt":{"rendered":"<p>A mobilidade urbana tem sido uma das prioridades da gest\u00e3o, com investimentos em obras e a\u00e7\u00f5es estrat\u00e9gicas voltadas \u00e0 melhoria da circula\u00e7\u00e3o e \u00e0 seguran\u00e7a vi\u00e1ria. Esse conjunto de iniciativas se conecta diretamente ao Maio Amarelo, movimento mundial de conscientiza\u00e7\u00e3o para um tr\u00e2nsito mais seguro. A programa\u00e7\u00e3o do Maio Amarelo em Jundia\u00ed \u00e9 coordenada pela [&hellip;]<\/p>\n","protected":false},"author":54,"featured_media":379202,"comment_status":"closed","ping_status":"0","sticky":false,"template":"","format":"standard","meta":{"footnotes":""},"categories":[4620,2],"tags":[662,982,5936,5778],"ods":[],"class_list":["post-379175","post","type-post","status-publish","format-standard","has-post-thumbnail","hentry","category-destaques","category-noticias","tag-maio-amarelo","tag-mobilidade-e-transporte","tag-secretaria-municipal-de-mobilidade-e-transporte-smmt","tag-smmt"],"_links":{"self":[{"href":"https:\/\/jundiai.sp.gov.br\/noticias\/wp-json\/wp\/v2\/posts\/379175","targetHints":{"allow":["GET"]}}],"collection":[{"href":"https:\/\/jundiai.sp.gov.br\/noticias\/wp-json\/wp\/v2\/posts"}],"about":[{"href":"https:\/\/jundiai.sp.gov.br\/noticias\/wp-json\/wp\/v2\/types\/post"}],"author":[{"embeddable":true,"href":"https:\/\/jundiai.sp.gov.br\/noticias\/wp-json\/wp\/v2\/users\/54"}],"replies":[{"embeddable":true,"href":"https:\/\/jundiai.sp.gov.br\/noticias\/wp-json\/wp\/v2\/comments?post=379175"}],"version-history":[{"count":6,"href":"https:\/\/jundiai.sp.gov.br\/noticias\/wp-json\/wp\/v2\/posts\/379175\/revisions"}],"predecessor-version":[{"id":379205,"href":"https:\/\/jundiai.sp.gov.br\/noticias\/wp-json\/wp\/v2\/posts\/379175\/revisions\/379205"}],"wp:featuredmedia":[{"embeddable":true,"href":"https:\/\/jundiai.sp.gov.br\/noticias\/wp-json\/wp\/v2\/media\/379202"}],"wp:attachment":[{"href":"https:\/\/jundiai.sp.gov.br\/noticias\/wp-json\/wp\/v2\/media?parent=379175"}],"wp:term":[{"taxonomy":"category","embeddable":true,"href":"https:\/\/jundiai.sp.gov.br\/noticias\/wp-json\/wp\/v2\/categories?post=379175"},{"taxonomy":"post_tag","embeddable":true,"href":"https:\/\/jundiai.sp.gov.br\/noticias\/wp-json\/wp\/v2\/tags?post=379175"},{"taxonomy":"ods","embeddable":true,"href":"https:\/\/jundiai.sp.gov.br\/noticias\/wp-json\/wp\/v2\/ods?post=379175"}],"curies":[{"name":"wp","href":"https:\/\/api.w.org\/{rel}","templated":true}]}}