{"id":379208,"date":"2026-05-01T16:54:11","date_gmt":"2026-05-01T19:54:11","guid":{"rendered":"https:\/\/jundiai.sp.gov.br\/noticias\/?p=379208"},"modified":"2026-05-01T16:54:59","modified_gmt":"2026-05-01T19:54:59","slug":"dia-do-trabalhador-lota-o-parque-do-corrupira-e-transforma-feriado-em-grande-encontro-de-familias-em-jundiai","status":"publish","type":"post","link":"https:\/\/jundiai.sp.gov.br\/noticias\/2026\/05\/01\/dia-do-trabalhador-lota-o-parque-do-corrupira-e-transforma-feriado-em-grande-encontro-de-familias-em-jundiai\/","title":{"rendered":"Dia do Trabalhador lota o Parque do Corrupira e transforma feriado em grande encontro de fam\u00edlias em Jundia\u00ed"},"content":{"rendered":"\n<p>O Parque do Corrupira ficou tomado por milhares de fam\u00edlias nesta sexta-feira (01), feriado do Dia do Trabalhador, em Jundia\u00ed. Desde as primeiras horas do dia, o espa\u00e7o se transformou em um grande ponto de encontro, reunindo lazer, cultura, gastronomia e servi\u00e7os gratuitos para a popula\u00e7\u00e3o.<\/p>\n\n\n\n<figure class=\"wp-block-image size-large\"><img loading=\"lazy\" decoding=\"async\" width=\"1280\" height=\"854\" src=\"https:\/\/jundiai.sp.gov.br\/noticias\/wp-content\/uploads\/sites\/32\/2026\/05\/familia-reunida-1280x854.jpg\" alt=\"\" class=\"wp-image-379212\" srcset=\"https:\/\/jundiai.sp.gov.br\/noticias\/wp-content\/uploads\/sites\/32\/2026\/05\/familia-reunida-1280x854.jpg 1280w, https:\/\/jundiai.sp.gov.br\/noticias\/wp-content\/uploads\/sites\/32\/2026\/05\/familia-reunida-300x200.jpg 300w, https:\/\/jundiai.sp.gov.br\/noticias\/wp-content\/uploads\/sites\/32\/2026\/05\/familia-reunida-768x512.jpg 768w, https:\/\/jundiai.sp.gov.br\/noticias\/wp-content\/uploads\/sites\/32\/2026\/05\/familia-reunida-1536x1024.jpg 1536w, https:\/\/jundiai.sp.gov.br\/noticias\/wp-content\/uploads\/sites\/32\/2026\/05\/familia-reunida-450x300.jpg 450w, https:\/\/jundiai.sp.gov.br\/noticias\/wp-content\/uploads\/sites\/32\/2026\/05\/familia-reunida.jpg 1900w\" sizes=\"auto, (max-width: 1280px) 100vw, 1280px\" \/><figcaption class=\"wp-element-caption\">Fam\u00edlias inteiras aproveitaram o feriado do Dia do Trabalho para conversar e se divertir no Parque do Corrupira<\/figcaption><\/figure>\n\n\n\n<p>Entre churrascos, risadas e encontros marcados, o p\u00fablico aproveitou uma programa\u00e7\u00e3o completa: food trucks, feira livre, brinquedos infl\u00e1veis, quadra de areia, m\u00fasica ao vivo e exposi\u00e7\u00e3o de artesanato pelos programas Jundia\u00ed Feito \u00e0 M\u00e3o e Galp\u00e3o Criativo. Produtos das Rotas Tur\u00edsticas tamb\u00e9m marcaram presen\u00e7a, refor\u00e7ando a valoriza\u00e7\u00e3o da produ\u00e7\u00e3o local.<\/p>\n\n\n\n<p>O prefeito Gustavo Martinelli esteve no parque e destacou o significado da data. \u201cQuero agradecer a todos os trabalhadores jundiaienses pelo seu dia, especialmente aos servidores p\u00fablicos. Nossa cidade \u00e9 refer\u00eancia em qualidade de vida gra\u00e7as ao empenho dessas pessoas. \u00c9 muito gratificante ver o parque cheio, com fam\u00edlias convivendo e celebrando juntas\u201d, afirmou.<\/p>\n\n\n\n<p>Ele tamb\u00e9m refor\u00e7ou a transforma\u00e7\u00e3o do espa\u00e7o. \u201cO Parque do Trabalhador est\u00e1 de portas abertas h\u00e1 um ano ap\u00f3s a reabertura. Passou por uma ampla revitaliza\u00e7\u00e3o, com amplia\u00e7\u00e3o dos quiosques e melhorias na infraestrutura, garantindo mais conforto, seguran\u00e7a e qualidade para a popula\u00e7\u00e3o\u201d.<\/p>\n\n\n\n<figure class=\"wp-block-gallery has-nested-images columns-default is-cropped wp-block-gallery-1 is-layout-flex wp-block-gallery-is-layout-flex\">\n<figure class=\"wp-block-image size-large\"><img loading=\"lazy\" decoding=\"async\" width=\"1280\" height=\"854\" data-id=\"379219\" src=\"https:\/\/jundiai.sp.gov.br\/noticias\/wp-content\/uploads\/sites\/32\/2026\/05\/gm-entrega-placa-eu-amo-pq-corrupira-a-ocupante-de-quiosque-1280x854.jpg\" alt=\"\" class=\"wp-image-379219\" srcset=\"https:\/\/jundiai.sp.gov.br\/noticias\/wp-content\/uploads\/sites\/32\/2026\/05\/gm-entrega-placa-eu-amo-pq-corrupira-a-ocupante-de-quiosque-1280x854.jpg 1280w, https:\/\/jundiai.sp.gov.br\/noticias\/wp-content\/uploads\/sites\/32\/2026\/05\/gm-entrega-placa-eu-amo-pq-corrupira-a-ocupante-de-quiosque-300x200.jpg 300w, https:\/\/jundiai.sp.gov.br\/noticias\/wp-content\/uploads\/sites\/32\/2026\/05\/gm-entrega-placa-eu-amo-pq-corrupira-a-ocupante-de-quiosque-768x512.jpg 768w, https:\/\/jundiai.sp.gov.br\/noticias\/wp-content\/uploads\/sites\/32\/2026\/05\/gm-entrega-placa-eu-amo-pq-corrupira-a-ocupante-de-quiosque-1536x1024.jpg 1536w, https:\/\/jundiai.sp.gov.br\/noticias\/wp-content\/uploads\/sites\/32\/2026\/05\/gm-entrega-placa-eu-amo-pq-corrupira-a-ocupante-de-quiosque-450x300.jpg 450w, https:\/\/jundiai.sp.gov.br\/noticias\/wp-content\/uploads\/sites\/32\/2026\/05\/gm-entrega-placa-eu-amo-pq-corrupira-a-ocupante-de-quiosque.jpg 1900w\" sizes=\"auto, (max-width: 1280px) 100vw, 1280px\" \/><figcaption class=\"wp-element-caption\">Prefeito ao lado de mun\u00edcipes no quiosque<\/figcaption><\/figure>\n\n\n\n<figure class=\"wp-block-image size-large\"><img loading=\"lazy\" decoding=\"async\" width=\"1280\" height=\"854\" data-id=\"379218\" src=\"https:\/\/jundiai.sp.gov.br\/noticias\/wp-content\/uploads\/sites\/32\/2026\/05\/trenzinho_02-1-1280x854.jpg\" alt=\"\" class=\"wp-image-379218\" srcset=\"https:\/\/jundiai.sp.gov.br\/noticias\/wp-content\/uploads\/sites\/32\/2026\/05\/trenzinho_02-1-1280x854.jpg 1280w, https:\/\/jundiai.sp.gov.br\/noticias\/wp-content\/uploads\/sites\/32\/2026\/05\/trenzinho_02-1-300x200.jpg 300w, https:\/\/jundiai.sp.gov.br\/noticias\/wp-content\/uploads\/sites\/32\/2026\/05\/trenzinho_02-1-768x512.jpg 768w, https:\/\/jundiai.sp.gov.br\/noticias\/wp-content\/uploads\/sites\/32\/2026\/05\/trenzinho_02-1-1536x1024.jpg 1536w, https:\/\/jundiai.sp.gov.br\/noticias\/wp-content\/uploads\/sites\/32\/2026\/05\/trenzinho_02-1-450x300.jpg 450w, https:\/\/jundiai.sp.gov.br\/noticias\/wp-content\/uploads\/sites\/32\/2026\/05\/trenzinho_02-1.jpg 1900w\" sizes=\"auto, (max-width: 1280px) 100vw, 1280px\" \/><figcaption class=\"wp-element-caption\">Trenzinho com visitantes do parque<\/figcaption><\/figure>\n<\/figure>\n\n\n\n<p>Para muitos, o dia foi de reencontro e tradi\u00e7\u00e3o. A comerciante Maria de Lourdes Vieira reuniu cerca de 30 familiares e amigos para um churrasco no parque. \u201cEstamos aqui nos divertindo\u2026 O conv\u00edvio familiar \u00e9 um legado que meu pai deixou. Hoje \u00e9 dia de compartilhar amor. Virou uma festa\u201d, contou.<\/p>\n\n\n\n<figure class=\"wp-block-gallery has-nested-images columns-default is-cropped wp-block-gallery-2 is-layout-flex wp-block-gallery-is-layout-flex\">\n<figure class=\"wp-block-image size-large\"><img loading=\"lazy\" decoding=\"async\" width=\"1280\" height=\"854\" data-id=\"379215\" src=\"https:\/\/jundiai.sp.gov.br\/noticias\/wp-content\/uploads\/sites\/32\/2026\/05\/maria-de-lourdes_01-1280x854.jpg\" alt=\"\" class=\"wp-image-379215\" srcset=\"https:\/\/jundiai.sp.gov.br\/noticias\/wp-content\/uploads\/sites\/32\/2026\/05\/maria-de-lourdes_01-1280x854.jpg 1280w, https:\/\/jundiai.sp.gov.br\/noticias\/wp-content\/uploads\/sites\/32\/2026\/05\/maria-de-lourdes_01-300x200.jpg 300w, https:\/\/jundiai.sp.gov.br\/noticias\/wp-content\/uploads\/sites\/32\/2026\/05\/maria-de-lourdes_01-768x512.jpg 768w, https:\/\/jundiai.sp.gov.br\/noticias\/wp-content\/uploads\/sites\/32\/2026\/05\/maria-de-lourdes_01-1536x1024.jpg 1536w, https:\/\/jundiai.sp.gov.br\/noticias\/wp-content\/uploads\/sites\/32\/2026\/05\/maria-de-lourdes_01-450x300.jpg 450w, https:\/\/jundiai.sp.gov.br\/noticias\/wp-content\/uploads\/sites\/32\/2026\/05\/maria-de-lourdes_01.jpg 1900w\" sizes=\"auto, (max-width: 1280px) 100vw, 1280px\" \/><figcaption class=\"wp-element-caption\">Maria de Lourdes prepara o churrasco<\/figcaption><\/figure>\n\n\n\n<figure class=\"wp-block-image size-large\"><img loading=\"lazy\" decoding=\"async\" width=\"1280\" height=\"854\" data-id=\"379216\" src=\"https:\/\/jundiai.sp.gov.br\/noticias\/wp-content\/uploads\/sites\/32\/2026\/05\/maria-de-lourdes_familia-1280x854.jpg\" alt=\"\" class=\"wp-image-379216\" srcset=\"https:\/\/jundiai.sp.gov.br\/noticias\/wp-content\/uploads\/sites\/32\/2026\/05\/maria-de-lourdes_familia-1280x854.jpg 1280w, https:\/\/jundiai.sp.gov.br\/noticias\/wp-content\/uploads\/sites\/32\/2026\/05\/maria-de-lourdes_familia-300x200.jpg 300w, https:\/\/jundiai.sp.gov.br\/noticias\/wp-content\/uploads\/sites\/32\/2026\/05\/maria-de-lourdes_familia-768x512.jpg 768w, https:\/\/jundiai.sp.gov.br\/noticias\/wp-content\/uploads\/sites\/32\/2026\/05\/maria-de-lourdes_familia-1536x1024.jpg 1536w, https:\/\/jundiai.sp.gov.br\/noticias\/wp-content\/uploads\/sites\/32\/2026\/05\/maria-de-lourdes_familia-450x300.jpg 450w, https:\/\/jundiai.sp.gov.br\/noticias\/wp-content\/uploads\/sites\/32\/2026\/05\/maria-de-lourdes_familia.jpg 1900w\" sizes=\"auto, (max-width: 1280px) 100vw, 1280px\" \/><figcaption class=\"wp-element-caption\">Fam\u00edlia Vieira reunida<\/figcaption><\/figure>\n<\/figure>\n\n\n\n<p>Ela tamb\u00e9m destacou a estrutura e a sensa\u00e7\u00e3o de seguran\u00e7a no local. \u201cNos sentimos seguros com a presen\u00e7a da Guarda Municipal. H\u00e1 ambul\u00e2ncia para atendimento, o espa\u00e7o \u00e9 amplo, limpo, com banheiros, e as crian\u00e7as podem brincar com tranquilidade\u201d.<\/p>\n\n\n\n<figure class=\"wp-block-image size-large\"><img loading=\"lazy\" decoding=\"async\" width=\"1280\" height=\"854\" src=\"https:\/\/jundiai.sp.gov.br\/noticias\/wp-content\/uploads\/sites\/32\/2026\/05\/casal-vacinado-1280x854.jpg\" alt=\"\" class=\"wp-image-379220\" srcset=\"https:\/\/jundiai.sp.gov.br\/noticias\/wp-content\/uploads\/sites\/32\/2026\/05\/casal-vacinado-1280x854.jpg 1280w, https:\/\/jundiai.sp.gov.br\/noticias\/wp-content\/uploads\/sites\/32\/2026\/05\/casal-vacinado-300x200.jpg 300w, https:\/\/jundiai.sp.gov.br\/noticias\/wp-content\/uploads\/sites\/32\/2026\/05\/casal-vacinado-768x512.jpg 768w, https:\/\/jundiai.sp.gov.br\/noticias\/wp-content\/uploads\/sites\/32\/2026\/05\/casal-vacinado-1536x1024.jpg 1536w, https:\/\/jundiai.sp.gov.br\/noticias\/wp-content\/uploads\/sites\/32\/2026\/05\/casal-vacinado-450x300.jpg 450w, https:\/\/jundiai.sp.gov.br\/noticias\/wp-content\/uploads\/sites\/32\/2026\/05\/casal-vacinado.jpg 1900w\" sizes=\"auto, (max-width: 1280px) 100vw, 1280px\" \/><figcaption class=\"wp-element-caption\">Casal H\u00e9lvio e Maria de F\u00e1tima se vacinou nesta sexta-feira<\/figcaption><\/figure>\n\n\n\n<p><strong>Multivacina\u00e7\u00e3o<\/strong><br>Al\u00e9m do lazer, o cuidado com a sa\u00fade tamb\u00e9m teve espa\u00e7o. A Prefeitura ofereceu multivacina\u00e7\u00e3o gratuita durante o evento, incluindo a vacina contra a gripe (influenza) para os p\u00fablicos priorit\u00e1rios.<\/p>\n\n\n\n<p>O casal H\u00e9lvio Presoto e Maria de F\u00e1tima Ara\u00fajo Presoto aproveitou a oportunidade. \u201cFazia tempo que precis\u00e1vamos nos vacinar e hoje foi o momento ideal\u201d, disse ele. \u201c\u00c9 dia de festa, mas tamb\u00e9m de cuidar da sa\u00fade\u201d, completou ela.<\/p>\n\n\n\n<p>Clique <a href=\"https:\/\/www.flickr.com\/photos\/prefeituradejundiai\/albums\/72177720333412721\/page3\" data-type=\"link\" data-id=\"https:\/\/www.flickr.com\/photos\/prefeituradejundiai\/albums\/72177720333412721\/page3\" target=\"_blank\" rel=\"noreferrer noopener\">aqui<\/a> para ver mais fotos da comemora\u00e7\u00e3o do Dia do Trabalho no Parque do Corrupira.<\/p>\n\n\n\n<p><strong>Assessoria de Imprensa<\/strong><br><strong>Fotos: Fot\u00f3grafos PMJ<\/strong><\/p>\n\n\n\n<p><\/p>\n","protected":false},"excerpt":{"rendered":"<p>O Parque do Corrupira ficou tomado por milhares de fam\u00edlias nesta sexta-feira (01), feriado do Dia do Trabalhador, em Jundia\u00ed. Desde as primeiras horas do dia, o espa\u00e7o se transformou em um grande ponto de encontro, reunindo lazer, cultura, gastronomia e servi\u00e7os gratuitos para a popula\u00e7\u00e3o. Entre churrascos, risadas e encontros marcados, o p\u00fablico aproveitou [&hellip;]<\/p>\n","protected":false},"author":54,"featured_media":379222,"comment_status":"closed","ping_status":"0","sticky":false,"template":"","format":"standard","meta":{"footnotes":""},"categories":[4620,2],"tags":[5007,662,3129,4886],"ods":[],"class_list":["post-379208","post","type-post","status-publish","format-standard","has-post-thumbnail","hentry","category-destaques","category-noticias","tag-dia-do-trabalhador","tag-maio-amarelo","tag-multivacinacao","tag-parque-do-corrupira"],"_links":{"self":[{"href":"https:\/\/jundiai.sp.gov.br\/noticias\/wp-json\/wp\/v2\/posts\/379208","targetHints":{"allow":["GET"]}}],"collection":[{"href":"https:\/\/jundiai.sp.gov.br\/noticias\/wp-json\/wp\/v2\/posts"}],"about":[{"href":"https:\/\/jundiai.sp.gov.br\/noticias\/wp-json\/wp\/v2\/types\/post"}],"author":[{"embeddable":true,"href":"https:\/\/jundiai.sp.gov.br\/noticias\/wp-json\/wp\/v2\/users\/54"}],"replies":[{"embeddable":true,"href":"https:\/\/jundiai.sp.gov.br\/noticias\/wp-json\/wp\/v2\/comments?post=379208"}],"version-history":[{"count":4,"href":"https:\/\/jundiai.sp.gov.br\/noticias\/wp-json\/wp\/v2\/posts\/379208\/revisions"}],"predecessor-version":[{"id":379221,"href":"https:\/\/jundiai.sp.gov.br\/noticias\/wp-json\/wp\/v2\/posts\/379208\/revisions\/379221"}],"wp:featuredmedia":[{"embeddable":true,"href":"https:\/\/jundiai.sp.gov.br\/noticias\/wp-json\/wp\/v2\/media\/379222"}],"wp:attachment":[{"href":"https:\/\/jundiai.sp.gov.br\/noticias\/wp-json\/wp\/v2\/media?parent=379208"}],"wp:term":[{"taxonomy":"category","embeddable":true,"href":"https:\/\/jundiai.sp.gov.br\/noticias\/wp-json\/wp\/v2\/categories?post=379208"},{"taxonomy":"post_tag","embeddable":true,"href":"https:\/\/jundiai.sp.gov.br\/noticias\/wp-json\/wp\/v2\/tags?post=379208"},{"taxonomy":"ods","embeddable":true,"href":"https:\/\/jundiai.sp.gov.br\/noticias\/wp-json\/wp\/v2\/ods?post=379208"}],"curies":[{"name":"wp","href":"https:\/\/api.w.org\/{rel}","templated":true}]}}