{"id":379210,"date":"2026-05-01T17:00:55","date_gmt":"2026-05-01T20:00:55","guid":{"rendered":"https:\/\/jundiai.sp.gov.br\/noticias\/?p=379210"},"modified":"2026-05-01T17:00:55","modified_gmt":"2026-05-01T20:00:55","slug":"maio-amarelo-2026-comeca-com-acao-no-parque-do-corrupira","status":"publish","type":"post","link":"https:\/\/jundiai.sp.gov.br\/noticias\/2026\/05\/01\/maio-amarelo-2026-comeca-com-acao-no-parque-do-corrupira\/","title":{"rendered":"Maio Amarelo 2026 come\u00e7a com a\u00e7\u00e3o no Parque do Corrupira"},"content":{"rendered":"\n<p>A Prefeitura de Jundia\u00ed, por meio da Secretaria Municipal de Mobilidade e Transporte (SMMT), realizou nesta sexta-feira (01), durante as comemora\u00e7\u00f5es do Dia do Trabalhador no Parque do Corrupira (Parque do Trabalhador), a primeira a\u00e7\u00e3o externa do Maio Amarelo, movimento internacional de conscientiza\u00e7\u00e3o para a redu\u00e7\u00e3o de acidentes de tr\u00e2nsito.<\/p>\n\n\n\n<figure class=\"wp-block-gallery has-nested-images columns-default is-cropped wp-block-gallery-1 is-layout-flex wp-block-gallery-is-layout-flex\">\n<figure class=\"wp-block-image size-large\"><img loading=\"lazy\" decoding=\"async\" width=\"1280\" height=\"854\" data-id=\"379223\" src=\"https:\/\/jundiai.sp.gov.br\/noticias\/wp-content\/uploads\/sites\/32\/2026\/05\/maio-amarelo-entrada-pq-corrupira_02-1280x854.jpg\" alt=\"\" class=\"wp-image-379223\" srcset=\"https:\/\/jundiai.sp.gov.br\/noticias\/wp-content\/uploads\/sites\/32\/2026\/05\/maio-amarelo-entrada-pq-corrupira_02-1280x854.jpg 1280w, https:\/\/jundiai.sp.gov.br\/noticias\/wp-content\/uploads\/sites\/32\/2026\/05\/maio-amarelo-entrada-pq-corrupira_02-300x200.jpg 300w, https:\/\/jundiai.sp.gov.br\/noticias\/wp-content\/uploads\/sites\/32\/2026\/05\/maio-amarelo-entrada-pq-corrupira_02-768x512.jpg 768w, https:\/\/jundiai.sp.gov.br\/noticias\/wp-content\/uploads\/sites\/32\/2026\/05\/maio-amarelo-entrada-pq-corrupira_02-1536x1024.jpg 1536w, https:\/\/jundiai.sp.gov.br\/noticias\/wp-content\/uploads\/sites\/32\/2026\/05\/maio-amarelo-entrada-pq-corrupira_02-450x300.jpg 450w, https:\/\/jundiai.sp.gov.br\/noticias\/wp-content\/uploads\/sites\/32\/2026\/05\/maio-amarelo-entrada-pq-corrupira_02.jpg 1900w\" sizes=\"auto, (max-width: 1280px) 100vw, 1280px\" \/><figcaption class=\"wp-element-caption\">Abordagem a motorista na entrada do parque<\/figcaption><\/figure>\n\n\n\n<figure class=\"wp-block-image size-large\"><img loading=\"lazy\" decoding=\"async\" width=\"1280\" height=\"854\" data-id=\"379224\" src=\"https:\/\/jundiai.sp.gov.br\/noticias\/wp-content\/uploads\/sites\/32\/2026\/05\/motorista-mostra-fitinha-maio-amarelo-1280x854.jpg\" alt=\"\" class=\"wp-image-379224\" srcset=\"https:\/\/jundiai.sp.gov.br\/noticias\/wp-content\/uploads\/sites\/32\/2026\/05\/motorista-mostra-fitinha-maio-amarelo-1280x854.jpg 1280w, https:\/\/jundiai.sp.gov.br\/noticias\/wp-content\/uploads\/sites\/32\/2026\/05\/motorista-mostra-fitinha-maio-amarelo-300x200.jpg 300w, https:\/\/jundiai.sp.gov.br\/noticias\/wp-content\/uploads\/sites\/32\/2026\/05\/motorista-mostra-fitinha-maio-amarelo-768x512.jpg 768w, https:\/\/jundiai.sp.gov.br\/noticias\/wp-content\/uploads\/sites\/32\/2026\/05\/motorista-mostra-fitinha-maio-amarelo-1536x1024.jpg 1536w, https:\/\/jundiai.sp.gov.br\/noticias\/wp-content\/uploads\/sites\/32\/2026\/05\/motorista-mostra-fitinha-maio-amarelo-450x300.jpg 450w, https:\/\/jundiai.sp.gov.br\/noticias\/wp-content\/uploads\/sites\/32\/2026\/05\/motorista-mostra-fitinha-maio-amarelo.jpg 1900w\" sizes=\"auto, (max-width: 1280px) 100vw, 1280px\" \/><figcaption class=\"wp-element-caption\">Visitante mostra fitinha do Maio Amarelo <\/figcaption><\/figure>\n<\/figure>\n\n\n\n<p>Durante a iniciativa, equipes da Secretaria distribu\u00edram fitinhas amarelas com a mensagem \u201cTr\u00e2nsito seguro depende de todos\u201d e abordaram motoristas e pedestres que chegavam ao parque, refor\u00e7ando orienta\u00e7\u00f5es sobre respeito \u00e0s leis e comportamentos seguros no dia a dia. A a\u00e7\u00e3o tamb\u00e9m contou com a presen\u00e7a do mascote Vaguinho, que interagiu com as crian\u00e7as e ajudou a levar a mensagem de forma leve e educativa.<\/p>\n\n\n\n<p>O gerente de dados Alison Pezzott, que estava no parque com a fam\u00edlia para aproveitar o feriado, destacou a import\u00e2ncia das a\u00e7\u00f5es. \u201c\u00c9 importante que estas a\u00e7\u00f5es de preven\u00e7\u00e3o ocorram para ajudar a conscientizar a popula\u00e7\u00e3o. O agente de tr\u00e2nsito deve ser visto como algu\u00e9m que oriente o mun\u00edcipe, n\u00e3o s\u00f3 como quem pode lhe aplicar uma multa se cometer uma infra\u00e7\u00e3o de tr\u00e2nsito\u201d.<\/p>\n\n\n\n<p>Entre os visitantes, a moradora Maria Giselda Batista ressaltou a import\u00e2ncia da iniciativa. No parque com a filha Rayane e suas pets, ela chamou a aten\u00e7\u00e3o para a necessidade de atitudes respons\u00e1veis. \u201cA conscientiza\u00e7\u00e3o \u00e9 fundamental. A gente v\u00ea acidentes acontecendo, muitos poderiam ser evitados. Respeitar a faixa de pedestres e as leis de tr\u00e2nsito \u00e9 um dever de todos\u201d, afirmou.<\/p>\n\n\n\n<figure class=\"wp-block-gallery has-nested-images columns-default is-cropped wp-block-gallery-2 is-layout-flex wp-block-gallery-is-layout-flex\">\n<figure class=\"wp-block-image size-large\"><img loading=\"lazy\" decoding=\"async\" width=\"1280\" height=\"854\" data-id=\"379226\" src=\"https:\/\/jundiai.sp.gov.br\/noticias\/wp-content\/uploads\/sites\/32\/2026\/05\/galera-do-transito-1280x854.jpg\" alt=\"\" class=\"wp-image-379226\" srcset=\"https:\/\/jundiai.sp.gov.br\/noticias\/wp-content\/uploads\/sites\/32\/2026\/05\/galera-do-transito-1280x854.jpg 1280w, https:\/\/jundiai.sp.gov.br\/noticias\/wp-content\/uploads\/sites\/32\/2026\/05\/galera-do-transito-300x200.jpg 300w, https:\/\/jundiai.sp.gov.br\/noticias\/wp-content\/uploads\/sites\/32\/2026\/05\/galera-do-transito-768x512.jpg 768w, https:\/\/jundiai.sp.gov.br\/noticias\/wp-content\/uploads\/sites\/32\/2026\/05\/galera-do-transito-1536x1024.jpg 1536w, https:\/\/jundiai.sp.gov.br\/noticias\/wp-content\/uploads\/sites\/32\/2026\/05\/galera-do-transito-450x300.jpg 450w, https:\/\/jundiai.sp.gov.br\/noticias\/wp-content\/uploads\/sites\/32\/2026\/05\/galera-do-transito.jpg 1900w\" sizes=\"auto, (max-width: 1280px) 100vw, 1280px\" \/><figcaption class=\"wp-element-caption\">Equipe da SMMT envolvida no trabalho desta sexta<\/figcaption><\/figure>\n\n\n\n<figure class=\"wp-block-image size-large\"><img loading=\"lazy\" decoding=\"async\" width=\"1280\" height=\"854\" data-id=\"379225\" src=\"https:\/\/jundiai.sp.gov.br\/noticias\/wp-content\/uploads\/sites\/32\/2026\/05\/vaguinho-com-fitinha-amarela-1280x854.jpg\" alt=\"\" class=\"wp-image-379225\" srcset=\"https:\/\/jundiai.sp.gov.br\/noticias\/wp-content\/uploads\/sites\/32\/2026\/05\/vaguinho-com-fitinha-amarela-1280x854.jpg 1280w, https:\/\/jundiai.sp.gov.br\/noticias\/wp-content\/uploads\/sites\/32\/2026\/05\/vaguinho-com-fitinha-amarela-300x200.jpg 300w, https:\/\/jundiai.sp.gov.br\/noticias\/wp-content\/uploads\/sites\/32\/2026\/05\/vaguinho-com-fitinha-amarela-768x512.jpg 768w, https:\/\/jundiai.sp.gov.br\/noticias\/wp-content\/uploads\/sites\/32\/2026\/05\/vaguinho-com-fitinha-amarela-1536x1024.jpg 1536w, https:\/\/jundiai.sp.gov.br\/noticias\/wp-content\/uploads\/sites\/32\/2026\/05\/vaguinho-com-fitinha-amarela-450x300.jpg 450w, https:\/\/jundiai.sp.gov.br\/noticias\/wp-content\/uploads\/sites\/32\/2026\/05\/vaguinho-com-fitinha-amarela.jpg 1900w\" sizes=\"auto, (max-width: 1280px) 100vw, 1280px\" \/><figcaption class=\"wp-element-caption\">Mascote Vaguinho<\/figcaption><\/figure>\n<\/figure>\n\n\n\n<p>O prefeito de Jundia\u00ed, Gustavo Martinelli, refor\u00e7ou o compromisso da cidade com a preserva\u00e7\u00e3o de vidas. \u201cEstamos investindo cada vez mais em educa\u00e7\u00e3o e preven\u00e7\u00e3o, envolvendo motoristas, pedestres e motociclistas. No tr\u00e2nsito, cada escolha importa e pode salvar vidas\u201d, destacou.<\/p>\n\n\n\n<p>Dentro desse contexto, o tema do Maio Amarelo 2026 em Jundia\u00ed, \u201cNo tr\u00e2nsito, enxergar o outro \u00e9 salvar vidas\u201d, refor\u00e7a a import\u00e2ncia de atitudes mais conscientes e emp\u00e1ticas no dia a dia. A secret\u00e1ria de Mobilidade e Transporte, Ana Paula de Almeida, enfatizou o conceito central da campanha deste ano. \u201cO Maio Amarelo nos convida a desenvolver um olhar mais humano no tr\u00e2nsito. Enxergar o outro, respeitar e agir com responsabilidade s\u00e3o atitudes simples que fazem toda a diferen\u00e7a\u201d, concluiu.<\/p>\n\n\n\n<p>As a\u00e7\u00f5es do Maio Amarelo continuam ao longo de todo o m\u00eas, com atividades em diferentes espa\u00e7os da cidade, ampliando o alcance da conscientiza\u00e7\u00e3o e refor\u00e7ando a import\u00e2ncia de um tr\u00e2nsito mais seguro para todos.<\/p>\n\n\n\n<p><strong>Assessoria de Imprensa<\/strong><br><strong>Fotos: Fot\u00f3grafos PMJ<\/strong><\/p>\n","protected":false},"excerpt":{"rendered":"<p>A Prefeitura de Jundia\u00ed, por meio da Secretaria Municipal de Mobilidade e Transporte (SMMT), realizou nesta sexta-feira (01), durante as comemora\u00e7\u00f5es do Dia do Trabalhador no Parque do Corrupira (Parque do Trabalhador), a primeira a\u00e7\u00e3o externa do Maio Amarelo, movimento internacional de conscientiza\u00e7\u00e3o para a redu\u00e7\u00e3o de acidentes de tr\u00e2nsito. Durante a iniciativa, equipes da [&hellip;]<\/p>\n","protected":false},"author":54,"featured_media":379228,"comment_status":"closed","ping_status":"0","sticky":false,"template":"","format":"standard","meta":{"footnotes":""},"categories":[4620,2],"tags":[662,982,4886,5936,5778],"ods":[],"class_list":["post-379210","post","type-post","status-publish","format-standard","has-post-thumbnail","hentry","category-destaques","category-noticias","tag-maio-amarelo","tag-mobilidade-e-transporte","tag-parque-do-corrupira","tag-secretaria-municipal-de-mobilidade-e-transporte-smmt","tag-smmt"],"_links":{"self":[{"href":"https:\/\/jundiai.sp.gov.br\/noticias\/wp-json\/wp\/v2\/posts\/379210","targetHints":{"allow":["GET"]}}],"collection":[{"href":"https:\/\/jundiai.sp.gov.br\/noticias\/wp-json\/wp\/v2\/posts"}],"about":[{"href":"https:\/\/jundiai.sp.gov.br\/noticias\/wp-json\/wp\/v2\/types\/post"}],"author":[{"embeddable":true,"href":"https:\/\/jundiai.sp.gov.br\/noticias\/wp-json\/wp\/v2\/users\/54"}],"replies":[{"embeddable":true,"href":"https:\/\/jundiai.sp.gov.br\/noticias\/wp-json\/wp\/v2\/comments?post=379210"}],"version-history":[{"count":3,"href":"https:\/\/jundiai.sp.gov.br\/noticias\/wp-json\/wp\/v2\/posts\/379210\/revisions"}],"predecessor-version":[{"id":379229,"href":"https:\/\/jundiai.sp.gov.br\/noticias\/wp-json\/wp\/v2\/posts\/379210\/revisions\/379229"}],"wp:featuredmedia":[{"embeddable":true,"href":"https:\/\/jundiai.sp.gov.br\/noticias\/wp-json\/wp\/v2\/media\/379228"}],"wp:attachment":[{"href":"https:\/\/jundiai.sp.gov.br\/noticias\/wp-json\/wp\/v2\/media?parent=379210"}],"wp:term":[{"taxonomy":"category","embeddable":true,"href":"https:\/\/jundiai.sp.gov.br\/noticias\/wp-json\/wp\/v2\/categories?post=379210"},{"taxonomy":"post_tag","embeddable":true,"href":"https:\/\/jundiai.sp.gov.br\/noticias\/wp-json\/wp\/v2\/tags?post=379210"},{"taxonomy":"ods","embeddable":true,"href":"https:\/\/jundiai.sp.gov.br\/noticias\/wp-json\/wp\/v2\/ods?post=379210"}],"curies":[{"name":"wp","href":"https:\/\/api.w.org\/{rel}","templated":true}]}}