{"id":384486,"date":"2026-09-06T10:46:00","date_gmt":"2026-09-06T13:46:00","guid":{"rendered":"https:\/\/jundiai.sp.gov.br\/noticias\/?p=384486"},"modified":"2026-09-04T11:40:07","modified_gmt":"2026-09-04T14:40:07","slug":"mutiroes-de-castracao-atendimento-ampliado-servicos-descentralizados-e-adocao-responsavel-marcam-avancos-do-debea-em-jundiai","status":"publish","type":"post","link":"https:\/\/jundiai.sp.gov.br\/noticias\/2026\/09\/06\/mutiroes-de-castracao-atendimento-ampliado-servicos-descentralizados-e-adocao-responsavel-marcam-avancos-do-debea-em-jundiai\/","title":{"rendered":"Mutir\u00f5es de castra\u00e7\u00e3o, atendimento ampliado, servi\u00e7os descentralizados e ado\u00e7\u00e3o respons\u00e1vel marcam avan\u00e7os do DEBEA em Jundia\u00ed"},"content":{"rendered":"\n<p>O Departamento de Bem-Estar Animal (DEBEA), da Prefeitura de Jundia\u00ed, vem ampliando as pol\u00edticas p\u00fablicas voltadas \u00e0 prote\u00e7\u00e3o animal. Entre 2025 e 2026, o departamento intensificou os mutir\u00f5es de castra\u00e7\u00e3o e microchipagem, fortaleceu a\u00e7\u00f5es educativas e de fiscaliza\u00e7\u00e3o, ampliou o acesso aos servi\u00e7os e consolidou parcerias para expandir o atendimento.<\/p>\n\n\n\n<figure class=\"wp-block-image size-large\"><img loading=\"lazy\" decoding=\"async\" width=\"1280\" height=\"854\" src=\"https:\/\/jundiai.sp.gov.br\/noticias\/wp-content\/uploads\/sites\/32\/2026\/07\/castracao_debea-26-1280x854.jpg\" alt=\"\" class=\"wp-image-384490\" srcset=\"https:\/\/jundiai.sp.gov.br\/noticias\/wp-content\/uploads\/sites\/32\/2026\/07\/castracao_debea-26-1280x854.jpg 1280w, https:\/\/jundiai.sp.gov.br\/noticias\/wp-content\/uploads\/sites\/32\/2026\/07\/castracao_debea-26-300x200.jpg 300w, https:\/\/jundiai.sp.gov.br\/noticias\/wp-content\/uploads\/sites\/32\/2026\/07\/castracao_debea-26-768x512.jpg 768w, https:\/\/jundiai.sp.gov.br\/noticias\/wp-content\/uploads\/sites\/32\/2026\/07\/castracao_debea-26-1536x1024.jpg 1536w, https:\/\/jundiai.sp.gov.br\/noticias\/wp-content\/uploads\/sites\/32\/2026\/07\/castracao_debea-26-450x300.jpg 450w, https:\/\/jundiai.sp.gov.br\/noticias\/wp-content\/uploads\/sites\/32\/2026\/07\/castracao_debea-26.jpg 1900w\" sizes=\"auto, (max-width: 1280px) 100vw, 1280px\" \/><figcaption class=\"wp-element-caption\">Com mutir\u00f5es e a\u00e7\u00f5es permanentes, DEBEA fortalece pol\u00edticas p\u00fablicas de prote\u00e7\u00e3o e bem-estar animal em Jundia\u00ed<\/figcaption><\/figure>\n\n\n\n<p>A castra\u00e7\u00e3o e a microchipagem seguem como principais estrat\u00e9gias para o controle populacional de c\u00e3es e gatos. Em 2025, foram castrados e microchipados 3.777 animais em 23 mutir\u00f5es. Em 2026, at\u00e9 julho, outros 2.200 animais passaram pelos procedimentos. Al\u00e9m da sede do DEBEA, os mutir\u00f5es tamb\u00e9m percorrem os bairros, descentralizando o servi\u00e7o e facilitando o acesso da popula\u00e7\u00e3o.<\/p>\n\n\n\n<p>Outro avan\u00e7o foi a amplia\u00e7\u00e3o do hor\u00e1rio de atendimento, implantada em 2025, que elevou em 30% o n\u00famero de atendimentos. O munic\u00edpio tamb\u00e9m ampliou a oferta de castra\u00e7\u00f5es por meio de parcerias, como o programa Castra+.<\/p>\n\n\n\n<figure class=\"wp-block-gallery has-nested-images columns-default is-cropped wp-block-gallery-1 is-layout-flex wp-block-gallery-is-layout-flex\">\n<figure class=\"wp-block-image size-large\"><img loading=\"lazy\" decoding=\"async\" width=\"1280\" height=\"854\" data-id=\"384497\" src=\"https:\/\/jundiai.sp.gov.br\/noticias\/wp-content\/uploads\/sites\/32\/2026\/07\/debea-microchipagem_fm_-5-1280x854-1.jpg\" alt=\"\" class=\"wp-image-384497\" srcset=\"https:\/\/jundiai.sp.gov.br\/noticias\/wp-content\/uploads\/sites\/32\/2026\/07\/debea-microchipagem_fm_-5-1280x854-1.jpg 1280w, https:\/\/jundiai.sp.gov.br\/noticias\/wp-content\/uploads\/sites\/32\/2026\/07\/debea-microchipagem_fm_-5-1280x854-1-300x200.jpg 300w, https:\/\/jundiai.sp.gov.br\/noticias\/wp-content\/uploads\/sites\/32\/2026\/07\/debea-microchipagem_fm_-5-1280x854-1-768x512.jpg 768w, https:\/\/jundiai.sp.gov.br\/noticias\/wp-content\/uploads\/sites\/32\/2026\/07\/debea-microchipagem_fm_-5-1280x854-1-450x300.jpg 450w\" sizes=\"auto, (max-width: 1280px) 100vw, 1280px\" \/><figcaption class=\"wp-element-caption\">Atendimentos ampliados<\/figcaption><\/figure>\n\n\n\n<figure class=\"wp-block-image size-large\"><img loading=\"lazy\" decoding=\"async\" width=\"1280\" height=\"854\" data-id=\"384498\" src=\"https:\/\/jundiai.sp.gov.br\/noticias\/wp-content\/uploads\/sites\/32\/2026\/07\/mutirao_de_castracao_debea_v-40-1280x854.jpg\" alt=\"\" class=\"wp-image-384498\" srcset=\"https:\/\/jundiai.sp.gov.br\/noticias\/wp-content\/uploads\/sites\/32\/2026\/07\/mutirao_de_castracao_debea_v-40-1280x854.jpg 1280w, https:\/\/jundiai.sp.gov.br\/noticias\/wp-content\/uploads\/sites\/32\/2026\/07\/mutirao_de_castracao_debea_v-40-300x200.jpg 300w, https:\/\/jundiai.sp.gov.br\/noticias\/wp-content\/uploads\/sites\/32\/2026\/07\/mutirao_de_castracao_debea_v-40-768x512.jpg 768w, https:\/\/jundiai.sp.gov.br\/noticias\/wp-content\/uploads\/sites\/32\/2026\/07\/mutirao_de_castracao_debea_v-40-1536x1024.jpg 1536w, https:\/\/jundiai.sp.gov.br\/noticias\/wp-content\/uploads\/sites\/32\/2026\/07\/mutirao_de_castracao_debea_v-40-450x300.jpg 450w, https:\/\/jundiai.sp.gov.br\/noticias\/wp-content\/uploads\/sites\/32\/2026\/07\/mutirao_de_castracao_debea_v-40.jpg 1900w\" sizes=\"auto, (max-width: 1280px) 100vw, 1280px\" \/><figcaption class=\"wp-element-caption\">Mutir\u00f5es de castra\u00e7\u00e3o e microchipagem<\/figcaption><\/figure>\n<\/figure>\n\n\n\n<p>O trabalho do DEBEA tamb\u00e9m inclui fiscaliza\u00e7\u00e3o, combate aos maus-tratos e a\u00e7\u00f5es de educa\u00e7\u00e3o para a guarda respons\u00e1vel. Entre as iniciativas de conscientiza\u00e7\u00e3o est\u00e1 o Abril Laranja, campanha que mobiliza a popula\u00e7\u00e3o para a preven\u00e7\u00e3o da viol\u00eancia contra os animais e incentiva os cuidados respons\u00e1veis.<\/p>\n\n\n\n<p>As feiras de ado\u00e7\u00e3o tamb\u00e9m fazem parte das a\u00e7\u00f5es do departamento. Realizadas em diferentes espa\u00e7os da cidade e em parceria com empresas, elas ajudam animais resgatados a encontrar um novo lar e incentivam a ado\u00e7\u00e3o respons\u00e1vel.<\/p>\n\n\n\n<p>Segundo a diretora do DEBEA, Francine Galeoti, o fortalecimento das a\u00e7\u00f5es demonstra o compromisso da Prefeitura com a prote\u00e7\u00e3o animal. \u201cEstamos ampliando o acesso aos servi\u00e7os, fortalecendo parcerias e investindo em conscientiza\u00e7\u00e3o, fiscaliza\u00e7\u00e3o e ado\u00e7\u00e3o respons\u00e1vel. \u00c9 um trabalho cont\u00ednuo para promover mais bem-estar aos animais e ampliar o atendimento \u00e0 popula\u00e7\u00e3o\u201d, destaca.<\/p>\n\n\n\n<figure class=\"wp-block-gallery has-nested-images columns-default is-cropped wp-block-gallery-2 is-layout-flex wp-block-gallery-is-layout-flex\">\n<figure class=\"wp-block-image size-large\"><img loading=\"lazy\" decoding=\"async\" width=\"1280\" height=\"854\" data-id=\"384494\" src=\"https:\/\/jundiai.sp.gov.br\/noticias\/wp-content\/uploads\/sites\/32\/2026\/07\/abril_laranja_emeb_geraldo_pinto-5-1280x854.jpg\" alt=\"\" class=\"wp-image-384494\" srcset=\"https:\/\/jundiai.sp.gov.br\/noticias\/wp-content\/uploads\/sites\/32\/2026\/07\/abril_laranja_emeb_geraldo_pinto-5-1280x854.jpg 1280w, https:\/\/jundiai.sp.gov.br\/noticias\/wp-content\/uploads\/sites\/32\/2026\/07\/abril_laranja_emeb_geraldo_pinto-5-300x200.jpg 300w, https:\/\/jundiai.sp.gov.br\/noticias\/wp-content\/uploads\/sites\/32\/2026\/07\/abril_laranja_emeb_geraldo_pinto-5-768x512.jpg 768w, https:\/\/jundiai.sp.gov.br\/noticias\/wp-content\/uploads\/sites\/32\/2026\/07\/abril_laranja_emeb_geraldo_pinto-5-1536x1024.jpg 1536w, https:\/\/jundiai.sp.gov.br\/noticias\/wp-content\/uploads\/sites\/32\/2026\/07\/abril_laranja_emeb_geraldo_pinto-5-450x300.jpg 450w, https:\/\/jundiai.sp.gov.br\/noticias\/wp-content\/uploads\/sites\/32\/2026\/07\/abril_laranja_emeb_geraldo_pinto-5.jpg 1900w\" sizes=\"auto, (max-width: 1280px) 100vw, 1280px\" \/><figcaption class=\"wp-element-caption\">A\u00e7\u00f5es do Abril Laranja<\/figcaption><\/figure>\n\n\n\n<figure class=\"wp-block-image size-large\"><img loading=\"lazy\" decoding=\"async\" width=\"1280\" height=\"853\" data-id=\"384493\" src=\"https:\/\/jundiai.sp.gov.br\/noticias\/wp-content\/uploads\/sites\/32\/2026\/07\/adocao_debea_banco_de_imagem-27-1280x853.jpg\" alt=\"\" class=\"wp-image-384493\" srcset=\"https:\/\/jundiai.sp.gov.br\/noticias\/wp-content\/uploads\/sites\/32\/2026\/07\/adocao_debea_banco_de_imagem-27-1280x853.jpg 1280w, https:\/\/jundiai.sp.gov.br\/noticias\/wp-content\/uploads\/sites\/32\/2026\/07\/adocao_debea_banco_de_imagem-27-300x200.jpg 300w, https:\/\/jundiai.sp.gov.br\/noticias\/wp-content\/uploads\/sites\/32\/2026\/07\/adocao_debea_banco_de_imagem-27-768x512.jpg 768w, https:\/\/jundiai.sp.gov.br\/noticias\/wp-content\/uploads\/sites\/32\/2026\/07\/adocao_debea_banco_de_imagem-27-1536x1023.jpg 1536w, https:\/\/jundiai.sp.gov.br\/noticias\/wp-content\/uploads\/sites\/32\/2026\/07\/adocao_debea_banco_de_imagem-27-450x300.jpg 450w, https:\/\/jundiai.sp.gov.br\/noticias\/wp-content\/uploads\/sites\/32\/2026\/07\/adocao_debea_banco_de_imagem-27.jpg 1900w\" sizes=\"auto, (max-width: 1280px) 100vw, 1280px\" \/><figcaption class=\"wp-element-caption\">Feiras de ado\u00e7\u00e3o<\/figcaption><\/figure>\n<\/figure>\n\n\n\n<p><strong>Assessoria de Imprensa<br>Fotos: Fot\u00f3grados PMJ<\/strong><\/p>\n","protected":false},"excerpt":{"rendered":"<p>O Departamento de Bem-Estar Animal (DEBEA), da Prefeitura de Jundia\u00ed, vem ampliando as pol\u00edticas p\u00fablicas voltadas \u00e0 prote\u00e7\u00e3o animal. Entre 2025 e 2026, o departamento intensificou os mutir\u00f5es de castra\u00e7\u00e3o e microchipagem, fortaleceu a\u00e7\u00f5es educativas e de fiscaliza\u00e7\u00e3o, ampliou o acesso aos servi\u00e7os e consolidou parcerias para expandir o atendimento. A castra\u00e7\u00e3o e a microchipagem [&hellip;]<\/p>\n","protected":false},"author":124,"featured_media":384490,"comment_status":"closed","ping_status":"closed","sticky":false,"template":"","format":"standard","meta":{"footnotes":""},"categories":[2],"tags":[1663,3356,5733],"ods":[],"class_list":["post-384486","post","type-post","status-publish","format-standard","has-post-thumbnail","hentry","category-noticias","tag-bem-estar-animal","tag-debea","tag-departamento-de-bem-estar-animal-debea"],"_links":{"self":[{"href":"https:\/\/jundiai.sp.gov.br\/noticias\/wp-json\/wp\/v2\/posts\/384486","targetHints":{"allow":["GET"]}}],"collection":[{"href":"https:\/\/jundiai.sp.gov.br\/noticias\/wp-json\/wp\/v2\/posts"}],"about":[{"href":"https:\/\/jundiai.sp.gov.br\/noticias\/wp-json\/wp\/v2\/types\/post"}],"author":[{"embeddable":true,"href":"https:\/\/jundiai.sp.gov.br\/noticias\/wp-json\/wp\/v2\/users\/124"}],"replies":[{"embeddable":true,"href":"https:\/\/jundiai.sp.gov.br\/noticias\/wp-json\/wp\/v2\/comments?post=384486"}],"version-history":[{"count":5,"href":"https:\/\/jundiai.sp.gov.br\/noticias\/wp-json\/wp\/v2\/posts\/384486\/revisions"}],"predecessor-version":[{"id":384824,"href":"https:\/\/jundiai.sp.gov.br\/noticias\/wp-json\/wp\/v2\/posts\/384486\/revisions\/384824"}],"wp:featuredmedia":[{"embeddable":true,"href":"https:\/\/jundiai.sp.gov.br\/noticias\/wp-json\/wp\/v2\/media\/384490"}],"wp:attachment":[{"href":"https:\/\/jundiai.sp.gov.br\/noticias\/wp-json\/wp\/v2\/media?parent=384486"}],"wp:term":[{"taxonomy":"category","embeddable":true,"href":"https:\/\/jundiai.sp.gov.br\/noticias\/wp-json\/wp\/v2\/categories?post=384486"},{"taxonomy":"post_tag","embeddable":true,"href":"https:\/\/jundiai.sp.gov.br\/noticias\/wp-json\/wp\/v2\/tags?post=384486"},{"taxonomy":"ods","embeddable":true,"href":"https:\/\/jundiai.sp.gov.br\/noticias\/wp-json\/wp\/v2\/ods?post=384486"}],"curies":[{"name":"wp","href":"https:\/\/api.w.org\/{rel}","templated":true}]}}