{"id":384577,"date":"2026-09-02T09:00:00","date_gmt":"2026-09-02T12:00:00","guid":{"rendered":"https:\/\/jundiai.sp.gov.br\/noticias\/?p=384577"},"modified":"2026-09-01T15:41:46","modified_gmt":"2026-09-01T18:41:46","slug":"prefeitura-fortalece-a-politica-habitacional-e-amplia-acoes-para-garantir-moradia-digna-em-jundiai","status":"publish","type":"post","link":"https:\/\/jundiai.sp.gov.br\/noticias\/2026\/09\/02\/prefeitura-fortalece-a-politica-habitacional-e-amplia-acoes-para-garantir-moradia-digna-em-jundiai\/","title":{"rendered":"Prefeitura fortalece a pol\u00edtica habitacional e amplia a\u00e7\u00f5es para garantir moradia digna em Jundia\u00ed"},"content":{"rendered":"\n<p>A pol\u00edtica habitacional de Jundia\u00ed voltou a ganhar ritmo com novos investimentos e projetos voltados \u00e0 amplia\u00e7\u00e3o da oferta de moradias populares. O munic\u00edpio retomou o planejamento do setor e desenvolve a\u00e7\u00f5es para atender fam\u00edlias que aguardam a oportunidade de conquistar a casa pr\u00f3pria.<\/p>\n\n\n\n<p>Entre os principais projetos est\u00e1 a constru\u00e7\u00e3o de 132 moradias nos residenciais Cravos 3 e 4, no bairro Fazenda Grande. Outro importante avan\u00e7o \u00e9 a parceria p\u00fablico-privada que prev\u00ea a constru\u00e7\u00e3o de 1.624 apartamentos destinados, principalmente, \u00e0s fam\u00edlias atendidas pelo aux\u00edlio moradia e inscritas nos programas habitacionais do munic\u00edpio.<\/p>\n\n\n\n<p>Em paralelo, a Prefeitura mant\u00e9m, em parceria com a Companhia de Desenvolvimento Habitacional e Urbano (CDHU), uma carteira de empreendimentos previstos para as regi\u00f5es do Jardim Sorocabana, Jardim S\u00e3o Camilo, Jardim Tamoio e Bairro do Poste. Os projetos seguem em diferentes etapas de desenvolvimento, refor\u00e7ando o planejamento da administra\u00e7\u00e3o para ampliar a oferta de moradias populares no munic\u00edpio.<\/p>\n\n\n\n<figure class=\"wp-block-gallery has-nested-images columns-default is-cropped wp-block-gallery-1 is-layout-flex wp-block-gallery-is-layout-flex\">\n<figure class=\"wp-block-image size-large\"><img loading=\"lazy\" decoding=\"async\" width=\"1280\" height=\"854\" data-id=\"384579\" src=\"https:\/\/jundiai.sp.gov.br\/noticias\/wp-content\/uploads\/sites\/32\/2026\/07\/residencial_dos_cravos_d-43-1280x854.jpg\" alt=\"\" class=\"wp-image-384579\" srcset=\"https:\/\/jundiai.sp.gov.br\/noticias\/wp-content\/uploads\/sites\/32\/2026\/07\/residencial_dos_cravos_d-43-1280x854.jpg 1280w, https:\/\/jundiai.sp.gov.br\/noticias\/wp-content\/uploads\/sites\/32\/2026\/07\/residencial_dos_cravos_d-43-300x200.jpg 300w, https:\/\/jundiai.sp.gov.br\/noticias\/wp-content\/uploads\/sites\/32\/2026\/07\/residencial_dos_cravos_d-43-768x512.jpg 768w, https:\/\/jundiai.sp.gov.br\/noticias\/wp-content\/uploads\/sites\/32\/2026\/07\/residencial_dos_cravos_d-43-1536x1024.jpg 1536w, https:\/\/jundiai.sp.gov.br\/noticias\/wp-content\/uploads\/sites\/32\/2026\/07\/residencial_dos_cravos_d-43-450x300.jpg 450w, https:\/\/jundiai.sp.gov.br\/noticias\/wp-content\/uploads\/sites\/32\/2026\/07\/residencial_dos_cravos_d-43.jpg 1900w\" sizes=\"auto, (max-width: 1280px) 100vw, 1280px\" \/><\/figure>\n\n\n\n<figure class=\"wp-block-image size-large\"><img loading=\"lazy\" decoding=\"async\" width=\"1280\" height=\"854\" data-id=\"384578\" src=\"https:\/\/jundiai.sp.gov.br\/noticias\/wp-content\/uploads\/sites\/32\/2026\/07\/residencial_dos_cravos_d-45-1280x854.jpg\" alt=\"\" class=\"wp-image-384578\" srcset=\"https:\/\/jundiai.sp.gov.br\/noticias\/wp-content\/uploads\/sites\/32\/2026\/07\/residencial_dos_cravos_d-45-1280x854.jpg 1280w, https:\/\/jundiai.sp.gov.br\/noticias\/wp-content\/uploads\/sites\/32\/2026\/07\/residencial_dos_cravos_d-45-300x200.jpg 300w, https:\/\/jundiai.sp.gov.br\/noticias\/wp-content\/uploads\/sites\/32\/2026\/07\/residencial_dos_cravos_d-45-768x512.jpg 768w, https:\/\/jundiai.sp.gov.br\/noticias\/wp-content\/uploads\/sites\/32\/2026\/07\/residencial_dos_cravos_d-45-1536x1024.jpg 1536w, https:\/\/jundiai.sp.gov.br\/noticias\/wp-content\/uploads\/sites\/32\/2026\/07\/residencial_dos_cravos_d-45-450x300.jpg 450w, https:\/\/jundiai.sp.gov.br\/noticias\/wp-content\/uploads\/sites\/32\/2026\/07\/residencial_dos_cravos_d-45.jpg 1900w\" sizes=\"auto, (max-width: 1280px) 100vw, 1280px\" \/><\/figure>\n<figcaption class=\"blocks-gallery-caption wp-element-caption\">Andamento das Obras &#8211; Residencial Cravos <\/figcaption><\/figure>\n\n\n\n<p>&#8220;Sabemos que a demanda por moradia \u00e9 um dos grandes desafios da cidade e, por isso, estamos trabalhando de forma permanente para construir solu\u00e7\u00f5es. Nosso papel \u00e9 elaborar projetos consistentes, buscar recursos e manter di\u00e1logo constante com os governos estadual e federal para ampliar as oportunidades de atendimento \u00e0s fam\u00edlias vulner\u00e1veis de Jundia\u00ed&#8221;, afirma o prefeito Gustavo Martinelli.<\/p>\n\n\n\n<figure class=\"wp-block-image size-large\"><img loading=\"lazy\" decoding=\"async\" width=\"1280\" height=\"854\" src=\"https:\/\/jundiai.sp.gov.br\/noticias\/wp-content\/uploads\/sites\/32\/2026\/09\/visita_residencial_dos_cravos_acompanhamento-14-1280x854.jpg\" alt=\"\" class=\"wp-image-384834\" srcset=\"https:\/\/jundiai.sp.gov.br\/noticias\/wp-content\/uploads\/sites\/32\/2026\/09\/visita_residencial_dos_cravos_acompanhamento-14-1280x854.jpg 1280w, https:\/\/jundiai.sp.gov.br\/noticias\/wp-content\/uploads\/sites\/32\/2026\/09\/visita_residencial_dos_cravos_acompanhamento-14-300x200.jpg 300w, https:\/\/jundiai.sp.gov.br\/noticias\/wp-content\/uploads\/sites\/32\/2026\/09\/visita_residencial_dos_cravos_acompanhamento-14-768x512.jpg 768w, https:\/\/jundiai.sp.gov.br\/noticias\/wp-content\/uploads\/sites\/32\/2026\/09\/visita_residencial_dos_cravos_acompanhamento-14-1536x1024.jpg 1536w, https:\/\/jundiai.sp.gov.br\/noticias\/wp-content\/uploads\/sites\/32\/2026\/09\/visita_residencial_dos_cravos_acompanhamento-14-450x300.jpg 450w, https:\/\/jundiai.sp.gov.br\/noticias\/wp-content\/uploads\/sites\/32\/2026\/09\/visita_residencial_dos_cravos_acompanhamento-14.jpg 1900w\" sizes=\"auto, (max-width: 1280px) 100vw, 1280px\" \/><\/figure>\n\n\n\n<p>A secret\u00e1ria municipal de Habita\u00e7\u00e3o Social, Kelly Galbieri, ressalta que os empreendimentos desenvolvidos em parceria com a CDHU ainda se encontram em diferentes etapas de tramita\u00e7\u00e3o. &#8220;Estamos trabalhando para que esses projetos avancem o mais rapidamente poss\u00edvel. Cada empreendimento passa por etapas t\u00e9cnicas e legais indispens\u00e1veis para garantir seguran\u00e7a e viabilidade. Por isso, neste momento, ainda n\u00e3o h\u00e1 inscri\u00e7\u00f5es abertas nem previs\u00e3o oficial para cadastramento de interessados. Assim que essas etapas forem conclu\u00eddas e houver autoriza\u00e7\u00e3o para abertura das inscri\u00e7\u00f5es, a popula\u00e7\u00e3o ser\u00e1 informada pelos canais oficiais da Prefeitura.&#8221;<\/p>\n\n\n\n<p>A pol\u00edtica habitacional de Jundia\u00ed segue sendo constru\u00edda em diferentes frentes, desde a elabora\u00e7\u00e3o de novos projetos at\u00e9 a busca por recursos e parcerias. Com planejamento e responsabilidade, a Prefeitura trabalha para ampliar as oportunidades de acesso \u00e0 moradia digna e atender, de forma gradual, \u00e0 demanda habitacional do munic\u00edpio.<\/p>\n\n\n\n<p><strong>Assessoria de Imprensa <br>Fotos: Fot\u00f3grafos PMJ<\/strong><\/p>\n","protected":false},"excerpt":{"rendered":"<p>A pol\u00edtica habitacional de Jundia\u00ed voltou a ganhar ritmo com novos investimentos e projetos voltados \u00e0 amplia\u00e7\u00e3o da oferta de moradias populares. O munic\u00edpio retomou o planejamento do setor e desenvolve a\u00e7\u00f5es para atender fam\u00edlias que aguardam a oportunidade de conquistar a casa pr\u00f3pria. Entre os principais projetos est\u00e1 a constru\u00e7\u00e3o de 132 moradias nos [&hellip;]<\/p>\n","protected":false},"author":69,"featured_media":384834,"comment_status":"closed","ping_status":"closed","sticky":false,"template":"","format":"standard","meta":{"footnotes":""},"categories":[4620,2],"tags":[6885,3218,490,4821,4873,6886,6085,5539],"ods":[],"class_list":["post-384577","post","type-post","status-publish","format-standard","has-post-thumbnail","hentry","category-destaques","category-noticias","tag-auxilio-moradia","tag-cdhu","tag-habitacao","tag-habitacao-popular","tag-moradia-popular","tag-politica-habitacional","tag-residencial-cravos","tag-secretaria-de-habitacao-social"],"_links":{"self":[{"href":"https:\/\/jundiai.sp.gov.br\/noticias\/wp-json\/wp\/v2\/posts\/384577","targetHints":{"allow":["GET"]}}],"collection":[{"href":"https:\/\/jundiai.sp.gov.br\/noticias\/wp-json\/wp\/v2\/posts"}],"about":[{"href":"https:\/\/jundiai.sp.gov.br\/noticias\/wp-json\/wp\/v2\/types\/post"}],"author":[{"embeddable":true,"href":"https:\/\/jundiai.sp.gov.br\/noticias\/wp-json\/wp\/v2\/users\/69"}],"replies":[{"embeddable":true,"href":"https:\/\/jundiai.sp.gov.br\/noticias\/wp-json\/wp\/v2\/comments?post=384577"}],"version-history":[{"count":3,"href":"https:\/\/jundiai.sp.gov.br\/noticias\/wp-json\/wp\/v2\/posts\/384577\/revisions"}],"predecessor-version":[{"id":384835,"href":"https:\/\/jundiai.sp.gov.br\/noticias\/wp-json\/wp\/v2\/posts\/384577\/revisions\/384835"}],"wp:featuredmedia":[{"embeddable":true,"href":"https:\/\/jundiai.sp.gov.br\/noticias\/wp-json\/wp\/v2\/media\/384834"}],"wp:attachment":[{"href":"https:\/\/jundiai.sp.gov.br\/noticias\/wp-json\/wp\/v2\/media?parent=384577"}],"wp:term":[{"taxonomy":"category","embeddable":true,"href":"https:\/\/jundiai.sp.gov.br\/noticias\/wp-json\/wp\/v2\/categories?post=384577"},{"taxonomy":"post_tag","embeddable":true,"href":"https:\/\/jundiai.sp.gov.br\/noticias\/wp-json\/wp\/v2\/tags?post=384577"},{"taxonomy":"ods","embeddable":true,"href":"https:\/\/jundiai.sp.gov.br\/noticias\/wp-json\/wp\/v2\/ods?post=384577"}],"curies":[{"name":"wp","href":"https:\/\/api.w.org\/{rel}","templated":true}]}}