{"id":385140,"date":"2026-08-31T08:46:00","date_gmt":"2026-08-31T11:46:00","guid":{"rendered":"https:\/\/jundiai.sp.gov.br\/noticias\/?p=385140"},"modified":"2026-08-28T17:28:22","modified_gmt":"2026-08-28T20:28:22","slug":"programas-fortalecem-produtores-rurais-abastecimento-e-empreendedorismo-no-campo","status":"publish","type":"post","link":"https:\/\/jundiai.sp.gov.br\/noticias\/2026\/08\/31\/programas-fortalecem-produtores-rurais-abastecimento-e-empreendedorismo-no-campo\/","title":{"rendered":"Programas fortalecem produtores rurais, abastecimento e empreendedorismo no campo"},"content":{"rendered":"\n<p>Al\u00e9m dos eventos que aproximam produtores e consumidores, Jundia\u00ed desenvolve uma pol\u00edtica p\u00fablica permanente voltada ao fortalecimento do agroneg\u00f3cio, do abastecimento, da agricultura familiar e do desenvolvimento sustent\u00e1vel do territ\u00f3rio rural. Por meio da Secretaria de Agroneg\u00f3cio, Abastecimento e Turismo, o munic\u00edpio atua em diferentes frentes para apoiar quem produz, ampliar oportunidades de comercializa\u00e7\u00e3o, incentivar a inova\u00e7\u00e3o no campo e aproximar a popula\u00e7\u00e3o dos produtos locais.<\/p>\n\n\n\n<p>As iniciativas integram uma estrat\u00e9gia que conecta produ\u00e7\u00e3o rural, economia, turismo e seguran\u00e7a alimentar. Programas como Sabores da Gente, Sexta no Centro e no Pa\u00e7o, Cerveja na Bar\u00e3o e Festival de Inverno funcionam como ferramentas de valoriza\u00e7\u00e3o da produ\u00e7\u00e3o local, criando canais para que agricultores, artes\u00e3os e empreendedores possam apresentar seus produtos, ampliar mercados e fortalecer a economia criativa do munic\u00edpio.<\/p>\n\n\n\n<figure class=\"wp-block-gallery has-nested-images columns-default is-cropped wp-block-gallery-1 is-layout-flex wp-block-gallery-is-layout-flex\">\n<figure class=\"wp-block-image size-large\"><img loading=\"lazy\" decoding=\"async\" width=\"1280\" height=\"853\" data-id=\"385441\" src=\"https:\/\/jundiai.sp.gov.br\/noticias\/wp-content\/uploads\/sites\/32\/2026\/08\/sabores_da_gente_3a_edicao_espaco_expressa_rw-61-1280x853.jpg\" alt=\"\" class=\"wp-image-385441\" srcset=\"https:\/\/jundiai.sp.gov.br\/noticias\/wp-content\/uploads\/sites\/32\/2026\/08\/sabores_da_gente_3a_edicao_espaco_expressa_rw-61-1280x853.jpg 1280w, https:\/\/jundiai.sp.gov.br\/noticias\/wp-content\/uploads\/sites\/32\/2026\/08\/sabores_da_gente_3a_edicao_espaco_expressa_rw-61-300x200.jpg 300w, https:\/\/jundiai.sp.gov.br\/noticias\/wp-content\/uploads\/sites\/32\/2026\/08\/sabores_da_gente_3a_edicao_espaco_expressa_rw-61-768x512.jpg 768w, https:\/\/jundiai.sp.gov.br\/noticias\/wp-content\/uploads\/sites\/32\/2026\/08\/sabores_da_gente_3a_edicao_espaco_expressa_rw-61-1536x1024.jpg 1536w, https:\/\/jundiai.sp.gov.br\/noticias\/wp-content\/uploads\/sites\/32\/2026\/08\/sabores_da_gente_3a_edicao_espaco_expressa_rw-61-450x300.jpg 450w, https:\/\/jundiai.sp.gov.br\/noticias\/wp-content\/uploads\/sites\/32\/2026\/08\/sabores_da_gente_3a_edicao_espaco_expressa_rw-61.jpg 1800w\" sizes=\"auto, (max-width: 1280px) 100vw, 1280px\" \/><\/figure>\n\n\n\n<figure class=\"wp-block-image size-large\"><img loading=\"lazy\" decoding=\"async\" width=\"1280\" height=\"854\" data-id=\"385440\" src=\"https:\/\/jundiai.sp.gov.br\/noticias\/wp-content\/uploads\/sites\/32\/2026\/08\/2_edicao_sabores_da_gente_v-76-1280x854.jpg\" alt=\"\" class=\"wp-image-385440\" srcset=\"https:\/\/jundiai.sp.gov.br\/noticias\/wp-content\/uploads\/sites\/32\/2026\/08\/2_edicao_sabores_da_gente_v-76-1280x854.jpg 1280w, https:\/\/jundiai.sp.gov.br\/noticias\/wp-content\/uploads\/sites\/32\/2026\/08\/2_edicao_sabores_da_gente_v-76-300x200.jpg 300w, https:\/\/jundiai.sp.gov.br\/noticias\/wp-content\/uploads\/sites\/32\/2026\/08\/2_edicao_sabores_da_gente_v-76-768x512.jpg 768w, https:\/\/jundiai.sp.gov.br\/noticias\/wp-content\/uploads\/sites\/32\/2026\/08\/2_edicao_sabores_da_gente_v-76-1536x1024.jpg 1536w, https:\/\/jundiai.sp.gov.br\/noticias\/wp-content\/uploads\/sites\/32\/2026\/08\/2_edicao_sabores_da_gente_v-76-450x300.jpg 450w, https:\/\/jundiai.sp.gov.br\/noticias\/wp-content\/uploads\/sites\/32\/2026\/08\/2_edicao_sabores_da_gente_v-76.jpg 1900w\" sizes=\"auto, (max-width: 1280px) 100vw, 1280px\" \/><\/figure>\n<\/figure>\n\n\n\n<p>Da mesma forma, os Varej\u00f5es Noturnos e as Feiras do Produtor Rural cumprem um papel fundamental na pol\u00edtica de abastecimento, garantindo espa\u00e7os de comercializa\u00e7\u00e3o direta, incentivando a agricultura familiar e facilitando o acesso da popula\u00e7\u00e3o a alimentos frescos e de qualidade. J\u00e1 o programa Jundia\u00ed Feito \u00e0 M\u00e3o amplia essa rede ao fortalecer o artesanato como atividade econ\u00f4mica, cultural e tur\u00edstica, contribuindo para a gera\u00e7\u00e3o de renda e para a valoriza\u00e7\u00e3o da identidade local.<\/p>\n\n\n\n<p>A atua\u00e7\u00e3o da Prefeitura tamb\u00e9m envolve a\u00e7\u00f5es estruturantes de apoio ao produtor rural, com capacita\u00e7\u00f5es, palestras t\u00e9cnicas, encontros, orienta\u00e7\u00e3o e est\u00edmulo \u00e0 ado\u00e7\u00e3o de novas pr\u00e1ticas no campo. Durante a Semana do Agricultor, por exemplo, foram promovidas atividades sobre seguran\u00e7a rural, inova\u00e7\u00e3o, turismo no campo, acesso a pol\u00edticas p\u00fablicas e troca de experi\u00eancias, fortalecendo a prepara\u00e7\u00e3o dos produtores para os desafios atuais e futuros da atividade agr\u00edcola.<\/p>\n\n\n\n<figure class=\"wp-block-gallery has-nested-images columns-default is-cropped wp-block-gallery-2 is-layout-flex wp-block-gallery-is-layout-flex\">\n<figure class=\"wp-block-image size-large\"><img loading=\"lazy\" decoding=\"async\" width=\"1280\" height=\"853\" data-id=\"385141\" src=\"https:\/\/jundiai.sp.gov.br\/noticias\/wp-content\/uploads\/sites\/32\/2026\/08\/sexta_no_paco-2-1280x853.jpg\" alt=\"\" class=\"wp-image-385141\" srcset=\"https:\/\/jundiai.sp.gov.br\/noticias\/wp-content\/uploads\/sites\/32\/2026\/08\/sexta_no_paco-2-1280x853.jpg 1280w, https:\/\/jundiai.sp.gov.br\/noticias\/wp-content\/uploads\/sites\/32\/2026\/08\/sexta_no_paco-2-300x200.jpg 300w, https:\/\/jundiai.sp.gov.br\/noticias\/wp-content\/uploads\/sites\/32\/2026\/08\/sexta_no_paco-2-768x512.jpg 768w, https:\/\/jundiai.sp.gov.br\/noticias\/wp-content\/uploads\/sites\/32\/2026\/08\/sexta_no_paco-2-1536x1023.jpg 1536w, https:\/\/jundiai.sp.gov.br\/noticias\/wp-content\/uploads\/sites\/32\/2026\/08\/sexta_no_paco-2-450x300.jpg 450w, https:\/\/jundiai.sp.gov.br\/noticias\/wp-content\/uploads\/sites\/32\/2026\/08\/sexta_no_paco-2.jpg 1900w\" sizes=\"auto, (max-width: 1280px) 100vw, 1280px\" \/><figcaption class=\"wp-element-caption\">Sexta no Pa\u00e7o <\/figcaption><\/figure>\n\n\n\n<figure class=\"wp-block-image size-large\"><img loading=\"lazy\" decoding=\"async\" width=\"1280\" height=\"853\" data-id=\"385144\" src=\"https:\/\/jundiai.sp.gov.br\/noticias\/wp-content\/uploads\/sites\/32\/2026\/08\/jundiai_feito_a_mao_no_centro_rw-45-1280x853.jpg\" alt=\"\" class=\"wp-image-385144\" srcset=\"https:\/\/jundiai.sp.gov.br\/noticias\/wp-content\/uploads\/sites\/32\/2026\/08\/jundiai_feito_a_mao_no_centro_rw-45-1280x853.jpg 1280w, https:\/\/jundiai.sp.gov.br\/noticias\/wp-content\/uploads\/sites\/32\/2026\/08\/jundiai_feito_a_mao_no_centro_rw-45-300x200.jpg 300w, https:\/\/jundiai.sp.gov.br\/noticias\/wp-content\/uploads\/sites\/32\/2026\/08\/jundiai_feito_a_mao_no_centro_rw-45-768x512.jpg 768w, https:\/\/jundiai.sp.gov.br\/noticias\/wp-content\/uploads\/sites\/32\/2026\/08\/jundiai_feito_a_mao_no_centro_rw-45-1536x1024.jpg 1536w, https:\/\/jundiai.sp.gov.br\/noticias\/wp-content\/uploads\/sites\/32\/2026\/08\/jundiai_feito_a_mao_no_centro_rw-45-450x300.jpg 450w, https:\/\/jundiai.sp.gov.br\/noticias\/wp-content\/uploads\/sites\/32\/2026\/08\/jundiai_feito_a_mao_no_centro_rw-45.jpg 1800w\" sizes=\"auto, (max-width: 1280px) 100vw, 1280px\" \/><figcaption class=\"wp-element-caption\">Jundia\u00ed Feito \u00e0 m\u00e3o <\/figcaption><\/figure>\n\n\n\n<figure class=\"wp-block-image size-full\"><img loading=\"lazy\" decoding=\"async\" width=\"1280\" height=\"854\" data-id=\"385442\" src=\"https:\/\/jundiai.sp.gov.br\/noticias\/wp-content\/uploads\/sites\/32\/2026\/08\/varejao_noturno_complexo_argos_pa-26-1280x854-1.jpg\" alt=\"\" class=\"wp-image-385442\" srcset=\"https:\/\/jundiai.sp.gov.br\/noticias\/wp-content\/uploads\/sites\/32\/2026\/08\/varejao_noturno_complexo_argos_pa-26-1280x854-1.jpg 1280w, https:\/\/jundiai.sp.gov.br\/noticias\/wp-content\/uploads\/sites\/32\/2026\/08\/varejao_noturno_complexo_argos_pa-26-1280x854-1-300x200.jpg 300w, https:\/\/jundiai.sp.gov.br\/noticias\/wp-content\/uploads\/sites\/32\/2026\/08\/varejao_noturno_complexo_argos_pa-26-1280x854-1-768x512.jpg 768w, https:\/\/jundiai.sp.gov.br\/noticias\/wp-content\/uploads\/sites\/32\/2026\/08\/varejao_noturno_complexo_argos_pa-26-1280x854-1-450x300.jpg 450w\" sizes=\"auto, (max-width: 1280px) 100vw, 1280px\" \/><figcaption class=\"wp-element-caption\">Varej\u00e3o Noturno<\/figcaption><\/figure>\n<\/figure>\n\n\n\n<p>Reconhecida como a Terra da Uva, Jundia\u00ed possui mais de 190 quil\u00f4metros quadrados de \u00e1rea cultivada e cerca de mil propriedades rurais ativas. Esse territ\u00f3rio representa n\u00e3o apenas uma importante voca\u00e7\u00e3o econ\u00f4mica, mas tamb\u00e9m um patrim\u00f4nio ambiental, cultural e hist\u00f3rico, respons\u00e1vel pela produ\u00e7\u00e3o de alimentos, preserva\u00e7\u00e3o das \u00e1reas verdes, gera\u00e7\u00e3o de empregos e manuten\u00e7\u00e3o das tradi\u00e7\u00f5es que fazem parte da identidade do munic\u00edpio.<\/p>\n\n\n\n<p><strong>Assessoria de Imprensa <br>Fotos: Fot\u00f3grafos PMJ<\/strong><\/p>\n","protected":false},"excerpt":{"rendered":"<p>Al\u00e9m dos eventos que aproximam produtores e consumidores, Jundia\u00ed desenvolve uma pol\u00edtica p\u00fablica permanente voltada ao fortalecimento do agroneg\u00f3cio, do abastecimento, da agricultura familiar e do desenvolvimento sustent\u00e1vel do territ\u00f3rio rural. Por meio da Secretaria de Agroneg\u00f3cio, Abastecimento e Turismo, o munic\u00edpio atua em diferentes frentes para apoiar quem produz, ampliar oportunidades de comercializa\u00e7\u00e3o, incentivar [&hellip;]<\/p>\n","protected":false},"author":69,"featured_media":385441,"comment_status":"closed","ping_status":"closed","sticky":false,"template":"","format":"standard","meta":{"footnotes":""},"categories":[4620,2],"tags":[6343,6785,293,5161,5577,294,5774],"ods":[],"class_list":["post-385140","post","type-post","status-publish","format-standard","has-post-thumbnail","hentry","category-destaques","category-noticias","tag-cerveja-na-barao","tag-festival-de-inverno","tag-jundiai-feito-a-mao","tag-sabores-da-gente","tag-secretaria-de-agronegocio-abastecimento-e-turismo","tag-sexta-no-centro","tag-sexta-no-paco"],"_links":{"self":[{"href":"https:\/\/jundiai.sp.gov.br\/noticias\/wp-json\/wp\/v2\/posts\/385140","targetHints":{"allow":["GET"]}}],"collection":[{"href":"https:\/\/jundiai.sp.gov.br\/noticias\/wp-json\/wp\/v2\/posts"}],"about":[{"href":"https:\/\/jundiai.sp.gov.br\/noticias\/wp-json\/wp\/v2\/types\/post"}],"author":[{"embeddable":true,"href":"https:\/\/jundiai.sp.gov.br\/noticias\/wp-json\/wp\/v2\/users\/69"}],"replies":[{"embeddable":true,"href":"https:\/\/jundiai.sp.gov.br\/noticias\/wp-json\/wp\/v2\/comments?post=385140"}],"version-history":[{"count":2,"href":"https:\/\/jundiai.sp.gov.br\/noticias\/wp-json\/wp\/v2\/posts\/385140\/revisions"}],"predecessor-version":[{"id":385443,"href":"https:\/\/jundiai.sp.gov.br\/noticias\/wp-json\/wp\/v2\/posts\/385140\/revisions\/385443"}],"wp:featuredmedia":[{"embeddable":true,"href":"https:\/\/jundiai.sp.gov.br\/noticias\/wp-json\/wp\/v2\/media\/385441"}],"wp:attachment":[{"href":"https:\/\/jundiai.sp.gov.br\/noticias\/wp-json\/wp\/v2\/media?parent=385140"}],"wp:term":[{"taxonomy":"category","embeddable":true,"href":"https:\/\/jundiai.sp.gov.br\/noticias\/wp-json\/wp\/v2\/categories?post=385140"},{"taxonomy":"post_tag","embeddable":true,"href":"https:\/\/jundiai.sp.gov.br\/noticias\/wp-json\/wp\/v2\/tags?post=385140"},{"taxonomy":"ods","embeddable":true,"href":"https:\/\/jundiai.sp.gov.br\/noticias\/wp-json\/wp\/v2\/ods?post=385140"}],"curies":[{"name":"wp","href":"https:\/\/api.w.org\/{rel}","templated":true}]}}