{"id":386099,"date":"2026-08-31T07:44:00","date_gmt":"2026-08-31T10:44:00","guid":{"rendered":"https:\/\/jundiai.sp.gov.br\/noticias\/?p=386099"},"modified":"2026-08-24T12:27:08","modified_gmt":"2026-08-24T15:27:08","slug":"com-obras-retomadas-e-novos-investimentos-prefeitura-de-jundiai-acelera-entregas-para-a-populacao","status":"publish","type":"post","link":"https:\/\/jundiai.sp.gov.br\/noticias\/2026\/08\/31\/com-obras-retomadas-e-novos-investimentos-prefeitura-de-jundiai-acelera-entregas-para-a-populacao\/","title":{"rendered":"Com obras retomadas e novos investimentos, Prefeitura de Jundia\u00ed acelera entregas para a popula\u00e7\u00e3o"},"content":{"rendered":"\n<p>Transformar estruturas inacabadas em equipamentos p\u00fablicos a servi\u00e7o da popula\u00e7\u00e3o e ampliar os investimentos em diferentes regi\u00f5es da cidade. No in\u00edcio de 2025, Jundia\u00ed contava com quatro obras p\u00fablicas em andamento. Desde ent\u00e3o, o Munic\u00edpio vem trabalhando para ampliar esse cen\u00e1rio, com a retomada e o avan\u00e7o de projetos, novas licita\u00e7\u00f5es e investimentos em \u00e1reas estrat\u00e9gicas. Hoje, a cidade conta com 34 grandes entregas e frentes de trabalho em andamento: s\u00e3o 6 obras na Sa\u00fade, 3 em Mobilidade e Transpores, 3 no Planejamento Urbano e Meio Ambiente, 2 no Esporte, 2 na Habita\u00e7\u00e3o, 1 na Educa\u00e7\u00e3o, 1 na Assist\u00eancia Social e 1 na Agricultura, Abastecimento e Turismo, al\u00e9m da instala\u00e7\u00e3o das 15 torres de seguran\u00e7a do Projeto Sentinela abrangendo 15 bairros do munic\u00edpio.\u00a0<\/p>\n\n\n\n<p>\u201cNosso compromisso \u00e9 fazer com que os investimentos se transformem em benef\u00edcios concretos para a popula\u00e7\u00e3o. Temos trabalhado para dar andamento \u00e0s obras, superar os desafios de cada projeto e garantir a correta aplica\u00e7\u00e3o dos recursos p\u00fablicos. Ao mesmo tempo, seguimos planejando novos investimentos em \u00e1reas essenciais, como sa\u00fade, educa\u00e7\u00e3o, esporte e assist\u00eancia social, pensando nas necessidades de hoje e no futuro da cidade\u201d, afirma o prefeito Gustavo Martinelli.<\/p>\n\n\n\n<figure class=\"wp-block-gallery has-nested-images columns-default is-cropped wp-block-gallery-1 is-layout-flex wp-block-gallery-is-layout-flex\">\n<figure class=\"wp-block-image size-large\"><img loading=\"lazy\" decoding=\"async\" width=\"1267\" height=\"845\" data-id=\"386229\" src=\"https:\/\/jundiai.sp.gov.br\/noticias\/wp-content\/uploads\/sites\/32\/2026\/08\/drone_ubs_vila_maringa_acompanhamento-1-edited-2.jpg\" alt=\"\" class=\"wp-image-386229\" srcset=\"https:\/\/jundiai.sp.gov.br\/noticias\/wp-content\/uploads\/sites\/32\/2026\/08\/drone_ubs_vila_maringa_acompanhamento-1-edited-2.jpg 1267w, https:\/\/jundiai.sp.gov.br\/noticias\/wp-content\/uploads\/sites\/32\/2026\/08\/drone_ubs_vila_maringa_acompanhamento-1-edited-2-300x200.jpg 300w, https:\/\/jundiai.sp.gov.br\/noticias\/wp-content\/uploads\/sites\/32\/2026\/08\/drone_ubs_vila_maringa_acompanhamento-1-edited-2-768x512.jpg 768w, https:\/\/jundiai.sp.gov.br\/noticias\/wp-content\/uploads\/sites\/32\/2026\/08\/drone_ubs_vila_maringa_acompanhamento-1-edited-2-450x300.jpg 450w\" sizes=\"auto, (max-width: 1267px) 100vw, 1267px\" \/><figcaption class=\"wp-element-caption\">UBS Maring\u00e1 em obras<\/figcaption><\/figure>\n\n\n\n<figure class=\"wp-block-image size-large\"><img loading=\"lazy\" decoding=\"async\" width=\"1280\" height=\"854\" data-id=\"386230\" src=\"https:\/\/jundiai.sp.gov.br\/noticias\/wp-content\/uploads\/sites\/32\/2026\/08\/obra_emeb_helena_galimberd_cidade_nova_d-19-1-1280x854.jpg\" alt=\"\" class=\"wp-image-386230\" srcset=\"https:\/\/jundiai.sp.gov.br\/noticias\/wp-content\/uploads\/sites\/32\/2026\/08\/obra_emeb_helena_galimberd_cidade_nova_d-19-1-1280x854.jpg 1280w, https:\/\/jundiai.sp.gov.br\/noticias\/wp-content\/uploads\/sites\/32\/2026\/08\/obra_emeb_helena_galimberd_cidade_nova_d-19-1-300x200.jpg 300w, https:\/\/jundiai.sp.gov.br\/noticias\/wp-content\/uploads\/sites\/32\/2026\/08\/obra_emeb_helena_galimberd_cidade_nova_d-19-1-768x512.jpg 768w, https:\/\/jundiai.sp.gov.br\/noticias\/wp-content\/uploads\/sites\/32\/2026\/08\/obra_emeb_helena_galimberd_cidade_nova_d-19-1-1536x1024.jpg 1536w, https:\/\/jundiai.sp.gov.br\/noticias\/wp-content\/uploads\/sites\/32\/2026\/08\/obra_emeb_helena_galimberd_cidade_nova_d-19-1-450x300.jpg 450w, https:\/\/jundiai.sp.gov.br\/noticias\/wp-content\/uploads\/sites\/32\/2026\/08\/obra_emeb_helena_galimberd_cidade_nova_d-19-1.jpg 1900w\" sizes=\"auto, (max-width: 1280px) 100vw, 1280px\" \/><figcaption class=\"wp-element-caption\">Prefeito Gustavo Martinelli acompanha avan\u00e7o das obras <\/figcaption><\/figure>\n<\/figure>\n\n\n\n<p>Retomar uma obra p\u00fablica vai muito al\u00e9m de reabrir um canteiro. Antes que os servi\u00e7os possam ser reiniciados, \u00e9 necess\u00e1rio analisar a situa\u00e7\u00e3o contratual, verificar o est\u00e1gio da execu\u00e7\u00e3o, realizar levantamentos t\u00e9cnicos e jur\u00eddicos e definir qual ser\u00e1 o caminho para a continuidade dos trabalhos. <\/p>\n\n\n\n<p>Dependendo de cada empreendimento, pode ser preciso concluir processos administrativos, rescindir contratos com empresas que abandonaram a obra e realizar uma nova licita\u00e7\u00e3o para contratar outra respons\u00e1vel pela execu\u00e7\u00e3o.<\/p>\n\n\n\n<p>Todo esse processo exige o cumprimento de etapas previstas na legisla\u00e7\u00e3o, garantindo seguran\u00e7a jur\u00eddica, transpar\u00eancia e a correta aplica\u00e7\u00e3o dos recursos p\u00fablicos. Somente ap\u00f3s a conclus\u00e3o desses procedimentos \u00e9 que a obra pode voltar a avan\u00e7ar.<\/p>\n\n\n\n<p>Foi o caso do futuro Ambulat\u00f3rio M\u00e9dico de Especialidades Diagn\u00f3sticas (AMED) e Pronto Atendimento (PA) da Vila Progresso, cuja constru\u00e7\u00e3o foi interrompida algumas vezes nos \u00faltimos 12 anos. Ap\u00f3s a regulariza\u00e7\u00e3o dos processos necess\u00e1rios, a obra foi retomada em dezembro de 2025 e hoje avan\u00e7a para se tornar um dos principais equipamentos de sa\u00fade do munic\u00edpio.<\/p>\n\n\n\n<figure class=\"wp-block-image size-large\"><img loading=\"lazy\" decoding=\"async\" width=\"1280\" height=\"853\" src=\"https:\/\/jundiai.sp.gov.br\/noticias\/wp-content\/uploads\/sites\/32\/2026\/08\/obras_ferramentas_de_saude_rw-75-1280x853.jpg\" alt=\"\" class=\"wp-image-386103\" srcset=\"https:\/\/jundiai.sp.gov.br\/noticias\/wp-content\/uploads\/sites\/32\/2026\/08\/obras_ferramentas_de_saude_rw-75-1280x853.jpg 1280w, https:\/\/jundiai.sp.gov.br\/noticias\/wp-content\/uploads\/sites\/32\/2026\/08\/obras_ferramentas_de_saude_rw-75-300x200.jpg 300w, https:\/\/jundiai.sp.gov.br\/noticias\/wp-content\/uploads\/sites\/32\/2026\/08\/obras_ferramentas_de_saude_rw-75-768x512.jpg 768w, https:\/\/jundiai.sp.gov.br\/noticias\/wp-content\/uploads\/sites\/32\/2026\/08\/obras_ferramentas_de_saude_rw-75-1536x1024.jpg 1536w, https:\/\/jundiai.sp.gov.br\/noticias\/wp-content\/uploads\/sites\/32\/2026\/08\/obras_ferramentas_de_saude_rw-75-450x300.jpg 450w, https:\/\/jundiai.sp.gov.br\/noticias\/wp-content\/uploads\/sites\/32\/2026\/08\/obras_ferramentas_de_saude_rw-75.jpg 1800w\" sizes=\"auto, (max-width: 1280px) 100vw, 1280px\" \/><figcaption class=\"wp-element-caption\">Obras do futuro AMED\/PA Vila Progresso foram retomadas ap\u00f3s 12 anos parada<\/figcaption><\/figure>\n\n\n\n<p>Outro exemplo \u00e9 o novo Centro Pop, na avenida Uni\u00e3o dos Ferrovi\u00e1rios. As obras tiveram in\u00edcio em 2023, foram interrompidas e no \u00faltimo ano voltou a ser executadas para viabilizar um espa\u00e7o mais adequado ao acolhimento da popula\u00e7\u00e3o em situa\u00e7\u00e3o de rua e ao trabalho desenvolvido pela Secretaria de Assist\u00eancia e Desenvolvimento Social.<\/p>\n\n\n\n<figure class=\"wp-block-image size-large\"><img loading=\"lazy\" decoding=\"async\" width=\"1280\" height=\"854\" src=\"https:\/\/jundiai.sp.gov.br\/noticias\/wp-content\/uploads\/sites\/32\/2026\/08\/obras_centro_pop_d-12-1-1280x854.jpg\" alt=\"\" class=\"wp-image-386104\" srcset=\"https:\/\/jundiai.sp.gov.br\/noticias\/wp-content\/uploads\/sites\/32\/2026\/08\/obras_centro_pop_d-12-1-1280x854.jpg 1280w, https:\/\/jundiai.sp.gov.br\/noticias\/wp-content\/uploads\/sites\/32\/2026\/08\/obras_centro_pop_d-12-1-300x200.jpg 300w, https:\/\/jundiai.sp.gov.br\/noticias\/wp-content\/uploads\/sites\/32\/2026\/08\/obras_centro_pop_d-12-1-768x512.jpg 768w, https:\/\/jundiai.sp.gov.br\/noticias\/wp-content\/uploads\/sites\/32\/2026\/08\/obras_centro_pop_d-12-1-1536x1024.jpg 1536w, https:\/\/jundiai.sp.gov.br\/noticias\/wp-content\/uploads\/sites\/32\/2026\/08\/obras_centro_pop_d-12-1-450x300.jpg 450w, https:\/\/jundiai.sp.gov.br\/noticias\/wp-content\/uploads\/sites\/32\/2026\/08\/obras_centro_pop_d-12-1.jpg 1900w\" sizes=\"auto, (max-width: 1280px) 100vw, 1280px\" \/><figcaption class=\"wp-element-caption\">Novo Centro Pop ter\u00e1 espa\u00e7o mais adequado ao acolhimento da popula\u00e7\u00e3o em situa\u00e7\u00e3o de rua<\/figcaption><\/figure>\n\n\n\n<p>Al\u00e9m de recuperar obras que estavam paralisadas, a gest\u00e3o tamb\u00e9m deu in\u00edcio a novos investimentos voltados \u00e0 amplia\u00e7\u00e3o dos servi\u00e7os p\u00fablicos e ao atendimento das demandas da popula\u00e7\u00e3o. Em diferentes \u00e1reas, novos projetos foram planejados, licitados e colocados em execu\u00e7\u00e3o, refor\u00e7ando uma estrat\u00e9gia que alia a conclus\u00e3o de empreendimentos interrompidos \u00e0 cria\u00e7\u00e3o de novos equipamentos p\u00fablicos.<\/p>\n\n\n\n<p><strong>Assessoria de Imprensa<br>Fotos: Fot\u00f3grafos PMJ<\/strong><\/p>\n","protected":false},"excerpt":{"rendered":"<p>Transformar estruturas inacabadas em equipamentos p\u00fablicos a servi\u00e7o da popula\u00e7\u00e3o e ampliar os investimentos em diferentes regi\u00f5es da cidade. No in\u00edcio de 2025, Jundia\u00ed contava com quatro obras p\u00fablicas em andamento. Desde ent\u00e3o, o Munic\u00edpio vem trabalhando para ampliar esse cen\u00e1rio, com a retomada e o avan\u00e7o de projetos, novas licita\u00e7\u00f5es e investimentos em \u00e1reas [&hellip;]<\/p>\n","protected":false},"author":133,"featured_media":386230,"comment_status":"closed","ping_status":"closed","sticky":false,"template":"","format":"standard","meta":{"footnotes":""},"categories":[2],"tags":[985,6023],"ods":[],"class_list":["post-386099","post","type-post","status-publish","format-standard","has-post-thumbnail","hentry","category-noticias","tag-infraestrutura-e-servicos-publicos","tag-secretaria-de-governo"],"_links":{"self":[{"href":"https:\/\/jundiai.sp.gov.br\/noticias\/wp-json\/wp\/v2\/posts\/386099","targetHints":{"allow":["GET"]}}],"collection":[{"href":"https:\/\/jundiai.sp.gov.br\/noticias\/wp-json\/wp\/v2\/posts"}],"about":[{"href":"https:\/\/jundiai.sp.gov.br\/noticias\/wp-json\/wp\/v2\/types\/post"}],"author":[{"embeddable":true,"href":"https:\/\/jundiai.sp.gov.br\/noticias\/wp-json\/wp\/v2\/users\/133"}],"replies":[{"embeddable":true,"href":"https:\/\/jundiai.sp.gov.br\/noticias\/wp-json\/wp\/v2\/comments?post=386099"}],"version-history":[{"count":3,"href":"https:\/\/jundiai.sp.gov.br\/noticias\/wp-json\/wp\/v2\/posts\/386099\/revisions"}],"predecessor-version":[{"id":386231,"href":"https:\/\/jundiai.sp.gov.br\/noticias\/wp-json\/wp\/v2\/posts\/386099\/revisions\/386231"}],"wp:featuredmedia":[{"embeddable":true,"href":"https:\/\/jundiai.sp.gov.br\/noticias\/wp-json\/wp\/v2\/media\/386230"}],"wp:attachment":[{"href":"https:\/\/jundiai.sp.gov.br\/noticias\/wp-json\/wp\/v2\/media?parent=386099"}],"wp:term":[{"taxonomy":"category","embeddable":true,"href":"https:\/\/jundiai.sp.gov.br\/noticias\/wp-json\/wp\/v2\/categories?post=386099"},{"taxonomy":"post_tag","embeddable":true,"href":"https:\/\/jundiai.sp.gov.br\/noticias\/wp-json\/wp\/v2\/tags?post=386099"},{"taxonomy":"ods","embeddable":true,"href":"https:\/\/jundiai.sp.gov.br\/noticias\/wp-json\/wp\/v2\/ods?post=386099"}],"curies":[{"name":"wp","href":"https:\/\/api.w.org\/{rel}","templated":true}]}}