{"id":386805,"date":"2026-09-01T08:53:00","date_gmt":"2026-09-01T11:53:00","guid":{"rendered":"https:\/\/jundiai.sp.gov.br\/noticias\/?p=386805"},"modified":"2026-08-27T09:34:19","modified_gmt":"2026-08-27T12:34:19","slug":"vale-verde-amplia-vivencias-e-leva-atividades-de-horta-para-dentro-das-escolas-municipais","status":"publish","type":"post","link":"https:\/\/jundiai.sp.gov.br\/noticias\/2026\/09\/01\/vale-verde-amplia-vivencias-e-leva-atividades-de-horta-para-dentro-das-escolas-municipais\/","title":{"rendered":"Vale Verde amplia viv\u00eancias e leva atividades de horta para dentro das escolas municipais"},"content":{"rendered":"\n<p>A experi\u00eancia de plantar, cuidar e colher alimentos ganhou um novo espa\u00e7o nas escolas municipais de Jundia\u00ed. Por meio da modalidade &#8220;Vale Verde na Escola&#8221;, profissionais do Vale Verde passam a visitar as unidades de ensino para desenvolver, junto aos estudantes, atividades pr\u00e1ticas nas hortas escolares. A iniciativa \u00e9 realizada em parceria com a \u00c1rea de Sustentabilidade da Secretaria Municipal de Educa\u00e7\u00e3o (SME), por meio do programa Escola da Gente. <\/p>\n\n\n\n<figure class=\"wp-block-gallery has-nested-images columns-default is-cropped wp-block-gallery-1 is-layout-flex wp-block-gallery-is-layout-flex\">\n<figure class=\"wp-block-image size-large\"><img loading=\"lazy\" decoding=\"async\" width=\"1280\" height=\"854\" data-id=\"386823\" src=\"https:\/\/jundiai.sp.gov.br\/noticias\/wp-content\/uploads\/sites\/32\/2026\/08\/vale_verde_na_escola_d-7-1280x854.jpg\" alt=\"\" class=\"wp-image-386823\" srcset=\"https:\/\/jundiai.sp.gov.br\/noticias\/wp-content\/uploads\/sites\/32\/2026\/08\/vale_verde_na_escola_d-7-1280x854.jpg 1280w, https:\/\/jundiai.sp.gov.br\/noticias\/wp-content\/uploads\/sites\/32\/2026\/08\/vale_verde_na_escola_d-7-300x200.jpg 300w, https:\/\/jundiai.sp.gov.br\/noticias\/wp-content\/uploads\/sites\/32\/2026\/08\/vale_verde_na_escola_d-7-768x512.jpg 768w, https:\/\/jundiai.sp.gov.br\/noticias\/wp-content\/uploads\/sites\/32\/2026\/08\/vale_verde_na_escola_d-7-1536x1024.jpg 1536w, https:\/\/jundiai.sp.gov.br\/noticias\/wp-content\/uploads\/sites\/32\/2026\/08\/vale_verde_na_escola_d-7-450x300.jpg 450w, https:\/\/jundiai.sp.gov.br\/noticias\/wp-content\/uploads\/sites\/32\/2026\/08\/vale_verde_na_escola_d-7.jpg 1900w\" sizes=\"auto, (max-width: 1280px) 100vw, 1280px\" \/><\/figure>\n\n\n\n<figure class=\"wp-block-image size-large\"><img loading=\"lazy\" decoding=\"async\" width=\"1280\" height=\"854\" data-id=\"386824\" src=\"https:\/\/jundiai.sp.gov.br\/noticias\/wp-content\/uploads\/sites\/32\/2026\/08\/vale_verde_na_escola_d-30-1280x854.jpg\" alt=\"\" class=\"wp-image-386824\" srcset=\"https:\/\/jundiai.sp.gov.br\/noticias\/wp-content\/uploads\/sites\/32\/2026\/08\/vale_verde_na_escola_d-30-1280x854.jpg 1280w, https:\/\/jundiai.sp.gov.br\/noticias\/wp-content\/uploads\/sites\/32\/2026\/08\/vale_verde_na_escola_d-30-300x200.jpg 300w, https:\/\/jundiai.sp.gov.br\/noticias\/wp-content\/uploads\/sites\/32\/2026\/08\/vale_verde_na_escola_d-30-768x512.jpg 768w, https:\/\/jundiai.sp.gov.br\/noticias\/wp-content\/uploads\/sites\/32\/2026\/08\/vale_verde_na_escola_d-30-1536x1024.jpg 1536w, https:\/\/jundiai.sp.gov.br\/noticias\/wp-content\/uploads\/sites\/32\/2026\/08\/vale_verde_na_escola_d-30-450x300.jpg 450w, https:\/\/jundiai.sp.gov.br\/noticias\/wp-content\/uploads\/sites\/32\/2026\/08\/vale_verde_na_escola_d-30.jpg 1900w\" sizes=\"auto, (max-width: 1280px) 100vw, 1280px\" \/><\/figure>\n<figcaption class=\"blocks-gallery-caption wp-element-caption\">Vale Verde leva atividades de horta \u00e0s escolas e aproxima estudantes do cultivo e da educa\u00e7\u00e3o ambiental<\/figcaption><\/figure>\n\n\n\n<p>A proposta amplia as possibilidades oferecidas pelo Vale Verde. As escolas podem agendar as viv\u00eancias e forma\u00e7\u00f5es dispon\u00edveis pelo <a href=\"https:\/\/cardapiopedagogico.wixsite.com\/forma\/artistas\">sistema NAE<\/a>. Entre as novas op\u00e7\u00f5es est\u00e3o o Vale Verde na Escola e a Compostagem na Escola. As unidades tamb\u00e9m seguem recebendo mudas de Plantas Aliment\u00edcias N\u00e3o Convencionais (PANCs), mudas org\u00e2nicas e terra adubada, al\u00e9m de orienta\u00e7\u00f5es para a manuten\u00e7\u00e3o das hortas.<\/p>\n\n\n\n<p>Para o professor do Vale Verde Ednilson Pereira Lima, a atividade aproxima os estudantes do processo de produ\u00e7\u00e3o dos alimentos. \u201cEles podem p\u00f4r a m\u00e3o na massa, entender como o alimento surge da terra, plantando, tocando na terra, vendo os bichinhos que tem na terra e levando o que foi plantado para o prato\u201d, explicou.<\/p>\n\n\n\n<p>Na EMEB Professora Marly de Marco Mendes Pereira, a horta \u00e9 utilizada como ferramenta pedag\u00f3gica e integra diferentes experi\u00eancias oferecidas aos estudantes, que j\u00e1 participaram do plantio e da colheita de alimentos como br\u00f3colis, beterraba e tomate-cereja. Parte da produ\u00e7\u00e3o \u00e9 utilizada na alimenta\u00e7\u00e3o escolar, aproximando as crian\u00e7as do processo de cultivo e ajudando-as a compreender a origem dos alimentos.&nbsp;<\/p>\n\n\n\n<figure class=\"wp-block-gallery has-nested-images columns-default is-cropped wp-block-gallery-2 is-layout-flex wp-block-gallery-is-layout-flex\">\n<figure class=\"wp-block-image size-large\"><img loading=\"lazy\" decoding=\"async\" width=\"1280\" height=\"854\" data-id=\"386827\" src=\"https:\/\/jundiai.sp.gov.br\/noticias\/wp-content\/uploads\/sites\/32\/2026\/08\/vale_verde_na_escola_d-21-1280x854.jpg\" alt=\"\" class=\"wp-image-386827\" srcset=\"https:\/\/jundiai.sp.gov.br\/noticias\/wp-content\/uploads\/sites\/32\/2026\/08\/vale_verde_na_escola_d-21-1280x854.jpg 1280w, https:\/\/jundiai.sp.gov.br\/noticias\/wp-content\/uploads\/sites\/32\/2026\/08\/vale_verde_na_escola_d-21-300x200.jpg 300w, https:\/\/jundiai.sp.gov.br\/noticias\/wp-content\/uploads\/sites\/32\/2026\/08\/vale_verde_na_escola_d-21-768x512.jpg 768w, https:\/\/jundiai.sp.gov.br\/noticias\/wp-content\/uploads\/sites\/32\/2026\/08\/vale_verde_na_escola_d-21-1536x1024.jpg 1536w, https:\/\/jundiai.sp.gov.br\/noticias\/wp-content\/uploads\/sites\/32\/2026\/08\/vale_verde_na_escola_d-21-450x300.jpg 450w, https:\/\/jundiai.sp.gov.br\/noticias\/wp-content\/uploads\/sites\/32\/2026\/08\/vale_verde_na_escola_d-21.jpg 1900w\" sizes=\"auto, (max-width: 1280px) 100vw, 1280px\" \/><\/figure>\n\n\n\n<figure class=\"wp-block-image size-large\"><img loading=\"lazy\" decoding=\"async\" width=\"1280\" height=\"854\" data-id=\"386828\" src=\"https:\/\/jundiai.sp.gov.br\/noticias\/wp-content\/uploads\/sites\/32\/2026\/08\/vale_verde_na_escola_d-43-1280x854.jpg\" alt=\"\" class=\"wp-image-386828\" srcset=\"https:\/\/jundiai.sp.gov.br\/noticias\/wp-content\/uploads\/sites\/32\/2026\/08\/vale_verde_na_escola_d-43-1280x854.jpg 1280w, https:\/\/jundiai.sp.gov.br\/noticias\/wp-content\/uploads\/sites\/32\/2026\/08\/vale_verde_na_escola_d-43-300x200.jpg 300w, https:\/\/jundiai.sp.gov.br\/noticias\/wp-content\/uploads\/sites\/32\/2026\/08\/vale_verde_na_escola_d-43-768x512.jpg 768w, https:\/\/jundiai.sp.gov.br\/noticias\/wp-content\/uploads\/sites\/32\/2026\/08\/vale_verde_na_escola_d-43-1536x1024.jpg 1536w, https:\/\/jundiai.sp.gov.br\/noticias\/wp-content\/uploads\/sites\/32\/2026\/08\/vale_verde_na_escola_d-43-450x300.jpg 450w, https:\/\/jundiai.sp.gov.br\/noticias\/wp-content\/uploads\/sites\/32\/2026\/08\/vale_verde_na_escola_d-43.jpg 1900w\" sizes=\"auto, (max-width: 1280px) 100vw, 1280px\" \/><\/figure>\n<figcaption class=\"blocks-gallery-caption wp-element-caption\">Estudantes participam de atividade pr\u00e1tica de plantio na horta da EMEB Marly <\/figcaption><\/figure>\n\n\n\n<p>\u201cA gente procura oportunizar todas essas viv\u00eancias e experi\u00eancias com as crian\u00e7as, para que elas tenham esse conhecimento e, a partir dele, possam tamb\u00e9m ter mais curiosidade em aprender mais\u201d, destacou a coordenadora Marilu Alves de Souza.&nbsp;<\/p>\n\n\n\n<p>A participa\u00e7\u00e3o dos estudantes tamb\u00e9m fortalece o protagonismo infantil. Joaquim Moreira, de 10 anos, contou que j\u00e1 participou do plantio e que os alunos ajudam a retirar plantas daninhas e regar os canteiros. \u201cA gente planta alimentos saud\u00e1veis\u201d. J\u00e1 Yasmin Vit\u00f3ria Ferreira, de 10 anos, e Laila Vit\u00f3ria Gomes da Silva, de 9, relataram aprendizados sobre plantas, folhas, sementes e flores durante as viv\u00eancias. Entre os conte\u00fados trabalhados est\u00e3o ainda a preserva\u00e7\u00e3o ambiental e os cuidados com a natureza.<\/p>\n\n\n\n<figure class=\"wp-block-gallery has-nested-images columns-default is-cropped wp-block-gallery-3 is-layout-flex wp-block-gallery-is-layout-flex\">\n<figure class=\"wp-block-image size-large\"><img loading=\"lazy\" decoding=\"async\" width=\"1280\" height=\"854\" data-id=\"386825\" src=\"https:\/\/jundiai.sp.gov.br\/noticias\/wp-content\/uploads\/sites\/32\/2026\/08\/vale_verde_na_escola_d-24-1280x854.jpg\" alt=\"\" class=\"wp-image-386825\" srcset=\"https:\/\/jundiai.sp.gov.br\/noticias\/wp-content\/uploads\/sites\/32\/2026\/08\/vale_verde_na_escola_d-24-1280x854.jpg 1280w, https:\/\/jundiai.sp.gov.br\/noticias\/wp-content\/uploads\/sites\/32\/2026\/08\/vale_verde_na_escola_d-24-300x200.jpg 300w, https:\/\/jundiai.sp.gov.br\/noticias\/wp-content\/uploads\/sites\/32\/2026\/08\/vale_verde_na_escola_d-24-768x512.jpg 768w, https:\/\/jundiai.sp.gov.br\/noticias\/wp-content\/uploads\/sites\/32\/2026\/08\/vale_verde_na_escola_d-24-1536x1024.jpg 1536w, https:\/\/jundiai.sp.gov.br\/noticias\/wp-content\/uploads\/sites\/32\/2026\/08\/vale_verde_na_escola_d-24-450x300.jpg 450w, https:\/\/jundiai.sp.gov.br\/noticias\/wp-content\/uploads\/sites\/32\/2026\/08\/vale_verde_na_escola_d-24.jpg 1900w\" sizes=\"auto, (max-width: 1280px) 100vw, 1280px\" \/><figcaption class=\"wp-element-caption\">Joaquim Moreira<\/figcaption><\/figure>\n\n\n\n<figure class=\"wp-block-image size-large\"><img loading=\"lazy\" decoding=\"async\" width=\"1280\" height=\"854\" data-id=\"386826\" src=\"https:\/\/jundiai.sp.gov.br\/noticias\/wp-content\/uploads\/sites\/32\/2026\/08\/vale_verde_na_escola_d-38-1280x854.jpg\" alt=\"\" class=\"wp-image-386826\" srcset=\"https:\/\/jundiai.sp.gov.br\/noticias\/wp-content\/uploads\/sites\/32\/2026\/08\/vale_verde_na_escola_d-38-1280x854.jpg 1280w, https:\/\/jundiai.sp.gov.br\/noticias\/wp-content\/uploads\/sites\/32\/2026\/08\/vale_verde_na_escola_d-38-300x200.jpg 300w, https:\/\/jundiai.sp.gov.br\/noticias\/wp-content\/uploads\/sites\/32\/2026\/08\/vale_verde_na_escola_d-38-768x512.jpg 768w, https:\/\/jundiai.sp.gov.br\/noticias\/wp-content\/uploads\/sites\/32\/2026\/08\/vale_verde_na_escola_d-38-1536x1024.jpg 1536w, https:\/\/jundiai.sp.gov.br\/noticias\/wp-content\/uploads\/sites\/32\/2026\/08\/vale_verde_na_escola_d-38-450x300.jpg 450w, https:\/\/jundiai.sp.gov.br\/noticias\/wp-content\/uploads\/sites\/32\/2026\/08\/vale_verde_na_escola_d-38.jpg 1900w\" sizes=\"auto, (max-width: 1280px) 100vw, 1280px\" \/><figcaption class=\"wp-element-caption\">Yasmin e Laila<\/figcaption><\/figure>\n<\/figure>\n\n\n\n<p>Prevista na legisla\u00e7\u00e3o municipal, a horta escolar \u00e9 uma pr\u00e1tica pedag\u00f3gica presente em todas as escolas da rede municipal, fortalecendo o contato dos estudantes com o cultivo de alimentos, a alimenta\u00e7\u00e3o saud\u00e1vel e a educa\u00e7\u00e3o ambiental.<br><br><strong>Assessoria de Imprensa<br>Fotos: Fot\u00f3grafos PMJ<\/strong><\/p>\n","protected":false},"excerpt":{"rendered":"<p>A experi\u00eancia de plantar, cuidar e colher alimentos ganhou um novo espa\u00e7o nas escolas municipais de Jundia\u00ed. Por meio da modalidade &#8220;Vale Verde na Escola&#8221;, profissionais do Vale Verde passam a visitar as unidades de ensino para desenvolver, junto aos estudantes, atividades pr\u00e1ticas nas hortas escolares. A iniciativa \u00e9 realizada em parceria com a \u00c1rea [&hellip;]<\/p>\n","protected":false},"author":124,"featured_media":386824,"comment_status":"closed","ping_status":"0","sticky":false,"template":"","format":"standard","meta":{"footnotes":""},"categories":[2],"tags":[6403,1221,2290,7006,1002,7005],"ods":[],"class_list":["post-386805","post","type-post","status-publish","format-standard","has-post-thumbnail","hentry","category-noticias","tag-area-de-sustentabilidade","tag-educacao-ambiental","tag-plantio","tag-secretaria-municipal-de-educacao-sme-2","tag-vale-verde","tag-vale-verde-na-escola"],"_links":{"self":[{"href":"https:\/\/jundiai.sp.gov.br\/noticias\/wp-json\/wp\/v2\/posts\/386805","targetHints":{"allow":["GET"]}}],"collection":[{"href":"https:\/\/jundiai.sp.gov.br\/noticias\/wp-json\/wp\/v2\/posts"}],"about":[{"href":"https:\/\/jundiai.sp.gov.br\/noticias\/wp-json\/wp\/v2\/types\/post"}],"author":[{"embeddable":true,"href":"https:\/\/jundiai.sp.gov.br\/noticias\/wp-json\/wp\/v2\/users\/124"}],"replies":[{"embeddable":true,"href":"https:\/\/jundiai.sp.gov.br\/noticias\/wp-json\/wp\/v2\/comments?post=386805"}],"version-history":[{"count":11,"href":"https:\/\/jundiai.sp.gov.br\/noticias\/wp-json\/wp\/v2\/posts\/386805\/revisions"}],"predecessor-version":[{"id":386844,"href":"https:\/\/jundiai.sp.gov.br\/noticias\/wp-json\/wp\/v2\/posts\/386805\/revisions\/386844"}],"wp:featuredmedia":[{"embeddable":true,"href":"https:\/\/jundiai.sp.gov.br\/noticias\/wp-json\/wp\/v2\/media\/386824"}],"wp:attachment":[{"href":"https:\/\/jundiai.sp.gov.br\/noticias\/wp-json\/wp\/v2\/media?parent=386805"}],"wp:term":[{"taxonomy":"category","embeddable":true,"href":"https:\/\/jundiai.sp.gov.br\/noticias\/wp-json\/wp\/v2\/categories?post=386805"},{"taxonomy":"post_tag","embeddable":true,"href":"https:\/\/jundiai.sp.gov.br\/noticias\/wp-json\/wp\/v2\/tags?post=386805"},{"taxonomy":"ods","embeddable":true,"href":"https:\/\/jundiai.sp.gov.br\/noticias\/wp-json\/wp\/v2\/ods?post=386805"}],"curies":[{"name":"wp","href":"https:\/\/api.w.org\/{rel}","templated":true}]}}