{"id":386808,"date":"2026-08-31T12:30:00","date_gmt":"2026-08-31T15:30:00","guid":{"rendered":"https:\/\/jundiai.sp.gov.br\/noticias\/?p=386808"},"modified":"2026-08-28T17:28:39","modified_gmt":"2026-08-28T20:28:39","slug":"orquestra-municipal-de-jundiai-leva-tango-ao-palco-do-teatro-polytheama","status":"publish","type":"post","link":"https:\/\/jundiai.sp.gov.br\/noticias\/2026\/08\/31\/orquestra-municipal-de-jundiai-leva-tango-ao-palco-do-teatro-polytheama\/","title":{"rendered":"Orquestra Municipal de Jundia\u00ed leva tango ao palco do Teatro Polytheama"},"content":{"rendered":"\n<p>A Orquestra Municipal de Jundia\u00ed (OMJ) abre a programa\u00e7\u00e3o de setembro com um concerto dedicado ao tango e \u00e0s suas conex\u00f5es com a m\u00fasica de concerto e o jazz. A apresenta\u00e7\u00e3o ser\u00e1 realizada no dia 5 de setembro, \u00e0s 20h, no Teatro Polytheama, sob a reg\u00eancia de Claudia Feres. O programa re\u00fane obras de Astor Piazzolla e George Gershwin.<\/p>\n\n\n\n<figure class=\"wp-block-gallery has-nested-images columns-default is-cropped wp-block-gallery-1 is-layout-flex wp-block-gallery-is-layout-flex\">\n<figure class=\"wp-block-image size-large\"><img loading=\"lazy\" decoding=\"async\" width=\"1280\" height=\"854\" data-id=\"386809\" src=\"https:\/\/jundiai.sp.gov.br\/noticias\/wp-content\/uploads\/sites\/32\/2026\/08\/dsj_0073-1280x854.jpg\" alt=\"\" class=\"wp-image-386809\" srcset=\"https:\/\/jundiai.sp.gov.br\/noticias\/wp-content\/uploads\/sites\/32\/2026\/08\/dsj_0073-1280x854.jpg 1280w, https:\/\/jundiai.sp.gov.br\/noticias\/wp-content\/uploads\/sites\/32\/2026\/08\/dsj_0073-300x200.jpg 300w, https:\/\/jundiai.sp.gov.br\/noticias\/wp-content\/uploads\/sites\/32\/2026\/08\/dsj_0073-768x512.jpg 768w, https:\/\/jundiai.sp.gov.br\/noticias\/wp-content\/uploads\/sites\/32\/2026\/08\/dsj_0073-1536x1024.jpg 1536w, https:\/\/jundiai.sp.gov.br\/noticias\/wp-content\/uploads\/sites\/32\/2026\/08\/dsj_0073-450x300.jpg 450w, https:\/\/jundiai.sp.gov.br\/noticias\/wp-content\/uploads\/sites\/32\/2026\/08\/dsj_0073.jpg 1900w\" sizes=\"auto, (max-width: 1280px) 100vw, 1280px\" \/><\/figure>\n\n\n\n<figure class=\"wp-block-image size-large\"><img loading=\"lazy\" decoding=\"async\" width=\"1280\" height=\"854\" data-id=\"386810\" src=\"https:\/\/jundiai.sp.gov.br\/noticias\/wp-content\/uploads\/sites\/32\/2026\/08\/dsj_0029-1280x854.jpg\" alt=\"\" class=\"wp-image-386810\" srcset=\"https:\/\/jundiai.sp.gov.br\/noticias\/wp-content\/uploads\/sites\/32\/2026\/08\/dsj_0029-1280x854.jpg 1280w, https:\/\/jundiai.sp.gov.br\/noticias\/wp-content\/uploads\/sites\/32\/2026\/08\/dsj_0029-300x200.jpg 300w, https:\/\/jundiai.sp.gov.br\/noticias\/wp-content\/uploads\/sites\/32\/2026\/08\/dsj_0029-768x512.jpg 768w, https:\/\/jundiai.sp.gov.br\/noticias\/wp-content\/uploads\/sites\/32\/2026\/08\/dsj_0029-1536x1024.jpg 1536w, https:\/\/jundiai.sp.gov.br\/noticias\/wp-content\/uploads\/sites\/32\/2026\/08\/dsj_0029-450x300.jpg 450w, https:\/\/jundiai.sp.gov.br\/noticias\/wp-content\/uploads\/sites\/32\/2026\/08\/dsj_0029.jpg 1900w\" sizes=\"auto, (max-width: 1280px) 100vw, 1280px\" \/><\/figure>\n<\/figure>\n\n\n\n<p>Entre os destaques da noite est\u00e1 \u201cLas Estaciones Porte\u00f1as\u201d, de Piazzolla, em arranjo de Jos\u00e9 Bragato. A obra percorre as quatro esta\u00e7\u00f5es do ano, \u201cVerano Porte\u00f1o\u201d, \u201cOto\u00f1o Porte\u00f1o\u201d, \u201cInvierno Porte\u00f1o\u201d e \u201cPrimavera Porte\u00f1a\u201d, e ter\u00e1 a participa\u00e7\u00e3o de Otto Hanriot no bandone\u00f3n, instrumento associado \u00e0 tradi\u00e7\u00e3o do tango argentino.<\/p>\n\n\n\n<p>O concerto tamb\u00e9m apresenta duas obras de George Gershwin: \u201cI Got Rhythm\u201d, conhecida por sua influ\u00eancia no jazz, e \u201cLullaby\u201d. Completam o programa \u201cFuga y Mysterio\u201d, de Piazzolla, e a participa\u00e7\u00e3o dos solistas Pedro Dellarole, no violino, e Alceu Reis, no violoncelo, ambos integrantes da OMJ.<\/p>\n\n\n\n<p>Para a regente Claudia Feres, a presen\u00e7a de p\u00fablicos de diferentes faixas et\u00e1rias nos concertos demonstra a capacidade da Orquestra de dialogar com diferentes gera\u00e7\u00f5es. \u201cTemos como p\u00fablico pessoas de todas as idades: crian\u00e7as, adolescentes, terceira idade, fam\u00edlias. E notamos cada vez mais a presen\u00e7a de jovens casais que encontram nos concertos da Orquestra um \u00f3timo programa num fim de semana e gratuito!\u201d, afirma.<\/p>\n\n\n\n<p><strong>Ensaio aberto<\/strong><\/p>\n\n\n\n<p>Antes da apresenta\u00e7\u00e3o, o p\u00fablico poder\u00e1 acompanhar o ensaio aberto do concerto, marcado para o dia 4 de setembro, \u00e0s 14h, no Teatro Polytheama. A atividade permite acompanhar de perto a prepara\u00e7\u00e3o dos m\u00fasicos e conhecer parte do processo que antecede a apresenta\u00e7\u00e3o.<\/p>\n\n\n\n<p>Os ingressos para o concerto s\u00e3o gratuitos e estar\u00e3o dispon\u00edveis a partir das 10h30 do dia 4 de setembro, na bilheteria e nos totens eletr\u00f4nicos do Centro das Artes e pela plataforma Sympla. A partir das 14h, tamb\u00e9m haver\u00e1 retirada presencial no Teatro Polytheama.<\/p>\n\n\n\n<p>Criada em 2011, a Orquestra Municipal de Jundia\u00ed \u00e9 um corpo art\u00edstico vinculado \u00e0 Secretaria Municipal de Cultura (SMCULT). Com concertos gratuitos ao longo do ano, a OMJ trabalha na democratiza\u00e7\u00e3o do acesso \u00e0 m\u00fasica de concerto e na forma\u00e7\u00e3o de p\u00fablico, contribuindo para a programa\u00e7\u00e3o cultural do munic\u00edpio.<\/p>\n\n\n\n<p><strong>Servi\u00e7o<\/strong><\/p>\n\n\n\n<p>6\u00ba Concerto da Orquestra Municipal de Jundia\u00ed \u2013 Temporada 2026<br>Data: 5 de setembro de 2026<br>Hor\u00e1rio: 20h<br>Local: Teatro Polytheama<br>Ingressos gratuitos, com retirada na bilheteria e nos totens digitais do Centro das Artes e do Teatro Polytheama, al\u00e9m da plataforma Sympla.<strong><br><\/strong>Ensaio aberto: 4 de setembro, \u00e0s 14h, no Teatro Polytheama.<\/p>\n\n\n\n<p><strong>Assessoria de Imprensa<br>Fotos: SMCULT<\/strong><\/p>\n","protected":false},"excerpt":{"rendered":"<p>A Orquestra Municipal de Jundia\u00ed (OMJ) abre a programa\u00e7\u00e3o de setembro com um concerto dedicado ao tango e \u00e0s suas conex\u00f5es com a m\u00fasica de concerto e o jazz. A apresenta\u00e7\u00e3o ser\u00e1 realizada no dia 5 de setembro, \u00e0s 20h, no Teatro Polytheama, sob a reg\u00eancia de Claudia Feres. O programa re\u00fane obras de Astor [&hellip;]<\/p>\n","protected":false},"author":124,"featured_media":386809,"comment_status":"closed","ping_status":"closed","sticky":false,"template":"","format":"standard","meta":{"footnotes":""},"categories":[2],"tags":[29,6435,6434,5846,98],"ods":[],"class_list":["post-386808","post","type-post","status-publish","format-standard","has-post-thumbnail","hentry","category-noticias","tag-cultura","tag-orquestra","tag-orquestra-municipal-de-jundiai-omj-2","tag-secretaria-municipal-de-cultura-smcult","tag-teatro-polytheama"],"_links":{"self":[{"href":"https:\/\/jundiai.sp.gov.br\/noticias\/wp-json\/wp\/v2\/posts\/386808","targetHints":{"allow":["GET"]}}],"collection":[{"href":"https:\/\/jundiai.sp.gov.br\/noticias\/wp-json\/wp\/v2\/posts"}],"about":[{"href":"https:\/\/jundiai.sp.gov.br\/noticias\/wp-json\/wp\/v2\/types\/post"}],"author":[{"embeddable":true,"href":"https:\/\/jundiai.sp.gov.br\/noticias\/wp-json\/wp\/v2\/users\/124"}],"replies":[{"embeddable":true,"href":"https:\/\/jundiai.sp.gov.br\/noticias\/wp-json\/wp\/v2\/comments?post=386808"}],"version-history":[{"count":1,"href":"https:\/\/jundiai.sp.gov.br\/noticias\/wp-json\/wp\/v2\/posts\/386808\/revisions"}],"predecessor-version":[{"id":386811,"href":"https:\/\/jundiai.sp.gov.br\/noticias\/wp-json\/wp\/v2\/posts\/386808\/revisions\/386811"}],"wp:featuredmedia":[{"embeddable":true,"href":"https:\/\/jundiai.sp.gov.br\/noticias\/wp-json\/wp\/v2\/media\/386809"}],"wp:attachment":[{"href":"https:\/\/jundiai.sp.gov.br\/noticias\/wp-json\/wp\/v2\/media?parent=386808"}],"wp:term":[{"taxonomy":"category","embeddable":true,"href":"https:\/\/jundiai.sp.gov.br\/noticias\/wp-json\/wp\/v2\/categories?post=386808"},{"taxonomy":"post_tag","embeddable":true,"href":"https:\/\/jundiai.sp.gov.br\/noticias\/wp-json\/wp\/v2\/tags?post=386808"},{"taxonomy":"ods","embeddable":true,"href":"https:\/\/jundiai.sp.gov.br\/noticias\/wp-json\/wp\/v2\/ods?post=386808"}],"curies":[{"name":"wp","href":"https:\/\/api.w.org\/{rel}","templated":true}]}}