{"id":386841,"date":"2026-08-31T15:36:00","date_gmt":"2026-08-31T18:36:00","guid":{"rendered":"https:\/\/jundiai.sp.gov.br\/noticias\/?p=386841"},"modified":"2026-08-28T17:01:18","modified_gmt":"2026-08-28T20:01:18","slug":"amamentacao-alem-de-casa-espacos-acolhem-maes-e-bebes-em-espacos-de-jundiai","status":"publish","type":"post","link":"https:\/\/jundiai.sp.gov.br\/noticias\/2026\/08\/31\/amamentacao-alem-de-casa-espacos-acolhem-maes-e-bebes-em-espacos-de-jundiai\/","title":{"rendered":"Amamenta\u00e7\u00e3o al\u00e9m de casa: espa\u00e7os acolhem m\u00e3es e beb\u00eas em espa\u00e7os de Jundia\u00ed"},"content":{"rendered":"\n<p>Chegou a hora de ir para a escolinha, mas a crian\u00e7a ainda mama no peito. Como conciliar a mudan\u00e7a na rotina garantindo a perman\u00eancia do beb\u00ea na creche e a continuidade da amamenta\u00e7\u00e3o?<\/p>\n\n\n\n<p>A Organiza\u00e7\u00e3o Mundial da Sa\u00fade (OMS) recomenda o aleitamento materno exclusivo at\u00e9 os seis meses de vida e a continuidade da amamenta\u00e7\u00e3o, junto \u00e0 introdu\u00e7\u00e3o de alimentos adequados, at\u00e9 os dois anos ou mais. Ou seja, justamente quando muitos beb\u00eas come\u00e7am a frequentar a creche, a recomenda\u00e7\u00e3o \u00e9 que o leite materno continue fazendo parte da alimenta\u00e7\u00e3o. Para que essa conta feche, informa\u00e7\u00e3o, acolhimento e condi\u00e7\u00f5es adequadas fazem diferen\u00e7a.<\/p>\n\n\n\n<p>Neste Agosto Dourado, m\u00eas de incentivo e conscientiza\u00e7\u00e3o sobre a import\u00e2ncia do aleitamento materno, a Prefeitura de Jundia\u00ed refor\u00e7a a\u00e7\u00f5es e pol\u00edticas p\u00fablicas que apoiam as fam\u00edlias nesse processo, como a manuten\u00e7\u00e3o de espa\u00e7os destinados \u00e0 amamenta\u00e7\u00e3o nas escolas municipais.<\/p>\n\n\n\n<p>\u00c9 o caso de Catarina, que chegou \u00e0 creche aos seis meses ainda mamando no peito. Para manter a amamenta\u00e7\u00e3o e o v\u00ednculo com a filha, hoje com 11 meses, Mariana Elizete Moron passou a ir diariamente \u00e0 unidade para amament\u00e1-la. \u201cDesde quando ela foi chamada, aos seis meses, as equipes sempre me deixaram muito livre para vir. \u00c9 muito importante este espa\u00e7o, que me permitindo ajustar a rotina da melhor maneira poss\u00edvel\u201d, conta.<\/p>\n\n\n\n<figure class=\"wp-block-image size-large\"><img loading=\"lazy\" decoding=\"async\" width=\"1280\" height=\"854\" src=\"https:\/\/jundiai.sp.gov.br\/noticias\/wp-content\/uploads\/sites\/32\/2026\/08\/sala_de_amamentacao_emeb_luiz_biela_de_souza_rw-9-1-1280x854.jpg\" alt=\"\" class=\"wp-image-386846\" srcset=\"https:\/\/jundiai.sp.gov.br\/noticias\/wp-content\/uploads\/sites\/32\/2026\/08\/sala_de_amamentacao_emeb_luiz_biela_de_souza_rw-9-1-1280x854.jpg 1280w, https:\/\/jundiai.sp.gov.br\/noticias\/wp-content\/uploads\/sites\/32\/2026\/08\/sala_de_amamentacao_emeb_luiz_biela_de_souza_rw-9-1-300x200.jpg 300w, https:\/\/jundiai.sp.gov.br\/noticias\/wp-content\/uploads\/sites\/32\/2026\/08\/sala_de_amamentacao_emeb_luiz_biela_de_souza_rw-9-1-768x512.jpg 768w, https:\/\/jundiai.sp.gov.br\/noticias\/wp-content\/uploads\/sites\/32\/2026\/08\/sala_de_amamentacao_emeb_luiz_biela_de_souza_rw-9-1-1536x1024.jpg 1536w, https:\/\/jundiai.sp.gov.br\/noticias\/wp-content\/uploads\/sites\/32\/2026\/08\/sala_de_amamentacao_emeb_luiz_biela_de_souza_rw-9-1-450x300.jpg 450w, https:\/\/jundiai.sp.gov.br\/noticias\/wp-content\/uploads\/sites\/32\/2026\/08\/sala_de_amamentacao_emeb_luiz_biela_de_souza_rw-9-1.jpg 1900w\" sizes=\"auto, (max-width: 1280px) 100vw, 1280px\" \/><figcaption class=\"wp-element-caption\">Mariana Elizete Moron amamenta a filha, Catarina, uma vez por dia na creche<\/figcaption><\/figure>\n\n\n\n<p>Al\u00e9m das escolas municipais, diversos outros espa\u00e7os p\u00fablicos contam com \u00e1reas espec\u00edficas para amamenta\u00e7\u00e3o para quem deseja mais privacidade, como a F\u00e1brica das Inf\u00e2ncias Japy, o Mundo das Crian\u00e7as e o Espa\u00e7o Expressa, al\u00e9m do Pa\u00e7o Municipal, UBSs e Cl\u00ednicas da Fam\u00edlia.<\/p>\n\n\n\n<p>Para a apoiadora municipal da Primeira Inf\u00e2ncia, Gerusa Moura, o objetivo das pol\u00edticas p\u00fablicas \u00e9 criar condi\u00e7\u00f5es que reduzam as barreiras \u00e0 amamenta\u00e7\u00e3o, especialmente no caso de beb\u00eas que v\u00e3o para a creche enquanto ainda mamam.<\/p>\n\n\n\n<p>\u201cO apoio \u00e0 amamenta\u00e7\u00e3o n\u00e3o depende apenas da decis\u00e3o individual da m\u00e3e, mas das condi\u00e7\u00f5es oferecidas ao seu redor. Quando a m\u00e3e sabe que ter\u00e1 um lugar acolhedor, profissionais que respeitam sua escolha e a possibilidade de manter esse contato com o beb\u00ea, ela consegue viver esse processo com mais tranquilidade. A gente precisa olhar para a amamenta\u00e7\u00e3o como uma responsabilidade de toda a sociedade, criando uma rede que apoie a m\u00e3e e n\u00e3o coloque sobre ela mais uma cobran\u00e7a\u201d, afirma.<\/p>\n\n\n\n<p><strong>Assessoria de Imprensa<br>Foto: Fot\u00f3grafos PMJ<\/strong><\/p>\n","protected":false},"excerpt":{"rendered":"<p>Chegou a hora de ir para a escolinha, mas a crian\u00e7a ainda mama no peito. Como conciliar a mudan\u00e7a na rotina garantindo a perman\u00eancia do beb\u00ea na creche e a continuidade da amamenta\u00e7\u00e3o? A Organiza\u00e7\u00e3o Mundial da Sa\u00fade (OMS) recomenda o aleitamento materno exclusivo at\u00e9 os seis meses de vida e a continuidade da amamenta\u00e7\u00e3o, [&hellip;]<\/p>\n","protected":false},"author":133,"featured_media":386845,"comment_status":"closed","ping_status":"closed","sticky":false,"template":"","format":"standard","meta":{"footnotes":""},"categories":[2],"tags":[3278,3294,981],"ods":[],"class_list":["post-386841","post","type-post","status-publish","format-standard","has-post-thumbnail","hentry","category-noticias","tag-agosto-dourado","tag-primeira-infancia","tag-promocao-da-saude"],"_links":{"self":[{"href":"https:\/\/jundiai.sp.gov.br\/noticias\/wp-json\/wp\/v2\/posts\/386841","targetHints":{"allow":["GET"]}}],"collection":[{"href":"https:\/\/jundiai.sp.gov.br\/noticias\/wp-json\/wp\/v2\/posts"}],"about":[{"href":"https:\/\/jundiai.sp.gov.br\/noticias\/wp-json\/wp\/v2\/types\/post"}],"author":[{"embeddable":true,"href":"https:\/\/jundiai.sp.gov.br\/noticias\/wp-json\/wp\/v2\/users\/133"}],"replies":[{"embeddable":true,"href":"https:\/\/jundiai.sp.gov.br\/noticias\/wp-json\/wp\/v2\/comments?post=386841"}],"version-history":[{"count":1,"href":"https:\/\/jundiai.sp.gov.br\/noticias\/wp-json\/wp\/v2\/posts\/386841\/revisions"}],"predecessor-version":[{"id":386847,"href":"https:\/\/jundiai.sp.gov.br\/noticias\/wp-json\/wp\/v2\/posts\/386841\/revisions\/386847"}],"wp:featuredmedia":[{"embeddable":true,"href":"https:\/\/jundiai.sp.gov.br\/noticias\/wp-json\/wp\/v2\/media\/386845"}],"wp:attachment":[{"href":"https:\/\/jundiai.sp.gov.br\/noticias\/wp-json\/wp\/v2\/media?parent=386841"}],"wp:term":[{"taxonomy":"category","embeddable":true,"href":"https:\/\/jundiai.sp.gov.br\/noticias\/wp-json\/wp\/v2\/categories?post=386841"},{"taxonomy":"post_tag","embeddable":true,"href":"https:\/\/jundiai.sp.gov.br\/noticias\/wp-json\/wp\/v2\/tags?post=386841"},{"taxonomy":"ods","embeddable":true,"href":"https:\/\/jundiai.sp.gov.br\/noticias\/wp-json\/wp\/v2\/ods?post=386841"}],"curies":[{"name":"wp","href":"https:\/\/api.w.org\/{rel}","templated":true}]}}