{"id":386948,"date":"2026-09-01T17:00:00","date_gmt":"2026-09-01T20:00:00","guid":{"rendered":"https:\/\/jundiai.sp.gov.br\/noticias\/?p=386948"},"modified":"2026-09-01T15:57:26","modified_gmt":"2026-09-01T18:57:26","slug":"centro-da-gente-completa-um-ano-com-avancos-e-planejamento-de-novas-acoes-para-a-regiao-central","status":"publish","type":"post","link":"https:\/\/jundiai.sp.gov.br\/noticias\/2026\/09\/01\/centro-da-gente-completa-um-ano-com-avancos-e-planejamento-de-novas-acoes-para-a-regiao-central\/","title":{"rendered":"Centro da Gente completa um ano com avan\u00e7os e planejamento de novas a\u00e7\u00f5es para a regi\u00e3o central"},"content":{"rendered":"\n<p>O programa Centro da Gente completa, em setembro, um ano de sua oficializa\u00e7\u00e3o, marco que consolidou uma atua\u00e7\u00e3o que j\u00e1 vinha sendo constru\u00edda a partir de estudos, planejamento e a\u00e7\u00f5es voltadas \u00e0 regi\u00e3o central de Jundia\u00ed. A institui\u00e7\u00e3o do programa por decreto e a defini\u00e7\u00e3o das 13 secretarias integrantes formalizaram o trabalho conjunto e deram in\u00edcio a uma nova etapa de atua\u00e7\u00e3o integrada no Centro.<\/p>\n\n\n\n<p>Desde ent\u00e3o, o programa re\u00fane a\u00e7\u00f5es de zeladoria, amplia\u00e7\u00e3o da programa\u00e7\u00e3o cultural e de eventos, di\u00e1logo com moradores e comerciantes e iniciativas voltadas ao fortalecimento da atividade econ\u00f4mica. Ao completar um ano de sua oficializa\u00e7\u00e3o, o Centro da Gente apresenta um balan\u00e7o das a\u00e7\u00f5es realizadas e o planejamento de novas iniciativas para os pr\u00f3ximos meses.<\/p>\n\n\n\n<figure class=\"wp-block-image size-large\"><img loading=\"lazy\" decoding=\"async\" width=\"1280\" height=\"853\" src=\"https:\/\/jundiai.sp.gov.br\/noticias\/wp-content\/uploads\/sites\/32\/2026\/08\/feira_de_artes_e_antiguidades_rw-68-1280x853.jpg\" alt=\"\" class=\"wp-image-386950\" srcset=\"https:\/\/jundiai.sp.gov.br\/noticias\/wp-content\/uploads\/sites\/32\/2026\/08\/feira_de_artes_e_antiguidades_rw-68-1280x853.jpg 1280w, https:\/\/jundiai.sp.gov.br\/noticias\/wp-content\/uploads\/sites\/32\/2026\/08\/feira_de_artes_e_antiguidades_rw-68-300x200.jpg 300w, https:\/\/jundiai.sp.gov.br\/noticias\/wp-content\/uploads\/sites\/32\/2026\/08\/feira_de_artes_e_antiguidades_rw-68-768x512.jpg 768w, https:\/\/jundiai.sp.gov.br\/noticias\/wp-content\/uploads\/sites\/32\/2026\/08\/feira_de_artes_e_antiguidades_rw-68-1536x1024.jpg 1536w, https:\/\/jundiai.sp.gov.br\/noticias\/wp-content\/uploads\/sites\/32\/2026\/08\/feira_de_artes_e_antiguidades_rw-68-450x300.jpg 450w, https:\/\/jundiai.sp.gov.br\/noticias\/wp-content\/uploads\/sites\/32\/2026\/08\/feira_de_artes_e_antiguidades_rw-68.jpg 1800w\" sizes=\"auto, (max-width: 1280px) 100vw, 1280px\" \/><\/figure>\n\n\n\n<p>Entre as a\u00e7\u00f5es realizadas est\u00e3o a intensifica\u00e7\u00e3o da limpeza e lavagem de espa\u00e7os p\u00fablicos, a manuten\u00e7\u00e3o e troca de ilumina\u00e7\u00e3o e outras interven\u00e7\u00f5es de zeladoria. O per\u00edodo tamb\u00e9m foi marcado pela amplia\u00e7\u00e3o da ocupa\u00e7\u00e3o do Centro, com eventos como Copa no Centro, Cerveja na Bar\u00e3o, Sabores da Gente, Feira de Antiguidades e Artes Pl\u00e1sticas, Jundia\u00ed Feito \u00e0 M\u00e3o e Sexta no Centro, al\u00e9m da programa\u00e7\u00e3o dos equipamentos culturais.<\/p>\n\n\n\n<p>\u201cO primeiro ano foi importante para colocar em pr\u00e1tica a\u00e7\u00f5es e, principalmente, construir uma atua\u00e7\u00e3o conjunta para olhar o Centro de forma integrada. Agora, nosso desafio \u00e9 dar continuidade ao que j\u00e1 foi iniciado e avan\u00e7ar em novas iniciativas que contribuam para tornar a regi\u00e3o cada vez mais viva e atrativa\u201d, destaca o prefeito Gustavo Martinelli.<\/p>\n\n\n\n<p>Outro eixo de atua\u00e7\u00e3o foi o di\u00e1logo permanente com quem vive e trabalha na regi\u00e3o. As reuni\u00f5es mensais do Grupo de Trabalho do Centro, as visitas aos comerciantes e o contato direto com moradores permitiram identificar demandas e acompanhar os resultados das a\u00e7\u00f5es desenvolvidas.<\/p>\n\n\n\n<p>Para o secret\u00e1rio municipal de Planejamento Urbano e Meio Ambiente, Marco Antonio Bedin, o trabalho conjunto entre as \u00e1reas da Prefeitura \u00e9 um dos principais avan\u00e7os do per\u00edodo. \u201cA integra\u00e7\u00e3o entre as secretarias permite que as a\u00e7\u00f5es sejam planejadas de forma complementar. Esse primeiro ano foi importante para organizar essa atua\u00e7\u00e3o e, a partir dela, definir os pr\u00f3ximos passos para a regi\u00e3o central.\u201d<\/p>\n\n\n\n<p>Na \u00e1rea econ\u00f4mica, o Centro da Gente tamb\u00e9m avan\u00e7ou com parcerias com institui\u00e7\u00f5es como Sebrae, Associa\u00e7\u00e3o Comercial Empresarial (ACE) de Jundia\u00ed e C\u00e2mara de Dirigentes Lojistas (CDL) de Jundia\u00ed. Entre as iniciativas est\u00e1 o Loja do Futuro, voltado \u00e0 capacita\u00e7\u00e3o dos comerciantes e \u00e0 moderniza\u00e7\u00e3o dos neg\u00f3cios.<\/p>\n\n\n\n<figure class=\"wp-block-gallery has-nested-images columns-default is-cropped wp-block-gallery-1 is-layout-flex wp-block-gallery-is-layout-flex\">\n<figure class=\"wp-block-image size-large\"><img loading=\"lazy\" decoding=\"async\" width=\"1280\" height=\"854\" data-id=\"387146\" src=\"https:\/\/jundiai.sp.gov.br\/noticias\/wp-content\/uploads\/sites\/32\/2026\/08\/img_2854-1280x854.jpeg\" alt=\"\" class=\"wp-image-387146\" srcset=\"https:\/\/jundiai.sp.gov.br\/noticias\/wp-content\/uploads\/sites\/32\/2026\/08\/img_2854-1280x854.jpeg 1280w, https:\/\/jundiai.sp.gov.br\/noticias\/wp-content\/uploads\/sites\/32\/2026\/08\/img_2854-300x200.jpeg 300w, https:\/\/jundiai.sp.gov.br\/noticias\/wp-content\/uploads\/sites\/32\/2026\/08\/img_2854-768x512.jpeg 768w, https:\/\/jundiai.sp.gov.br\/noticias\/wp-content\/uploads\/sites\/32\/2026\/08\/img_2854-1536x1024.jpeg 1536w, https:\/\/jundiai.sp.gov.br\/noticias\/wp-content\/uploads\/sites\/32\/2026\/08\/img_2854-450x300.jpeg 450w, https:\/\/jundiai.sp.gov.br\/noticias\/wp-content\/uploads\/sites\/32\/2026\/08\/img_2854.jpeg 1900w\" sizes=\"auto, (max-width: 1280px) 100vw, 1280px\" \/><figcaption class=\"wp-element-caption\">Copa no Centro<\/figcaption><\/figure>\n\n\n\n<figure class=\"wp-block-image size-large\"><img loading=\"lazy\" decoding=\"async\" width=\"1280\" height=\"854\" data-id=\"387147\" src=\"https:\/\/jundiai.sp.gov.br\/noticias\/wp-content\/uploads\/sites\/32\/2026\/08\/cerveja_na_barao-18-1280x854.jpg\" alt=\"\" class=\"wp-image-387147\" srcset=\"https:\/\/jundiai.sp.gov.br\/noticias\/wp-content\/uploads\/sites\/32\/2026\/08\/cerveja_na_barao-18-1280x854.jpg 1280w, https:\/\/jundiai.sp.gov.br\/noticias\/wp-content\/uploads\/sites\/32\/2026\/08\/cerveja_na_barao-18-300x200.jpg 300w, https:\/\/jundiai.sp.gov.br\/noticias\/wp-content\/uploads\/sites\/32\/2026\/08\/cerveja_na_barao-18-768x512.jpg 768w, https:\/\/jundiai.sp.gov.br\/noticias\/wp-content\/uploads\/sites\/32\/2026\/08\/cerveja_na_barao-18-1536x1024.jpg 1536w, https:\/\/jundiai.sp.gov.br\/noticias\/wp-content\/uploads\/sites\/32\/2026\/08\/cerveja_na_barao-18-450x300.jpg 450w, https:\/\/jundiai.sp.gov.br\/noticias\/wp-content\/uploads\/sites\/32\/2026\/08\/cerveja_na_barao-18.jpg 1900w\" sizes=\"auto, (max-width: 1280px) 100vw, 1280px\" \/><figcaption class=\"wp-element-caption\">M\u00fasica<\/figcaption><\/figure>\n\n\n\n<figure class=\"wp-block-image size-large\"><img loading=\"lazy\" decoding=\"async\" width=\"1280\" height=\"960\" data-id=\"387149\" src=\"https:\/\/jundiai.sp.gov.br\/noticias\/wp-content\/uploads\/sites\/32\/2026\/08\/whatsapp-image-2026-01-31-at-11-05-29-1-1280x960-1.jpeg\" alt=\"\" class=\"wp-image-387149\" srcset=\"https:\/\/jundiai.sp.gov.br\/noticias\/wp-content\/uploads\/sites\/32\/2026\/08\/whatsapp-image-2026-01-31-at-11-05-29-1-1280x960-1.jpeg 1280w, https:\/\/jundiai.sp.gov.br\/noticias\/wp-content\/uploads\/sites\/32\/2026\/08\/whatsapp-image-2026-01-31-at-11-05-29-1-1280x960-1-300x225.jpeg 300w, https:\/\/jundiai.sp.gov.br\/noticias\/wp-content\/uploads\/sites\/32\/2026\/08\/whatsapp-image-2026-01-31-at-11-05-29-1-1280x960-1-768x576.jpeg 768w\" sizes=\"auto, (max-width: 1280px) 100vw, 1280px\" \/><figcaption class=\"wp-element-caption\">GT do Centro<\/figcaption><\/figure>\n\n\n\n<figure class=\"wp-block-image size-large\"><img loading=\"lazy\" decoding=\"async\" width=\"1280\" height=\"853\" data-id=\"387148\" src=\"https:\/\/jundiai.sp.gov.br\/noticias\/wp-content\/uploads\/sites\/32\/2026\/08\/copa_no_centro_rw-134-1-1280x853.jpg\" alt=\"\" class=\"wp-image-387148\" srcset=\"https:\/\/jundiai.sp.gov.br\/noticias\/wp-content\/uploads\/sites\/32\/2026\/08\/copa_no_centro_rw-134-1-1280x853.jpg 1280w, https:\/\/jundiai.sp.gov.br\/noticias\/wp-content\/uploads\/sites\/32\/2026\/08\/copa_no_centro_rw-134-1-300x200.jpg 300w, https:\/\/jundiai.sp.gov.br\/noticias\/wp-content\/uploads\/sites\/32\/2026\/08\/copa_no_centro_rw-134-1-768x512.jpg 768w, https:\/\/jundiai.sp.gov.br\/noticias\/wp-content\/uploads\/sites\/32\/2026\/08\/copa_no_centro_rw-134-1-1536x1024.jpg 1536w, https:\/\/jundiai.sp.gov.br\/noticias\/wp-content\/uploads\/sites\/32\/2026\/08\/copa_no_centro_rw-134-1-450x300.jpg 450w, https:\/\/jundiai.sp.gov.br\/noticias\/wp-content\/uploads\/sites\/32\/2026\/08\/copa_no_centro_rw-134-1.jpg 1800w\" sizes=\"auto, (max-width: 1280px) 100vw, 1280px\" \/><figcaption class=\"wp-element-caption\">Eventos re\u00fanem a popula\u00e7\u00e3o no cora\u00e7\u00e3o da cidade<\/figcaption><\/figure>\n\n\n\n<figure class=\"wp-block-image size-large\"><img loading=\"lazy\" decoding=\"async\" width=\"1280\" height=\"960\" data-id=\"387150\" src=\"https:\/\/jundiai.sp.gov.br\/noticias\/wp-content\/uploads\/sites\/32\/2026\/08\/whatsapp-image-2026-01-31-at-11-05-32-1280x960-1.jpeg\" alt=\"\" class=\"wp-image-387150\" srcset=\"https:\/\/jundiai.sp.gov.br\/noticias\/wp-content\/uploads\/sites\/32\/2026\/08\/whatsapp-image-2026-01-31-at-11-05-32-1280x960-1.jpeg 1280w, https:\/\/jundiai.sp.gov.br\/noticias\/wp-content\/uploads\/sites\/32\/2026\/08\/whatsapp-image-2026-01-31-at-11-05-32-1280x960-1-300x225.jpeg 300w, https:\/\/jundiai.sp.gov.br\/noticias\/wp-content\/uploads\/sites\/32\/2026\/08\/whatsapp-image-2026-01-31-at-11-05-32-1280x960-1-768x576.jpeg 768w\" sizes=\"auto, (max-width: 1280px) 100vw, 1280px\" \/><figcaption class=\"wp-element-caption\">Prefeito participa do GT do Centro<\/figcaption><\/figure>\n<\/figure>\n\n\n\n<figure class=\"wp-block-gallery has-nested-images columns-default is-cropped wp-block-gallery-2 is-layout-flex wp-block-gallery-is-layout-flex\">\n<figure class=\"wp-block-image size-large\"><img loading=\"lazy\" decoding=\"async\" width=\"1280\" height=\"853\" data-id=\"387154\" src=\"https:\/\/jundiai.sp.gov.br\/noticias\/wp-content\/uploads\/sites\/32\/2026\/08\/festival_de_inverno_rw-1-1-1280x853.jpg\" alt=\"\" class=\"wp-image-387154\" srcset=\"https:\/\/jundiai.sp.gov.br\/noticias\/wp-content\/uploads\/sites\/32\/2026\/08\/festival_de_inverno_rw-1-1-1280x853.jpg 1280w, https:\/\/jundiai.sp.gov.br\/noticias\/wp-content\/uploads\/sites\/32\/2026\/08\/festival_de_inverno_rw-1-1-300x200.jpg 300w, https:\/\/jundiai.sp.gov.br\/noticias\/wp-content\/uploads\/sites\/32\/2026\/08\/festival_de_inverno_rw-1-1-768x512.jpg 768w, https:\/\/jundiai.sp.gov.br\/noticias\/wp-content\/uploads\/sites\/32\/2026\/08\/festival_de_inverno_rw-1-1-1536x1024.jpg 1536w, https:\/\/jundiai.sp.gov.br\/noticias\/wp-content\/uploads\/sites\/32\/2026\/08\/festival_de_inverno_rw-1-1-450x300.jpg 450w, https:\/\/jundiai.sp.gov.br\/noticias\/wp-content\/uploads\/sites\/32\/2026\/08\/festival_de_inverno_rw-1-1.jpg 1800w\" sizes=\"auto, (max-width: 1280px) 100vw, 1280px\" \/><figcaption class=\"wp-element-caption\">Eventos no Centro<\/figcaption><\/figure>\n\n\n\n<figure class=\"wp-block-image size-large\"><img loading=\"lazy\" decoding=\"async\" width=\"1280\" height=\"853\" data-id=\"387155\" src=\"https:\/\/jundiai.sp.gov.br\/noticias\/wp-content\/uploads\/sites\/32\/2026\/08\/revitalizacao_porta_a_dentro_centro_da_gente_e_sebrae_rw-7-1-1280x853.jpg\" alt=\"\" class=\"wp-image-387155\" srcset=\"https:\/\/jundiai.sp.gov.br\/noticias\/wp-content\/uploads\/sites\/32\/2026\/08\/revitalizacao_porta_a_dentro_centro_da_gente_e_sebrae_rw-7-1-1280x853.jpg 1280w, https:\/\/jundiai.sp.gov.br\/noticias\/wp-content\/uploads\/sites\/32\/2026\/08\/revitalizacao_porta_a_dentro_centro_da_gente_e_sebrae_rw-7-1-300x200.jpg 300w, https:\/\/jundiai.sp.gov.br\/noticias\/wp-content\/uploads\/sites\/32\/2026\/08\/revitalizacao_porta_a_dentro_centro_da_gente_e_sebrae_rw-7-1-768x512.jpg 768w, https:\/\/jundiai.sp.gov.br\/noticias\/wp-content\/uploads\/sites\/32\/2026\/08\/revitalizacao_porta_a_dentro_centro_da_gente_e_sebrae_rw-7-1-1536x1024.jpg 1536w, https:\/\/jundiai.sp.gov.br\/noticias\/wp-content\/uploads\/sites\/32\/2026\/08\/revitalizacao_porta_a_dentro_centro_da_gente_e_sebrae_rw-7-1-450x300.jpg 450w, https:\/\/jundiai.sp.gov.br\/noticias\/wp-content\/uploads\/sites\/32\/2026\/08\/revitalizacao_porta_a_dentro_centro_da_gente_e_sebrae_rw-7-1.jpg 1800w\" sizes=\"auto, (max-width: 1280px) 100vw, 1280px\" \/><figcaption class=\"wp-element-caption\">Capacita\u00e7\u00f5es<\/figcaption><\/figure>\n<\/figure>\n\n\n\n<p><strong>Pr\u00f3ximos passos<\/strong><\/p>\n\n\n\n<p>Na \u00faltima semana, representantes das secretarias municipais que integram o Grupo de Trabalho do Centro se reuniram para avaliar as a\u00e7\u00f5es realizadas durante o primeiro ano do programa e apresentar propostas para o pr\u00f3ximo per\u00edodo.<\/p>\n\n\n\n<p>\u201cEsse momento de avalia\u00e7\u00e3o \u00e9 fundamental para entendermos os avan\u00e7os e os desafios e planejarmos os pr\u00f3ximos passos. O Centro da Gente \u00e9 um trabalho cont\u00ednuo, constru\u00eddo a partir da integra\u00e7\u00e3o entre as secretarias e da escuta de moradores e comerciantes\u201d, afirma a coordenadora do GT do Centro, Daniela Colagrossi. A proposta \u00e9 dar continuidade \u00e0s a\u00e7\u00f5es j\u00e1 desenvolvidas e avan\u00e7ar em novas iniciativas para fortalecer a regi\u00e3o central, ampliar sua ocupa\u00e7\u00e3o e estimular o pertencimento da popula\u00e7\u00e3o.<\/p>\n\n\n\n<p>O Centro da Gente \u00e9 um programa intersetorial que re\u00fane as secretarias municipais, moradores, comerciantes e institui\u00e7\u00f5es parceiras em a\u00e7\u00f5es, de curto, m\u00e9dio e longo pazo, voltadas \u00e0 revitaliza\u00e7\u00e3o e \u00e0 valoriza\u00e7\u00e3o do cora\u00e7\u00e3o de Jundia\u00ed.<\/p>\n\n\n\n<figure class=\"wp-block-image size-full\"><a href=\"https:\/\/jundiai.sp.gov.br\/centrodagente\/\"><img loading=\"lazy\" decoding=\"async\" width=\"1280\" height=\"295\" src=\"https:\/\/jundiai.sp.gov.br\/noticias\/wp-content\/uploads\/sites\/32\/2026\/08\/web-banner_centro-da-gente_1300x300_pmj_v2-jpg-1280x295-1.jpeg\" alt=\"\" class=\"wp-image-387157\" srcset=\"https:\/\/jundiai.sp.gov.br\/noticias\/wp-content\/uploads\/sites\/32\/2026\/08\/web-banner_centro-da-gente_1300x300_pmj_v2-jpg-1280x295-1.jpeg 1280w, https:\/\/jundiai.sp.gov.br\/noticias\/wp-content\/uploads\/sites\/32\/2026\/08\/web-banner_centro-da-gente_1300x300_pmj_v2-jpg-1280x295-1-300x69.jpeg 300w, https:\/\/jundiai.sp.gov.br\/noticias\/wp-content\/uploads\/sites\/32\/2026\/08\/web-banner_centro-da-gente_1300x300_pmj_v2-jpg-1280x295-1-768x177.jpeg 768w\" sizes=\"auto, (max-width: 1280px) 100vw, 1280px\" \/><\/a><\/figure>\n\n\n\n<p><strong>Assessoria de Imprensa<br>Fotos: Fot\u00f3grafos PMJ<\/strong><\/p>\n","protected":false},"excerpt":{"rendered":"<p>O programa Centro da Gente completa, em setembro, um ano de sua oficializa\u00e7\u00e3o, marco que consolidou uma atua\u00e7\u00e3o que j\u00e1 vinha sendo constru\u00edda a partir de estudos, planejamento e a\u00e7\u00f5es voltadas \u00e0 regi\u00e3o central de Jundia\u00ed. A institui\u00e7\u00e3o do programa por decreto e a defini\u00e7\u00e3o das 13 secretarias integrantes formalizaram o trabalho conjunto e deram [&hellip;]<\/p>\n","protected":false},"author":124,"featured_media":386950,"comment_status":"closed","ping_status":"closed","sticky":false,"template":"","format":"standard","meta":{"footnotes":""},"categories":[4620,2],"tags":[5391,403],"ods":[],"class_list":["post-386948","post","type-post","status-publish","format-standard","has-post-thumbnail","hentry","category-destaques","category-noticias","tag-centro-da-gente","tag-revitalizacao"],"_links":{"self":[{"href":"https:\/\/jundiai.sp.gov.br\/noticias\/wp-json\/wp\/v2\/posts\/386948","targetHints":{"allow":["GET"]}}],"collection":[{"href":"https:\/\/jundiai.sp.gov.br\/noticias\/wp-json\/wp\/v2\/posts"}],"about":[{"href":"https:\/\/jundiai.sp.gov.br\/noticias\/wp-json\/wp\/v2\/types\/post"}],"author":[{"embeddable":true,"href":"https:\/\/jundiai.sp.gov.br\/noticias\/wp-json\/wp\/v2\/users\/124"}],"replies":[{"embeddable":true,"href":"https:\/\/jundiai.sp.gov.br\/noticias\/wp-json\/wp\/v2\/comments?post=386948"}],"version-history":[{"count":4,"href":"https:\/\/jundiai.sp.gov.br\/noticias\/wp-json\/wp\/v2\/posts\/386948\/revisions"}],"predecessor-version":[{"id":387191,"href":"https:\/\/jundiai.sp.gov.br\/noticias\/wp-json\/wp\/v2\/posts\/386948\/revisions\/387191"}],"wp:featuredmedia":[{"embeddable":true,"href":"https:\/\/jundiai.sp.gov.br\/noticias\/wp-json\/wp\/v2\/media\/386950"}],"wp:attachment":[{"href":"https:\/\/jundiai.sp.gov.br\/noticias\/wp-json\/wp\/v2\/media?parent=386948"}],"wp:term":[{"taxonomy":"category","embeddable":true,"href":"https:\/\/jundiai.sp.gov.br\/noticias\/wp-json\/wp\/v2\/categories?post=386948"},{"taxonomy":"post_tag","embeddable":true,"href":"https:\/\/jundiai.sp.gov.br\/noticias\/wp-json\/wp\/v2\/tags?post=386948"},{"taxonomy":"ods","embeddable":true,"href":"https:\/\/jundiai.sp.gov.br\/noticias\/wp-json\/wp\/v2\/ods?post=386948"}],"curies":[{"name":"wp","href":"https:\/\/api.w.org\/{rel}","templated":true}]}}