{"id":386953,"date":"2026-08-31T14:08:00","date_gmt":"2026-08-31T17:08:00","guid":{"rendered":"https:\/\/jundiai.sp.gov.br\/noticias\/?p=386953"},"modified":"2026-08-28T17:29:28","modified_gmt":"2026-08-28T20:29:28","slug":"jundiai-lanca-estrategia-para-ampliar-presenca-de-empresas-locais-no-mercado-internacional","status":"publish","type":"post","link":"https:\/\/jundiai.sp.gov.br\/noticias\/2026\/08\/31\/jundiai-lanca-estrategia-para-ampliar-presenca-de-empresas-locais-no-mercado-internacional\/","title":{"rendered":"Jundia\u00ed lan\u00e7a estrat\u00e9gia para ampliar presen\u00e7a de empresas locais no mercado internacional"},"content":{"rendered":"\n<p>Com a participa\u00e7\u00e3o de cerca de 40 empres\u00e1rios, empreendedores e produtores rurais, Jundia\u00ed realizou, o Meeting Exporta\u00e7\u00e3o \u2013 Oportunidades de Internacionaliza\u00e7\u00e3o para Empresas de Jundia\u00ed, no CIESP Jundia\u00ed. O encontro marcou tamb\u00e9m o lan\u00e7amento do Jundia\u00ed +Internacional, estrat\u00e9gia da Prefeitura voltada a ampliar a inser\u00e7\u00e3o internacional da economia local e apoiar empresas interessadas em conquistar novos mercados.<\/p>\n\n\n\n<p>A iniciativa integra o Programa Desenvolve+, da Secretaria de Desenvolvimento Econ\u00f4mico, Ci\u00eancia e Tecnologia (SMDECT), e \u00e9 coordenada pela Assessoria Especial de Coopera\u00e7\u00e3o Internacional. A proposta \u00e9 atuar em tr\u00eas frentes: fomento \u00e0 internacionaliza\u00e7\u00e3o de empresas locais, atra\u00e7\u00e3o de investimentos externos e conex\u00e3o com institui\u00e7\u00f5es nacionais e internacionais.<\/p>\n\n\n\n<figure class=\"wp-block-gallery has-nested-images columns-default is-cropped wp-block-gallery-1 is-layout-flex wp-block-gallery-is-layout-flex\">\n<figure class=\"wp-block-image size-large\"><img loading=\"lazy\" decoding=\"async\" width=\"1280\" height=\"853\" data-id=\"386954\" src=\"https:\/\/jundiai.sp.gov.br\/noticias\/wp-content\/uploads\/sites\/32\/2026\/08\/meeting_de_exportacao_ciesp_v-1-1280x853.jpg\" alt=\"\" class=\"wp-image-386954\" srcset=\"https:\/\/jundiai.sp.gov.br\/noticias\/wp-content\/uploads\/sites\/32\/2026\/08\/meeting_de_exportacao_ciesp_v-1-1280x853.jpg 1280w, https:\/\/jundiai.sp.gov.br\/noticias\/wp-content\/uploads\/sites\/32\/2026\/08\/meeting_de_exportacao_ciesp_v-1-300x200.jpg 300w, https:\/\/jundiai.sp.gov.br\/noticias\/wp-content\/uploads\/sites\/32\/2026\/08\/meeting_de_exportacao_ciesp_v-1-768x512.jpg 768w, https:\/\/jundiai.sp.gov.br\/noticias\/wp-content\/uploads\/sites\/32\/2026\/08\/meeting_de_exportacao_ciesp_v-1-1536x1023.jpg 1536w, https:\/\/jundiai.sp.gov.br\/noticias\/wp-content\/uploads\/sites\/32\/2026\/08\/meeting_de_exportacao_ciesp_v-1-450x300.jpg 450w, https:\/\/jundiai.sp.gov.br\/noticias\/wp-content\/uploads\/sites\/32\/2026\/08\/meeting_de_exportacao_ciesp_v-1.jpg 1900w\" sizes=\"auto, (max-width: 1280px) 100vw, 1280px\" \/><figcaption class=\"wp-element-caption\">F\u00e1bio de Paula, Humberto Cereser, Laura Comparato, Cileide David<\/figcaption><\/figure>\n<\/figure>\n\n\n\n<p>Representantes da Prefeitura, CIESP, Sebrae-SP, ApexBrasil e InvestSP apresentaram programas, ferramentas e caminhos gratuitos para empresas que desejam iniciar ou ampliar sua atua\u00e7\u00e3o no com\u00e9rcio exterior. Tamb\u00e9m foram apresentados cases de empreendedoras que compartilharam experi\u00eancias no processo de internacionaliza\u00e7\u00e3o.<\/p>\n\n\n\n<p>O secret\u00e1rio de Desenvolvimento Econ\u00f4mico, Ci\u00eancia e Tecnologia, Humberto Cereser, destacou o compromisso da Administra\u00e7\u00e3o Municipal com o fortalecimento da competitividade das empresas, a gera\u00e7\u00e3o de emprego e renda e o desenvolvimento econ\u00f4mico sustent\u00e1vel. J\u00e1 a assessora especial de Coopera\u00e7\u00e3o Internacional, Laura Comparato, apresentou o Jundia\u00ed+Internacional e refor\u00e7ou a import\u00e2ncia da articula\u00e7\u00e3o entre poder p\u00fablico, setor produtivo e institui\u00e7\u00f5es especializadas.<\/p>\n\n\n\n<figure class=\"wp-block-gallery has-nested-images columns-default is-cropped wp-block-gallery-2 is-layout-flex wp-block-gallery-is-layout-flex\">\n<figure class=\"wp-block-image size-large\"><img loading=\"lazy\" decoding=\"async\" width=\"1280\" height=\"854\" data-id=\"386955\" src=\"https:\/\/jundiai.sp.gov.br\/noticias\/wp-content\/uploads\/sites\/32\/2026\/08\/meeting_de_exportacao_ciesp_v-7-1280x854.jpg\" alt=\"\" class=\"wp-image-386955\" srcset=\"https:\/\/jundiai.sp.gov.br\/noticias\/wp-content\/uploads\/sites\/32\/2026\/08\/meeting_de_exportacao_ciesp_v-7-1280x854.jpg 1280w, https:\/\/jundiai.sp.gov.br\/noticias\/wp-content\/uploads\/sites\/32\/2026\/08\/meeting_de_exportacao_ciesp_v-7-300x200.jpg 300w, https:\/\/jundiai.sp.gov.br\/noticias\/wp-content\/uploads\/sites\/32\/2026\/08\/meeting_de_exportacao_ciesp_v-7-768x512.jpg 768w, https:\/\/jundiai.sp.gov.br\/noticias\/wp-content\/uploads\/sites\/32\/2026\/08\/meeting_de_exportacao_ciesp_v-7-1536x1024.jpg 1536w, https:\/\/jundiai.sp.gov.br\/noticias\/wp-content\/uploads\/sites\/32\/2026\/08\/meeting_de_exportacao_ciesp_v-7-450x300.jpg 450w, https:\/\/jundiai.sp.gov.br\/noticias\/wp-content\/uploads\/sites\/32\/2026\/08\/meeting_de_exportacao_ciesp_v-7.jpg 1900w\" sizes=\"auto, (max-width: 1280px) 100vw, 1280px\" \/><\/figure>\n\n\n\n<figure class=\"wp-block-image size-large\"><img loading=\"lazy\" decoding=\"async\" width=\"1280\" height=\"854\" data-id=\"386956\" src=\"https:\/\/jundiai.sp.gov.br\/noticias\/wp-content\/uploads\/sites\/32\/2026\/08\/meeting_de_exportacao_ciesp_v-2-1280x854.jpg\" alt=\"\" class=\"wp-image-386956\" srcset=\"https:\/\/jundiai.sp.gov.br\/noticias\/wp-content\/uploads\/sites\/32\/2026\/08\/meeting_de_exportacao_ciesp_v-2-1280x854.jpg 1280w, https:\/\/jundiai.sp.gov.br\/noticias\/wp-content\/uploads\/sites\/32\/2026\/08\/meeting_de_exportacao_ciesp_v-2-300x200.jpg 300w, https:\/\/jundiai.sp.gov.br\/noticias\/wp-content\/uploads\/sites\/32\/2026\/08\/meeting_de_exportacao_ciesp_v-2-768x512.jpg 768w, https:\/\/jundiai.sp.gov.br\/noticias\/wp-content\/uploads\/sites\/32\/2026\/08\/meeting_de_exportacao_ciesp_v-2-1536x1024.jpg 1536w, https:\/\/jundiai.sp.gov.br\/noticias\/wp-content\/uploads\/sites\/32\/2026\/08\/meeting_de_exportacao_ciesp_v-2-450x300.jpg 450w, https:\/\/jundiai.sp.gov.br\/noticias\/wp-content\/uploads\/sites\/32\/2026\/08\/meeting_de_exportacao_ciesp_v-2.jpg 1900w\" sizes=\"auto, (max-width: 1280px) 100vw, 1280px\" \/><\/figure>\n<\/figure>\n\n\n\n<p>Para a coordenadora do Grupo de Trabalho de Com\u00e9rcio Exterior do CIESP Jundia\u00ed, Cileide David, a parceria entre as institui\u00e7\u00f5es \u00e9 fundamental para ampliar o acesso das empresas locais ao mercado internacional. O gerente regional do Sebrae-SP, F\u00e1bio de Paula Augusto, tamb\u00e9m ressaltou a import\u00e2ncia da iniciativa e do apoio oferecido pelo Sebrae para preparar empresas para a internacionaliza\u00e7\u00e3o.<\/p>\n\n\n\n<p><strong>Mercado internacional em expans\u00e3o<\/strong><\/p>\n\n\n\n<p>Os dados mais recentes refor\u00e7am o potencial da regi\u00e3o. De janeiro a julho de 2026, as exporta\u00e7\u00f5es da regi\u00e3o de Jundia\u00ed somaram US$ 1,71 bilh\u00e3o, crescimento de 12,2% em rela\u00e7\u00e3o ao mesmo per\u00edodo de 2025. As importa\u00e7\u00f5es chegaram a US$ 5,84 bilh\u00f5es, alta de 11,9%.<\/p>\n\n\n\n<p>Entre os principais produtos exportados est\u00e3o m\u00e1quinas e instrumentos mec\u00e2nicos, m\u00e1quinas e materiais el\u00e9tricos e produtos de perfumaria. Estados Unidos, Argentina e Chile foram os principais destinos.<\/p>\n\n\n\n<p>Com o Jundia\u00ed+Internacional, a Prefeitura pretende ampliar o acesso das empresas a orienta\u00e7\u00e3o, capacita\u00e7\u00e3o, informa\u00e7\u00f5es, eventos, feiras internacionais, rodadas de neg\u00f3cios, miss\u00f5es empresariais e conex\u00f5es com c\u00e2maras de com\u00e9rcio, consulados, ag\u00eancias de fomento e outras institui\u00e7\u00f5es.<\/p>\n\n\n\n<p>A estrat\u00e9gia tamb\u00e9m contempla a atra\u00e7\u00e3o de investimentos, com atendimento a empresas e investidores e divulga\u00e7\u00e3o das potencialidades de Jundia\u00ed.<\/p>\n\n\n\n<p>A partir do encontro, a Assessoria Especial de Coopera\u00e7\u00e3o Internacional dar\u00e1 continuidade \u00e0 articula\u00e7\u00e3o com as institui\u00e7\u00f5es parceiras e ao encaminhamento de empresas interessadas aos programas e instrumentos de apoio apresentados durante o evento.<\/p>\n\n\n\n<p><strong>Assessoria de Imprensa<br>Fotos: Fot\u00f3grafos PMJ<\/strong><\/p>\n","protected":false},"excerpt":{"rendered":"<p>Com a participa\u00e7\u00e3o de cerca de 40 empres\u00e1rios, empreendedores e produtores rurais, Jundia\u00ed realizou, o Meeting Exporta\u00e7\u00e3o \u2013 Oportunidades de Internacionaliza\u00e7\u00e3o para Empresas de Jundia\u00ed, no CIESP Jundia\u00ed. O encontro marcou tamb\u00e9m o lan\u00e7amento do Jundia\u00ed +Internacional, estrat\u00e9gia da Prefeitura voltada a ampliar a inser\u00e7\u00e3o internacional da economia local e apoiar empresas interessadas em conquistar [&hellip;]<\/p>\n","protected":false},"author":69,"featured_media":386954,"comment_status":"closed","ping_status":"closed","sticky":false,"template":"","format":"standard","meta":{"footnotes":""},"categories":[4620,2],"tags":[4588,5564,4589,7011,7010,6964,5567],"ods":[],"class_list":["post-386953","post","type-post","status-publish","format-standard","has-post-thumbnail","hentry","category-destaques","category-noticias","tag-assessoria-especial-de-cooperacao-internacional","tag-desenvolve-2","tag-exportacao","tag-importacao","tag-jundiai-internacional-2","tag-meeting-exportacao","tag-secretaria-de-desenvolvimento-economico-ciencia-e-tecnologia"],"_links":{"self":[{"href":"https:\/\/jundiai.sp.gov.br\/noticias\/wp-json\/wp\/v2\/posts\/386953","targetHints":{"allow":["GET"]}}],"collection":[{"href":"https:\/\/jundiai.sp.gov.br\/noticias\/wp-json\/wp\/v2\/posts"}],"about":[{"href":"https:\/\/jundiai.sp.gov.br\/noticias\/wp-json\/wp\/v2\/types\/post"}],"author":[{"embeddable":true,"href":"https:\/\/jundiai.sp.gov.br\/noticias\/wp-json\/wp\/v2\/users\/69"}],"replies":[{"embeddable":true,"href":"https:\/\/jundiai.sp.gov.br\/noticias\/wp-json\/wp\/v2\/comments?post=386953"}],"version-history":[{"count":2,"href":"https:\/\/jundiai.sp.gov.br\/noticias\/wp-json\/wp\/v2\/posts\/386953\/revisions"}],"predecessor-version":[{"id":387037,"href":"https:\/\/jundiai.sp.gov.br\/noticias\/wp-json\/wp\/v2\/posts\/386953\/revisions\/387037"}],"wp:featuredmedia":[{"embeddable":true,"href":"https:\/\/jundiai.sp.gov.br\/noticias\/wp-json\/wp\/v2\/media\/386954"}],"wp:attachment":[{"href":"https:\/\/jundiai.sp.gov.br\/noticias\/wp-json\/wp\/v2\/media?parent=386953"}],"wp:term":[{"taxonomy":"category","embeddable":true,"href":"https:\/\/jundiai.sp.gov.br\/noticias\/wp-json\/wp\/v2\/categories?post=386953"},{"taxonomy":"post_tag","embeddable":true,"href":"https:\/\/jundiai.sp.gov.br\/noticias\/wp-json\/wp\/v2\/tags?post=386953"},{"taxonomy":"ods","embeddable":true,"href":"https:\/\/jundiai.sp.gov.br\/noticias\/wp-json\/wp\/v2\/ods?post=386953"}],"curies":[{"name":"wp","href":"https:\/\/api.w.org\/{rel}","templated":true}]}}