{"id":386958,"date":"2026-08-31T10:53:00","date_gmt":"2026-08-31T13:53:00","guid":{"rendered":"https:\/\/jundiai.sp.gov.br\/noticias\/?p=386958"},"modified":"2026-08-31T11:57:00","modified_gmt":"2026-08-31T14:57:00","slug":"prefeitura-e-dae-jundiai-reforcam-acoes-de-seguranca-durante-obras-do-tic-no-entorno-do-parque-mundo-das-criancas","status":"publish","type":"post","link":"https:\/\/jundiai.sp.gov.br\/noticias\/2026\/08\/31\/prefeitura-e-dae-jundiai-reforcam-acoes-de-seguranca-durante-obras-do-tic-no-entorno-do-parque-mundo-das-criancas\/","title":{"rendered":"Prefeitura e DAE Jundia\u00ed refor\u00e7am a\u00e7\u00f5es de seguran\u00e7a durante obras do TIC no entorno do Parque Mundo das Crian\u00e7as"},"content":{"rendered":"\n<p>A Prefeitura de Jundia\u00ed e a DAE Jundia\u00ed tem refor\u00e7ado as a\u00e7\u00f5es de seguran\u00e7a para garantir a circula\u00e7\u00e3o organizada e a prote\u00e7\u00e3o de pedestres e ciclistas durante o avan\u00e7o das obras do Trem Intercidades (TIC), na regi\u00e3o conhecida como Prainha, ao lado do Parque Mundo das Crian\u00e7as.<\/p>\n\n\n\n<p>As interven\u00e7\u00f5es s\u00e3o realizadas ao lado da Avenida Navarro de Andrade. No local, ser\u00e1 constru\u00eddo um viaduto ferrovi\u00e1rio que permitir\u00e1 a transposi\u00e7\u00e3o das vias destinadas ao transporte de cargas sobre a linha de passageiros. Nesta etapa, as equipes trabalham na prepara\u00e7\u00e3o do terreno e na execu\u00e7\u00e3o das funda\u00e7\u00f5es. Na sequ\u00eancia, ser\u00e3o constru\u00eddos os pilares e as vigas que ir\u00e3o compor a estrutura.<\/p>\n\n\n\n<figure class=\"wp-block-gallery has-nested-images columns-default is-cropped wp-block-gallery-1 is-layout-flex wp-block-gallery-is-layout-flex\">\n<figure class=\"wp-block-image size-large\"><img loading=\"lazy\" decoding=\"async\" width=\"1280\" height=\"854\" data-id=\"386959\" src=\"https:\/\/jundiai.sp.gov.br\/noticias\/wp-content\/uploads\/sites\/32\/2026\/08\/obras_tic_trens_d-4-1280x854.jpg\" alt=\"\" class=\"wp-image-386959\" srcset=\"https:\/\/jundiai.sp.gov.br\/noticias\/wp-content\/uploads\/sites\/32\/2026\/08\/obras_tic_trens_d-4-1280x854.jpg 1280w, https:\/\/jundiai.sp.gov.br\/noticias\/wp-content\/uploads\/sites\/32\/2026\/08\/obras_tic_trens_d-4-300x200.jpg 300w, https:\/\/jundiai.sp.gov.br\/noticias\/wp-content\/uploads\/sites\/32\/2026\/08\/obras_tic_trens_d-4-768x512.jpg 768w, https:\/\/jundiai.sp.gov.br\/noticias\/wp-content\/uploads\/sites\/32\/2026\/08\/obras_tic_trens_d-4-1536x1024.jpg 1536w, https:\/\/jundiai.sp.gov.br\/noticias\/wp-content\/uploads\/sites\/32\/2026\/08\/obras_tic_trens_d-4-450x300.jpg 450w, https:\/\/jundiai.sp.gov.br\/noticias\/wp-content\/uploads\/sites\/32\/2026\/08\/obras_tic_trens_d-4.jpg 1900w\" sizes=\"auto, (max-width: 1280px) 100vw, 1280px\" \/><\/figure>\n\n\n\n<figure class=\"wp-block-image size-large\"><img loading=\"lazy\" decoding=\"async\" width=\"1280\" height=\"854\" data-id=\"386960\" src=\"https:\/\/jundiai.sp.gov.br\/noticias\/wp-content\/uploads\/sites\/32\/2026\/08\/obras_tic_trens_d-12-1280x854.jpg\" alt=\"\" class=\"wp-image-386960\" srcset=\"https:\/\/jundiai.sp.gov.br\/noticias\/wp-content\/uploads\/sites\/32\/2026\/08\/obras_tic_trens_d-12-1280x854.jpg 1280w, https:\/\/jundiai.sp.gov.br\/noticias\/wp-content\/uploads\/sites\/32\/2026\/08\/obras_tic_trens_d-12-300x200.jpg 300w, https:\/\/jundiai.sp.gov.br\/noticias\/wp-content\/uploads\/sites\/32\/2026\/08\/obras_tic_trens_d-12-768x512.jpg 768w, https:\/\/jundiai.sp.gov.br\/noticias\/wp-content\/uploads\/sites\/32\/2026\/08\/obras_tic_trens_d-12-1536x1024.jpg 1536w, https:\/\/jundiai.sp.gov.br\/noticias\/wp-content\/uploads\/sites\/32\/2026\/08\/obras_tic_trens_d-12-450x300.jpg 450w, https:\/\/jundiai.sp.gov.br\/noticias\/wp-content\/uploads\/sites\/32\/2026\/08\/obras_tic_trens_d-12.jpg 1900w\" sizes=\"auto, (max-width: 1280px) 100vw, 1280px\" \/><\/figure>\n\n\n\n<figure class=\"wp-block-image size-large\"><img loading=\"lazy\" decoding=\"async\" width=\"1280\" height=\"854\" data-id=\"386961\" src=\"https:\/\/jundiai.sp.gov.br\/noticias\/wp-content\/uploads\/sites\/32\/2026\/08\/obras_tic_trens_d-23-1280x854.jpg\" alt=\"\" class=\"wp-image-386961\" srcset=\"https:\/\/jundiai.sp.gov.br\/noticias\/wp-content\/uploads\/sites\/32\/2026\/08\/obras_tic_trens_d-23-1280x854.jpg 1280w, https:\/\/jundiai.sp.gov.br\/noticias\/wp-content\/uploads\/sites\/32\/2026\/08\/obras_tic_trens_d-23-300x200.jpg 300w, https:\/\/jundiai.sp.gov.br\/noticias\/wp-content\/uploads\/sites\/32\/2026\/08\/obras_tic_trens_d-23-768x512.jpg 768w, https:\/\/jundiai.sp.gov.br\/noticias\/wp-content\/uploads\/sites\/32\/2026\/08\/obras_tic_trens_d-23-1536x1024.jpg 1536w, https:\/\/jundiai.sp.gov.br\/noticias\/wp-content\/uploads\/sites\/32\/2026\/08\/obras_tic_trens_d-23-450x300.jpg 450w, https:\/\/jundiai.sp.gov.br\/noticias\/wp-content\/uploads\/sites\/32\/2026\/08\/obras_tic_trens_d-23.jpg 1900w\" sizes=\"auto, (max-width: 1280px) 100vw, 1280px\" \/><\/figure>\n<figcaption class=\"blocks-gallery-caption wp-element-caption\">Prefeitura e DAE Jundia\u00ed refor\u00e7am a\u00e7\u00f5es de seguran\u00e7a durante obras do TIC <\/figcaption><\/figure>\n\n\n\n<p>Para acompanhar o andamento dos servi\u00e7os e minimizar os impactos aos frequentadores do parque, a Prefeitura, a DAE e a concession\u00e1ria TIC Trens tem adotado medidas de prote\u00e7\u00e3o e na organiza\u00e7\u00e3o da circula\u00e7\u00e3o na regi\u00e3o.<\/p>\n\n\n\n<p>Na \u00faltima semana, come\u00e7aram a ser instalados tapumes para separar a \u00e1rea de interven\u00e7\u00e3o do espa\u00e7o utilizado pelos frequentadores do Parque. A medida contribui para delimitar o local das obras e ampliar a seguran\u00e7a durante a execu\u00e7\u00e3o dos servi\u00e7os.<\/p>\n\n\n\n<p>Tamb\u00e9m est\u00e1 sendo organizado um caminho seguro para pedestres e ciclistas, inclusive na passagem sobre o pontilh\u00e3o da linha f\u00e9rrea, que faz a conex\u00e3o entre o Jardim Bot\u00e2nico e o Parque Mundo das Crian\u00e7as.<\/p>\n\n\n\n<p>As medidas adotadas t\u00eam como objetivo garantir a seguran\u00e7a dos usu\u00e1rios e manter a circula\u00e7\u00e3o organizada enquanto as obras avan\u00e7am, conciliando a execu\u00e7\u00e3o das interven\u00e7\u00f5es com a utiliza\u00e7\u00e3o dos espa\u00e7os p\u00fablicos da regi\u00e3o.<\/p>\n\n\n\n<figure class=\"wp-block-gallery has-nested-images columns-default is-cropped wp-block-gallery-2 is-layout-flex wp-block-gallery-is-layout-flex\">\n<figure class=\"wp-block-image size-large\"><img loading=\"lazy\" decoding=\"async\" width=\"1280\" height=\"854\" data-id=\"386962\" src=\"https:\/\/jundiai.sp.gov.br\/noticias\/wp-content\/uploads\/sites\/32\/2026\/08\/obras_tic_trens_d-25-1280x854.jpg\" alt=\"\" class=\"wp-image-386962\" srcset=\"https:\/\/jundiai.sp.gov.br\/noticias\/wp-content\/uploads\/sites\/32\/2026\/08\/obras_tic_trens_d-25-1280x854.jpg 1280w, https:\/\/jundiai.sp.gov.br\/noticias\/wp-content\/uploads\/sites\/32\/2026\/08\/obras_tic_trens_d-25-300x200.jpg 300w, https:\/\/jundiai.sp.gov.br\/noticias\/wp-content\/uploads\/sites\/32\/2026\/08\/obras_tic_trens_d-25-768x512.jpg 768w, https:\/\/jundiai.sp.gov.br\/noticias\/wp-content\/uploads\/sites\/32\/2026\/08\/obras_tic_trens_d-25-1536x1024.jpg 1536w, https:\/\/jundiai.sp.gov.br\/noticias\/wp-content\/uploads\/sites\/32\/2026\/08\/obras_tic_trens_d-25-450x300.jpg 450w, https:\/\/jundiai.sp.gov.br\/noticias\/wp-content\/uploads\/sites\/32\/2026\/08\/obras_tic_trens_d-25.jpg 1900w\" sizes=\"auto, (max-width: 1280px) 100vw, 1280px\" \/><\/figure>\n\n\n\n<figure class=\"wp-block-image size-large\"><img loading=\"lazy\" decoding=\"async\" width=\"1280\" height=\"854\" data-id=\"386966\" src=\"https:\/\/jundiai.sp.gov.br\/noticias\/wp-content\/uploads\/sites\/32\/2026\/08\/obras_tic_trens_d-16-1280x854.jpg\" alt=\"\" class=\"wp-image-386966\" srcset=\"https:\/\/jundiai.sp.gov.br\/noticias\/wp-content\/uploads\/sites\/32\/2026\/08\/obras_tic_trens_d-16-1280x854.jpg 1280w, https:\/\/jundiai.sp.gov.br\/noticias\/wp-content\/uploads\/sites\/32\/2026\/08\/obras_tic_trens_d-16-300x200.jpg 300w, https:\/\/jundiai.sp.gov.br\/noticias\/wp-content\/uploads\/sites\/32\/2026\/08\/obras_tic_trens_d-16-768x512.jpg 768w, https:\/\/jundiai.sp.gov.br\/noticias\/wp-content\/uploads\/sites\/32\/2026\/08\/obras_tic_trens_d-16-1536x1024.jpg 1536w, https:\/\/jundiai.sp.gov.br\/noticias\/wp-content\/uploads\/sites\/32\/2026\/08\/obras_tic_trens_d-16-450x300.jpg 450w, https:\/\/jundiai.sp.gov.br\/noticias\/wp-content\/uploads\/sites\/32\/2026\/08\/obras_tic_trens_d-16.jpg 1900w\" sizes=\"auto, (max-width: 1280px) 100vw, 1280px\" \/><\/figure>\n\n\n\n<figure class=\"wp-block-image size-large\"><img loading=\"lazy\" decoding=\"async\" width=\"1280\" height=\"854\" data-id=\"386965\" src=\"https:\/\/jundiai.sp.gov.br\/noticias\/wp-content\/uploads\/sites\/32\/2026\/08\/obras_tic_trens_d-38-1280x854.jpg\" alt=\"\" class=\"wp-image-386965\" srcset=\"https:\/\/jundiai.sp.gov.br\/noticias\/wp-content\/uploads\/sites\/32\/2026\/08\/obras_tic_trens_d-38-1280x854.jpg 1280w, https:\/\/jundiai.sp.gov.br\/noticias\/wp-content\/uploads\/sites\/32\/2026\/08\/obras_tic_trens_d-38-300x200.jpg 300w, https:\/\/jundiai.sp.gov.br\/noticias\/wp-content\/uploads\/sites\/32\/2026\/08\/obras_tic_trens_d-38-768x512.jpg 768w, https:\/\/jundiai.sp.gov.br\/noticias\/wp-content\/uploads\/sites\/32\/2026\/08\/obras_tic_trens_d-38-1536x1024.jpg 1536w, https:\/\/jundiai.sp.gov.br\/noticias\/wp-content\/uploads\/sites\/32\/2026\/08\/obras_tic_trens_d-38-450x300.jpg 450w, https:\/\/jundiai.sp.gov.br\/noticias\/wp-content\/uploads\/sites\/32\/2026\/08\/obras_tic_trens_d-38.jpg 1900w\" sizes=\"auto, (max-width: 1280px) 100vw, 1280px\" \/><\/figure>\n<\/figure>\n\n\n\n<p><strong>Assessoria de Imprensa<br>Fotos: Fot\u00f3grafo PMJ<\/strong><\/p>\n","protected":false},"excerpt":{"rendered":"<p>A Prefeitura de Jundia\u00ed e a DAE Jundia\u00ed tem refor\u00e7ado as a\u00e7\u00f5es de seguran\u00e7a para garantir a circula\u00e7\u00e3o organizada e a prote\u00e7\u00e3o de pedestres e ciclistas durante o avan\u00e7o das obras do Trem Intercidades (TIC), na regi\u00e3o conhecida como Prainha, ao lado do Parque Mundo das Crian\u00e7as. As interven\u00e7\u00f5es s\u00e3o realizadas ao lado da Avenida [&hellip;]<\/p>\n","protected":false},"author":123,"featured_media":386966,"comment_status":"closed","ping_status":"closed","sticky":false,"template":"","format":"standard","meta":{"footnotes":""},"categories":[4620,2],"tags":[982,5025],"ods":[],"class_list":["post-386958","post","type-post","status-publish","format-standard","has-post-thumbnail","hentry","category-destaques","category-noticias","tag-mobilidade-e-transporte","tag-tic-trens"],"_links":{"self":[{"href":"https:\/\/jundiai.sp.gov.br\/noticias\/wp-json\/wp\/v2\/posts\/386958","targetHints":{"allow":["GET"]}}],"collection":[{"href":"https:\/\/jundiai.sp.gov.br\/noticias\/wp-json\/wp\/v2\/posts"}],"about":[{"href":"https:\/\/jundiai.sp.gov.br\/noticias\/wp-json\/wp\/v2\/types\/post"}],"author":[{"embeddable":true,"href":"https:\/\/jundiai.sp.gov.br\/noticias\/wp-json\/wp\/v2\/users\/123"}],"replies":[{"embeddable":true,"href":"https:\/\/jundiai.sp.gov.br\/noticias\/wp-json\/wp\/v2\/comments?post=386958"}],"version-history":[{"count":4,"href":"https:\/\/jundiai.sp.gov.br\/noticias\/wp-json\/wp\/v2\/posts\/386958\/revisions"}],"predecessor-version":[{"id":387058,"href":"https:\/\/jundiai.sp.gov.br\/noticias\/wp-json\/wp\/v2\/posts\/386958\/revisions\/387058"}],"wp:featuredmedia":[{"embeddable":true,"href":"https:\/\/jundiai.sp.gov.br\/noticias\/wp-json\/wp\/v2\/media\/386966"}],"wp:attachment":[{"href":"https:\/\/jundiai.sp.gov.br\/noticias\/wp-json\/wp\/v2\/media?parent=386958"}],"wp:term":[{"taxonomy":"category","embeddable":true,"href":"https:\/\/jundiai.sp.gov.br\/noticias\/wp-json\/wp\/v2\/categories?post=386958"},{"taxonomy":"post_tag","embeddable":true,"href":"https:\/\/jundiai.sp.gov.br\/noticias\/wp-json\/wp\/v2\/tags?post=386958"},{"taxonomy":"ods","embeddable":true,"href":"https:\/\/jundiai.sp.gov.br\/noticias\/wp-json\/wp\/v2\/ods?post=386958"}],"curies":[{"name":"wp","href":"https:\/\/api.w.org\/{rel}","templated":true}]}}