{"id":386969,"date":"2026-09-03T10:55:00","date_gmt":"2026-09-03T13:55:00","guid":{"rendered":"https:\/\/jundiai.sp.gov.br\/noticias\/?p=386969"},"modified":"2026-08-28T17:03:14","modified_gmt":"2026-08-28T20:03:14","slug":"etec-benedito-storani-abre-inscricoes-para-o-vestibulinho-do-1o-semestre-de-2027","status":"publish","type":"post","link":"https:\/\/jundiai.sp.gov.br\/noticias\/2026\/09\/03\/etec-benedito-storani-abre-inscricoes-para-o-vestibulinho-do-1o-semestre-de-2027\/","title":{"rendered":"Etec Benedito Storani abre inscri\u00e7\u00f5es para o Vestibulinho do 1\u00ba semestre de 2027"},"content":{"rendered":"\n<p>A Escola T\u00e9cnica Estadual Benedito Storani (Etec BeSt), de Jundia\u00ed, est\u00e1 com inscri\u00e7\u00f5es abertas para o Vestibulinho do primeiro semestre de 2027. A unidade oferece sete op\u00e7\u00f5es de cursos de Ensino M\u00e9dio integrado ao Ensino T\u00e9cnico, todos gratuitos, em \u00e1reas como Agropecu\u00e1ria, Nutri\u00e7\u00e3o e Diet\u00e9tica, Qu\u00edmica, Gastronomia, Administra\u00e7\u00e3o e Alimentos.<\/p>\n\n\n\n<p>As inscri\u00e7\u00f5es podem ser realizadas at\u00e9 3 de novembro, exclusivamente pelo site oficial do Vestibulinho das Etecs. A taxa \u00e9 de R$ 50. O exame ser\u00e1 realizado no dia 6 de dezembro.<\/p>\n\n\n\n<p>A Etec Benedito Storani oferece as seguintes op\u00e7\u00f5es para 2027:<\/p>\n\n\n\n<ul class=\"wp-block-list\">\n<li><strong>Agropecu\u00e1ria<\/strong> \u2013 per\u00edodo integral;<\/li>\n\n\n\n<li><strong>Nutri\u00e7\u00e3o e Diet\u00e9tica<\/strong> \u2013 per\u00edodo integral;<\/li>\n\n\n\n<li><strong>Qu\u00edmica<\/strong> \u2013 per\u00edodo integral;<\/li>\n\n\n\n<li><strong>Gastronomia<\/strong> \u2013 modalidade AMS, per\u00edodo da manh\u00e3;<\/li>\n\n\n\n<li><strong>Administra\u00e7\u00e3o<\/strong> \u2013 modalidade AMS, per\u00edodo da tarde;<\/li>\n\n\n\n<li><strong>Alimentos<\/strong> \u2013 per\u00edodo noturno;<\/li>\n\n\n\n<li><strong>Administra\u00e7\u00e3o<\/strong> \u2013 per\u00edodo noturno.<\/li>\n<\/ul>\n\n\n\n<p>A modalidade AMS (Articula\u00e7\u00e3o M\u00e9dio-Superior) \u00e9 um dos diferenciais da unidade. Nessa modalidade, o estudante conclui o Ensino M\u00e9dio e o curso t\u00e9cnico e, posteriormente, pode seguir para a Fatec parceira para cursar o Ensino Superior, com continuidade da forma\u00e7\u00e3o na mesma \u00e1rea.<\/p>\n\n\n\n<h2 class=\"wp-block-heading\"><strong>Calend\u00e1rio do Vestibulinho 2027<\/strong><\/h2>\n\n\n\n<ul class=\"wp-block-list\">\n<li><strong>At\u00e9 1\u00ba de setembro<\/strong> \u2013 solicita\u00e7\u00e3o da redu\u00e7\u00e3o da taxa de inscri\u00e7\u00e3o;<\/li>\n\n\n\n<li><strong>De 2 de setembro a 3 de novembro<\/strong> \u2013 inscri\u00e7\u00f5es para o Vestibulinho;<\/li>\n\n\n\n<li><strong>2 de dezembro<\/strong> \u2013 divulga\u00e7\u00e3o dos locais de prova;<\/li>\n\n\n\n<li><strong>6 de dezembro<\/strong> \u2013 exame;<\/li>\n\n\n\n<li><strong>11 de janeiro de 2027<\/strong> \u2013 divulga\u00e7\u00e3o da classifica\u00e7\u00e3o geral e convoca\u00e7\u00e3o da primeira chamada para matr\u00edcula.<\/li>\n<\/ul>\n\n\n\n<p>Administradas pelo Centro Paula Souza (CPS), as Etecs oferecem forma\u00e7\u00e3o gratuita e conectada \u00e0s demandas do mercado de trabalho. Atualmente, s\u00e3o 229 unidades distribu\u00eddas por diferentes regi\u00f5es do Estado de S\u00e3o Paulo.<\/p>\n\n\n\n<p>As inscri\u00e7\u00f5es e todas as informa\u00e7\u00f5es sobre o processo seletivo est\u00e3o dispon\u00edveis no site oficial do Vestibulinho das Etecs: <a href=\"http:\/\/vestibulinho.etec.sp.gov.br\">vestibulinho.etec.sp.gov.br<\/a>.<\/p>\n\n\n\n<p><strong>Assessoria de Imprensa<\/strong><br><\/p>\n","protected":false},"excerpt":{"rendered":"<p>A Escola T\u00e9cnica Estadual Benedito Storani (Etec BeSt), de Jundia\u00ed, est\u00e1 com inscri\u00e7\u00f5es abertas para o Vestibulinho do primeiro semestre de 2027. A unidade oferece sete op\u00e7\u00f5es de cursos de Ensino M\u00e9dio integrado ao Ensino T\u00e9cnico, todos gratuitos, em \u00e1reas como Agropecu\u00e1ria, Nutri\u00e7\u00e3o e Diet\u00e9tica, Qu\u00edmica, Gastronomia, Administra\u00e7\u00e3o e Alimentos. As inscri\u00e7\u00f5es podem ser realizadas [&hellip;]<\/p>\n","protected":false},"author":69,"featured_media":386970,"comment_status":"closed","ping_status":"0","sticky":false,"template":"","format":"standard","meta":{"footnotes":""},"categories":[2],"tags":[1143,2402,4882,7012],"ods":[],"class_list":["post-386969","post","type-post","status-publish","format-standard","has-post-thumbnail","hentry","category-noticias","tag-centro-paula-souza","tag-etec-benedito-storani","tag-etec-best","tag-vestibulinho"],"_links":{"self":[{"href":"https:\/\/jundiai.sp.gov.br\/noticias\/wp-json\/wp\/v2\/posts\/386969","targetHints":{"allow":["GET"]}}],"collection":[{"href":"https:\/\/jundiai.sp.gov.br\/noticias\/wp-json\/wp\/v2\/posts"}],"about":[{"href":"https:\/\/jundiai.sp.gov.br\/noticias\/wp-json\/wp\/v2\/types\/post"}],"author":[{"embeddable":true,"href":"https:\/\/jundiai.sp.gov.br\/noticias\/wp-json\/wp\/v2\/users\/69"}],"replies":[{"embeddable":true,"href":"https:\/\/jundiai.sp.gov.br\/noticias\/wp-json\/wp\/v2\/comments?post=386969"}],"version-history":[{"count":2,"href":"https:\/\/jundiai.sp.gov.br\/noticias\/wp-json\/wp\/v2\/posts\/386969\/revisions"}],"predecessor-version":[{"id":386972,"href":"https:\/\/jundiai.sp.gov.br\/noticias\/wp-json\/wp\/v2\/posts\/386969\/revisions\/386972"}],"wp:featuredmedia":[{"embeddable":true,"href":"https:\/\/jundiai.sp.gov.br\/noticias\/wp-json\/wp\/v2\/media\/386970"}],"wp:attachment":[{"href":"https:\/\/jundiai.sp.gov.br\/noticias\/wp-json\/wp\/v2\/media?parent=386969"}],"wp:term":[{"taxonomy":"category","embeddable":true,"href":"https:\/\/jundiai.sp.gov.br\/noticias\/wp-json\/wp\/v2\/categories?post=386969"},{"taxonomy":"post_tag","embeddable":true,"href":"https:\/\/jundiai.sp.gov.br\/noticias\/wp-json\/wp\/v2\/tags?post=386969"},{"taxonomy":"ods","embeddable":true,"href":"https:\/\/jundiai.sp.gov.br\/noticias\/wp-json\/wp\/v2\/ods?post=386969"}],"curies":[{"name":"wp","href":"https:\/\/api.w.org\/{rel}","templated":true}]}}