{"id":386974,"date":"2026-08-31T17:20:00","date_gmt":"2026-08-31T20:20:00","guid":{"rendered":"https:\/\/jundiai.sp.gov.br\/noticias\/?p=386974"},"modified":"2026-08-28T17:06:25","modified_gmt":"2026-08-28T20:06:25","slug":"jovens-ocupam-espacos-e-participam-da-construcao-de-novas-politicas-em-jundiai","status":"publish","type":"post","link":"https:\/\/jundiai.sp.gov.br\/noticias\/2026\/08\/31\/jovens-ocupam-espacos-e-participam-da-construcao-de-novas-politicas-em-jundiai\/","title":{"rendered":"Jovens ocupam espa\u00e7os e participam da constru\u00e7\u00e3o de novas pol\u00edticas em Jundia\u00ed"},"content":{"rendered":"\n<p>A reta final do M\u00eas da Juventude foi marcada por muita participa\u00e7\u00e3o em Jundia\u00ed. Centenas de jovens estiveram envolvidos em atividades que passaram por diferentes espa\u00e7os da cidade e abordaram temas que fazem parte do presente e do futuro dessa gera\u00e7\u00e3o: projetos de vida, trabalho, esporte, sa\u00fade, literatura, cidadania e participa\u00e7\u00e3o nas decis\u00f5es sobre a cidade.<\/p>\n\n\n\n<p>Organizado pelo Conselho Municipal da Juventude (COMJUVE), em parceria com a Prefeitura de Jundia\u00ed, o m\u00eas chega ao fim depois de uma programa\u00e7\u00e3o que buscou aproximar as pol\u00edticas p\u00fablicas dos jovens e criar espa\u00e7os para que eles pudessem n\u00e3o apenas participar, mas tamb\u00e9m opinar e ajudar a construir propostas para a juventude.<\/p>\n\n\n\n<figure class=\"wp-block-gallery has-nested-images columns-default is-cropped wp-block-gallery-1 is-layout-flex wp-block-gallery-is-layout-flex\">\n<figure class=\"wp-block-image size-large\"><img loading=\"lazy\" decoding=\"async\" width=\"1280\" height=\"853\" data-id=\"386975\" src=\"https:\/\/jundiai.sp.gov.br\/noticias\/wp-content\/uploads\/sites\/32\/2026\/08\/whatsapp-image-2026-08-28-at-09-54-28-1-1280x853.jpeg\" alt=\"\" class=\"wp-image-386975\" srcset=\"https:\/\/jundiai.sp.gov.br\/noticias\/wp-content\/uploads\/sites\/32\/2026\/08\/whatsapp-image-2026-08-28-at-09-54-28-1-1280x853.jpeg 1280w, https:\/\/jundiai.sp.gov.br\/noticias\/wp-content\/uploads\/sites\/32\/2026\/08\/whatsapp-image-2026-08-28-at-09-54-28-1-300x200.jpeg 300w, https:\/\/jundiai.sp.gov.br\/noticias\/wp-content\/uploads\/sites\/32\/2026\/08\/whatsapp-image-2026-08-28-at-09-54-28-1-768x512.jpeg 768w, https:\/\/jundiai.sp.gov.br\/noticias\/wp-content\/uploads\/sites\/32\/2026\/08\/whatsapp-image-2026-08-28-at-09-54-28-1-1536x1023.jpeg 1536w, https:\/\/jundiai.sp.gov.br\/noticias\/wp-content\/uploads\/sites\/32\/2026\/08\/whatsapp-image-2026-08-28-at-09-54-28-1-450x300.jpeg 450w, https:\/\/jundiai.sp.gov.br\/noticias\/wp-content\/uploads\/sites\/32\/2026\/08\/whatsapp-image-2026-08-28-at-09-54-28-1.jpeg 1600w\" sizes=\"auto, (max-width: 1280px) 100vw, 1280px\" \/><\/figure>\n\n\n\n<figure class=\"wp-block-image size-large\"><img loading=\"lazy\" decoding=\"async\" width=\"1280\" height=\"960\" data-id=\"386976\" src=\"https:\/\/jundiai.sp.gov.br\/noticias\/wp-content\/uploads\/sites\/32\/2026\/08\/whatsapp-image-2026-08-28-at-09-54-28-1280x960.jpeg\" alt=\"\" class=\"wp-image-386976\" srcset=\"https:\/\/jundiai.sp.gov.br\/noticias\/wp-content\/uploads\/sites\/32\/2026\/08\/whatsapp-image-2026-08-28-at-09-54-28-1280x960.jpeg 1280w, https:\/\/jundiai.sp.gov.br\/noticias\/wp-content\/uploads\/sites\/32\/2026\/08\/whatsapp-image-2026-08-28-at-09-54-28-300x225.jpeg 300w, https:\/\/jundiai.sp.gov.br\/noticias\/wp-content\/uploads\/sites\/32\/2026\/08\/whatsapp-image-2026-08-28-at-09-54-28-768x576.jpeg 768w, https:\/\/jundiai.sp.gov.br\/noticias\/wp-content\/uploads\/sites\/32\/2026\/08\/whatsapp-image-2026-08-28-at-09-54-28-1536x1152.jpeg 1536w, https:\/\/jundiai.sp.gov.br\/noticias\/wp-content\/uploads\/sites\/32\/2026\/08\/whatsapp-image-2026-08-28-at-09-54-28.jpeg 1600w\" sizes=\"auto, (max-width: 1280px) 100vw, 1280px\" \/><\/figure>\n<\/figure>\n\n\n\n<p>Um dos destaques da semana foi o Workshop da Juventude \u2013 Construindo o Futuro, que reuniu cerca de 52 jovens aprendizes da Guardinha e, aproximadamente 150 jovens do CIEE. Os encontros fazem parte da metodologia de escuta para a revis\u00e3o do Plano Municipal da Juventude, estimulando reflex\u00f5es sobre desafios, oportunidades, projetos de vida e pol\u00edticas p\u00fablicas.<\/p>\n\n\n\n<p>\u201cA gente encerra o m\u00eas com a certeza de que ouvir os jovens precisa ser uma pr\u00e1tica permanente, e n\u00e3o uma a\u00e7\u00e3o que acontece apenas em agosto. Ao longo dessas semanas, conseguimos chegar a diferentes p\u00fablicos e territ\u00f3rios, tratando de assuntos muito diferentes, mas sempre com o jovem no centro das discuss\u00f5es. E o mais importante \u00e9 que eles n\u00e3o est\u00e3o apenas participando: est\u00e3o trazendo ideias e ajudando a pensar as pol\u00edticas que queremos construir para os pr\u00f3ximos anos\u201d, destaca Let\u00edcia Branco, assessora de Pol\u00edticas P\u00fablicas para a Juventude.<\/p>\n\n\n\n<p>A semana tamb\u00e9m foi de muita torcida e competi\u00e7\u00e3o com o in\u00edcio do Campeonato Universit\u00e1rio de Juventude (CAJU). A competi\u00e7\u00e3o reuniu 600 atletas inscritos e promove integra\u00e7\u00e3o entre universit\u00e1rios, valorizando o esporte como ferramenta de conviv\u00eancia, bem-estar e fortalecimento dos v\u00ednculos entre os jovens. O campeonato marca o encerramento oficial do M\u00eas da Juventude, com a realiza\u00e7\u00e3o das finais neste s\u00e1bado (29).<\/p>\n\n\n\n<figure class=\"wp-block-gallery has-nested-images columns-default is-cropped wp-block-gallery-2 is-layout-flex wp-block-gallery-is-layout-flex\">\n<figure class=\"wp-block-image size-large\"><img loading=\"lazy\" decoding=\"async\" width=\"1280\" height=\"721\" data-id=\"386978\" src=\"https:\/\/jundiai.sp.gov.br\/noticias\/wp-content\/uploads\/sites\/32\/2026\/08\/whatsapp-image-2026-08-28-at-09-54-27-1-1280x721.jpeg\" alt=\"\" class=\"wp-image-386978\" srcset=\"https:\/\/jundiai.sp.gov.br\/noticias\/wp-content\/uploads\/sites\/32\/2026\/08\/whatsapp-image-2026-08-28-at-09-54-27-1-1280x721.jpeg 1280w, https:\/\/jundiai.sp.gov.br\/noticias\/wp-content\/uploads\/sites\/32\/2026\/08\/whatsapp-image-2026-08-28-at-09-54-27-1-300x169.jpeg 300w, https:\/\/jundiai.sp.gov.br\/noticias\/wp-content\/uploads\/sites\/32\/2026\/08\/whatsapp-image-2026-08-28-at-09-54-27-1-768x432.jpeg 768w, https:\/\/jundiai.sp.gov.br\/noticias\/wp-content\/uploads\/sites\/32\/2026\/08\/whatsapp-image-2026-08-28-at-09-54-27-1-1536x865.jpeg 1536w, https:\/\/jundiai.sp.gov.br\/noticias\/wp-content\/uploads\/sites\/32\/2026\/08\/whatsapp-image-2026-08-28-at-09-54-27-1.jpeg 1600w\" sizes=\"auto, (max-width: 1280px) 100vw, 1280px\" \/><\/figure>\n\n\n\n<figure class=\"wp-block-image size-large\"><img loading=\"lazy\" decoding=\"async\" width=\"1280\" height=\"960\" data-id=\"386977\" src=\"https:\/\/jundiai.sp.gov.br\/noticias\/wp-content\/uploads\/sites\/32\/2026\/08\/whatsapp-image-2026-08-28-at-09-54-27-1280x960.jpeg\" alt=\"\" class=\"wp-image-386977\" srcset=\"https:\/\/jundiai.sp.gov.br\/noticias\/wp-content\/uploads\/sites\/32\/2026\/08\/whatsapp-image-2026-08-28-at-09-54-27-1280x960.jpeg 1280w, https:\/\/jundiai.sp.gov.br\/noticias\/wp-content\/uploads\/sites\/32\/2026\/08\/whatsapp-image-2026-08-28-at-09-54-27-300x225.jpeg 300w, https:\/\/jundiai.sp.gov.br\/noticias\/wp-content\/uploads\/sites\/32\/2026\/08\/whatsapp-image-2026-08-28-at-09-54-27-768x576.jpeg 768w, https:\/\/jundiai.sp.gov.br\/noticias\/wp-content\/uploads\/sites\/32\/2026\/08\/whatsapp-image-2026-08-28-at-09-54-27-1536x1152.jpeg 1536w, https:\/\/jundiai.sp.gov.br\/noticias\/wp-content\/uploads\/sites\/32\/2026\/08\/whatsapp-image-2026-08-28-at-09-54-27.jpeg 1600w\" sizes=\"auto, (max-width: 1280px) 100vw, 1280px\" \/><\/figure>\n<\/figure>\n\n\n\n<p>Outro momento importante foi a primeira reuni\u00e3o p\u00fablica do Parlamento Jovem, com o tema \u201cRevitaliza\u00e7\u00e3o do Centro de Jundia\u00ed\u201d. Cerca de 100 jovens participaram do encontro, que abriu espa\u00e7o para o debate sobre os desafios e possibilidades para a regi\u00e3o central.<\/p>\n\n\n\n<p>A programa\u00e7\u00e3o tamb\u00e9m levou conhecimento e oportunidades para quem est\u00e1 se preparando para os pr\u00f3ximos passos. A oficina \u201cEntre P\u00e1ginas e Provas: como ler a literatura do vestibular\u201d trouxe estrat\u00e9gias para estudantes do Ensino M\u00e9dio enfrentarem as obras liter\u00e1rias exigidas nos vestibulares. A atividade teve como refer\u00eancia Olhos d\u2019\u00e1gua, de Concei\u00e7\u00e3o Evaristo.<\/p>\n\n\n\n<p>No CIEE, cerca de 35 jovens participaram do Vivenciando a Aprendizagem, encontro voltado \u00e0 prepara\u00e7\u00e3o para o mundo do trabalho, com orienta\u00e7\u00f5es sobre Programa de Aprendizagem, curr\u00edculo, entrevistas e acesso a vagas.<\/p>\n\n\n\n<p>A sa\u00fade mental continuou presente na programa\u00e7\u00e3o com o Pausa para Respirar, grupo de medita\u00e7\u00e3o realizado na UBS Santa Gertrudes, e o Entre N\u00f3s, grupo de adolescentes que promove di\u00e1logo sobre emo\u00e7\u00f5es, bem-estar e autocuidado.<\/p>\n\n\n\n<p>No mesmo espa\u00e7o, cerca de 40 jovens participaram do lan\u00e7amento do \u201cNo Radar da Juventude: Acesso \u00e0 Sa\u00fade\u201d, novo guia da s\u00e9rie informativa que re\u00fane orienta\u00e7\u00f5es sobre os servi\u00e7os de sa\u00fade dispon\u00edveis e os caminhos para acessar a rede municipal.<\/p>\n\n\n\n<p><strong>Cultura, mem\u00f3ria e novas experi\u00eancias<\/strong><\/p>\n\n\n\n<p>Cerca de 700 jovens tamb\u00e9m participaram das a\u00e7\u00f5es teatrais \u201cLegados de Jundia\u00ed\u201d e \u201cOs Guardi\u00f5es do Tempo\u201d, promovidas pelo SENAI em alus\u00e3o ao M\u00eas da Juventude, unindo cultura, hist\u00f3ria e conhecimento em uma experi\u00eancia diferente para os participantes.<\/p>\n\n\n\n<figure class=\"wp-block-gallery has-nested-images columns-default is-cropped wp-block-gallery-3 is-layout-flex wp-block-gallery-is-layout-flex\">\n<figure class=\"wp-block-image size-large\"><img loading=\"lazy\" decoding=\"async\" width=\"1024\" height=\"683\" data-id=\"386979\" src=\"https:\/\/jundiai.sp.gov.br\/noticias\/wp-content\/uploads\/sites\/32\/2026\/08\/bed6ee35-5ca4-4989-9a1a-7cae030df68a.jpeg\" alt=\"\" class=\"wp-image-386979\" srcset=\"https:\/\/jundiai.sp.gov.br\/noticias\/wp-content\/uploads\/sites\/32\/2026\/08\/bed6ee35-5ca4-4989-9a1a-7cae030df68a.jpeg 1024w, https:\/\/jundiai.sp.gov.br\/noticias\/wp-content\/uploads\/sites\/32\/2026\/08\/bed6ee35-5ca4-4989-9a1a-7cae030df68a-300x200.jpeg 300w, https:\/\/jundiai.sp.gov.br\/noticias\/wp-content\/uploads\/sites\/32\/2026\/08\/bed6ee35-5ca4-4989-9a1a-7cae030df68a-768x512.jpeg 768w, https:\/\/jundiai.sp.gov.br\/noticias\/wp-content\/uploads\/sites\/32\/2026\/08\/bed6ee35-5ca4-4989-9a1a-7cae030df68a-450x300.jpeg 450w\" sizes=\"auto, (max-width: 1024px) 100vw, 1024px\" \/><\/figure>\n<\/figure>\n\n\n\n<p>Para fechar a programa\u00e7\u00e3o de forma\u00e7\u00e3o, a oficina \u201cLer como um escritor: um novo olhar sobre a literatura do vestibular\u201d, conduzida pelo escritor Andr\u00e9 Kondo, prop\u00f5e aos estudantes uma nova maneira de olhar para as obras liter\u00e1rias, explorando linguagem, narrativa, estilo e escolhas dos autores.<\/p>\n\n\n\n<p>O M\u00eas da Juventude mostrou a import\u00e2ncia de criar espa\u00e7os permanentes de di\u00e1logo com os jovens. Foram a\u00e7\u00f5es em escolas, unidades de sa\u00fade, institui\u00e7\u00f5es de ensino, equipamentos p\u00fablicos e espa\u00e7os de conviv\u00eancia, alcan\u00e7ando diferentes perfis e regi\u00f5es da cidade.<\/p>\n\n\n\n<p><strong>Assessoria de Imprensa <br>Fotos: Assessoria da Juventude<\/strong><\/p>\n","protected":false},"excerpt":{"rendered":"<p>A reta final do M\u00eas da Juventude foi marcada por muita participa\u00e7\u00e3o em Jundia\u00ed. Centenas de jovens estiveram envolvidos em atividades que passaram por diferentes espa\u00e7os da cidade e abordaram temas que fazem parte do presente e do futuro dessa gera\u00e7\u00e3o: projetos de vida, trabalho, esporte, sa\u00fade, literatura, cidadania e participa\u00e7\u00e3o nas decis\u00f5es sobre a [&hellip;]<\/p>\n","protected":false},"author":69,"featured_media":386978,"comment_status":"closed","ping_status":"0","sticky":false,"template":"","format":"standard","meta":{"footnotes":""},"categories":[2],"tags":[6857,991,6961,2182,6855,4051],"ods":[],"class_list":["post-386974","post","type-post","status-publish","format-standard","has-post-thumbnail","hentry","category-noticias","tag-1o-mes-da-juventude","tag-assessoria-de-politicas-para-a-juventude","tag-conjuve","tag-juventude","tag-mes-da-juventude","tag-parlamento-jovem"],"_links":{"self":[{"href":"https:\/\/jundiai.sp.gov.br\/noticias\/wp-json\/wp\/v2\/posts\/386974","targetHints":{"allow":["GET"]}}],"collection":[{"href":"https:\/\/jundiai.sp.gov.br\/noticias\/wp-json\/wp\/v2\/posts"}],"about":[{"href":"https:\/\/jundiai.sp.gov.br\/noticias\/wp-json\/wp\/v2\/types\/post"}],"author":[{"embeddable":true,"href":"https:\/\/jundiai.sp.gov.br\/noticias\/wp-json\/wp\/v2\/users\/69"}],"replies":[{"embeddable":true,"href":"https:\/\/jundiai.sp.gov.br\/noticias\/wp-json\/wp\/v2\/comments?post=386974"}],"version-history":[{"count":2,"href":"https:\/\/jundiai.sp.gov.br\/noticias\/wp-json\/wp\/v2\/posts\/386974\/revisions"}],"predecessor-version":[{"id":387033,"href":"https:\/\/jundiai.sp.gov.br\/noticias\/wp-json\/wp\/v2\/posts\/386974\/revisions\/387033"}],"wp:featuredmedia":[{"embeddable":true,"href":"https:\/\/jundiai.sp.gov.br\/noticias\/wp-json\/wp\/v2\/media\/386978"}],"wp:attachment":[{"href":"https:\/\/jundiai.sp.gov.br\/noticias\/wp-json\/wp\/v2\/media?parent=386974"}],"wp:term":[{"taxonomy":"category","embeddable":true,"href":"https:\/\/jundiai.sp.gov.br\/noticias\/wp-json\/wp\/v2\/categories?post=386974"},{"taxonomy":"post_tag","embeddable":true,"href":"https:\/\/jundiai.sp.gov.br\/noticias\/wp-json\/wp\/v2\/tags?post=386974"},{"taxonomy":"ods","embeddable":true,"href":"https:\/\/jundiai.sp.gov.br\/noticias\/wp-json\/wp\/v2\/ods?post=386974"}],"curies":[{"name":"wp","href":"https:\/\/api.w.org\/{rel}","templated":true}]}}