{"id":387055,"date":"2026-08-31T11:59:03","date_gmt":"2026-08-31T14:59:03","guid":{"rendered":"https:\/\/jundiai.sp.gov.br\/noticias\/?p=387055"},"modified":"2026-08-31T11:59:03","modified_gmt":"2026-08-31T14:59:03","slug":"prefeitura-de-jundiai-alerta-sobre-fake-news-relacionada-a-vacina-pneumo-23","status":"publish","type":"post","link":"https:\/\/jundiai.sp.gov.br\/noticias\/2026\/08\/31\/prefeitura-de-jundiai-alerta-sobre-fake-news-relacionada-a-vacina-pneumo-23\/","title":{"rendered":"Prefeitura de Jundia\u00ed alerta sobre fake News relacionada \u00e0 vacina Pneumo 23"},"content":{"rendered":"\n<p>Se voc\u00ea viu ou recebeu alguma not\u00edcia sobre a suposta libera\u00e7\u00e3o da vacina Pneumo 23, fique alerta! A Prefeitura de Jundia\u00ed, por meio da Secretaria de Promo\u00e7\u00e3o da Sa\u00fade, informa que \u00e9 a falsa a informa\u00e7\u00e3o de que o imunizante foi liberado para o p\u00fablico acima de 58 anos.<\/p>\n\n\n\n<p>A imagem, que est\u00e1 circulando em grupos e redes sociais de diversos munic\u00edpios, informa que a vacina est\u00e1 dispon\u00edvel para esta faixa et\u00e1ria temporariamente, nas unidades de sa\u00fade.<\/p>\n\n\n\n<p>Em Jundia\u00ed, a Secretaria de Promo\u00e7\u00e3o da Sa\u00fade refor\u00e7a que as estrat\u00e9gias de vacina\u00e7\u00e3o e os p\u00fablicos indicados para cada vacina seguem crit\u00e9rios e orienta\u00e7\u00f5es dos \u00f3rg\u00e3os oficiais.<\/p>\n\n\n\n<p>A Prefeitura orienta a popula\u00e7\u00e3o a buscar sempre informa\u00e7\u00f5es oficiais veiculadas no canais da Administra\u00e7\u00e3o, pelo site ou pelas redes sociais.<\/p>\n\n\n\n<p><strong>Assessoria de Imprensa<\/strong><\/p>\n","protected":false},"excerpt":{"rendered":"<p>Se voc\u00ea viu ou recebeu alguma not\u00edcia sobre a suposta libera\u00e7\u00e3o da vacina Pneumo 23, fique alerta! A Prefeitura de Jundia\u00ed, por meio da Secretaria de Promo\u00e7\u00e3o da Sa\u00fade, informa que \u00e9 a falsa a informa\u00e7\u00e3o de que o imunizante foi liberado para o p\u00fablico acima de 58 anos. A imagem, que est\u00e1 circulando em [&hellip;]<\/p>\n","protected":false},"author":133,"featured_media":377992,"comment_status":"closed","ping_status":"0","sticky":false,"template":"","format":"standard","meta":{"footnotes":""},"categories":[2],"tags":[981],"ods":[],"class_list":["post-387055","post","type-post","status-publish","format-standard","has-post-thumbnail","hentry","category-noticias","tag-promocao-da-saude"],"_links":{"self":[{"href":"https:\/\/jundiai.sp.gov.br\/noticias\/wp-json\/wp\/v2\/posts\/387055","targetHints":{"allow":["GET"]}}],"collection":[{"href":"https:\/\/jundiai.sp.gov.br\/noticias\/wp-json\/wp\/v2\/posts"}],"about":[{"href":"https:\/\/jundiai.sp.gov.br\/noticias\/wp-json\/wp\/v2\/types\/post"}],"author":[{"embeddable":true,"href":"https:\/\/jundiai.sp.gov.br\/noticias\/wp-json\/wp\/v2\/users\/133"}],"replies":[{"embeddable":true,"href":"https:\/\/jundiai.sp.gov.br\/noticias\/wp-json\/wp\/v2\/comments?post=387055"}],"version-history":[{"count":2,"href":"https:\/\/jundiai.sp.gov.br\/noticias\/wp-json\/wp\/v2\/posts\/387055\/revisions"}],"predecessor-version":[{"id":387059,"href":"https:\/\/jundiai.sp.gov.br\/noticias\/wp-json\/wp\/v2\/posts\/387055\/revisions\/387059"}],"wp:featuredmedia":[{"embeddable":true,"href":"https:\/\/jundiai.sp.gov.br\/noticias\/wp-json\/wp\/v2\/media\/377992"}],"wp:attachment":[{"href":"https:\/\/jundiai.sp.gov.br\/noticias\/wp-json\/wp\/v2\/media?parent=387055"}],"wp:term":[{"taxonomy":"category","embeddable":true,"href":"https:\/\/jundiai.sp.gov.br\/noticias\/wp-json\/wp\/v2\/categories?post=387055"},{"taxonomy":"post_tag","embeddable":true,"href":"https:\/\/jundiai.sp.gov.br\/noticias\/wp-json\/wp\/v2\/tags?post=387055"},{"taxonomy":"ods","embeddable":true,"href":"https:\/\/jundiai.sp.gov.br\/noticias\/wp-json\/wp\/v2\/ods?post=387055"}],"curies":[{"name":"wp","href":"https:\/\/api.w.org\/{rel}","templated":true}]}}