{"id":387060,"date":"2026-09-01T08:04:00","date_gmt":"2026-09-01T11:04:00","guid":{"rendered":"https:\/\/jundiai.sp.gov.br\/noticias\/?p=387060"},"modified":"2026-08-31T13:01:20","modified_gmt":"2026-08-31T16:01:20","slug":"setembro-amarelo-jundiai-reforca-cuidado-em-saude-mental-e-fortalecimento-da-rede-psicossocial","status":"publish","type":"post","link":"https:\/\/jundiai.sp.gov.br\/noticias\/2026\/09\/01\/setembro-amarelo-jundiai-reforca-cuidado-em-saude-mental-e-fortalecimento-da-rede-psicossocial\/","title":{"rendered":"Setembro Amarelo: Jundia\u00ed refor\u00e7a cuidado em sa\u00fade mental e fortalecimento da rede psicossocial"},"content":{"rendered":"\n<p>O m\u00eas de setembro, marcado pela campanha Setembro Amarelo, refor\u00e7a a import\u00e2ncia de falar sobre sa\u00fade mental, preven\u00e7\u00e3o ao suic\u00eddio e, principalmente, sobre a necessidade de oferecer cuidado \u00e0s pessoas em sofrimento.<\/p>\n\n\n\n<p>Ao longo de setembro, ser\u00e3o realizadas a\u00e7\u00f5es descentralizadas sobre o tema, refor\u00e7ando o compromisso com a promo\u00e7\u00e3o da sa\u00fade e o cuidado \u00e0 vida. No dia 16, tamb\u00e9m ser\u00e1 realizado o evento \u201cDe Setembro a Setembro: adolesc\u00eancias, determinantes sociais e redes de cuidado na preven\u00e7\u00e3o ao suic\u00eddio\u201d, no Audit\u00f3rio da Faculdade de Medicina de Jundia\u00ed, voltado \u00e0 capacita\u00e7\u00e3o da rede intersetorial.<\/p>\n\n\n\n<figure class=\"wp-block-image size-large\"><img loading=\"lazy\" decoding=\"async\" width=\"1280\" height=\"854\" src=\"https:\/\/jundiai.sp.gov.br\/noticias\/wp-content\/uploads\/sites\/32\/2026\/08\/evento_setembro_amarelo-6-1-1280x854.jpg\" alt=\"\" class=\"wp-image-387062\" srcset=\"https:\/\/jundiai.sp.gov.br\/noticias\/wp-content\/uploads\/sites\/32\/2026\/08\/evento_setembro_amarelo-6-1-1280x854.jpg 1280w, https:\/\/jundiai.sp.gov.br\/noticias\/wp-content\/uploads\/sites\/32\/2026\/08\/evento_setembro_amarelo-6-1-300x200.jpg 300w, https:\/\/jundiai.sp.gov.br\/noticias\/wp-content\/uploads\/sites\/32\/2026\/08\/evento_setembro_amarelo-6-1-768x512.jpg 768w, https:\/\/jundiai.sp.gov.br\/noticias\/wp-content\/uploads\/sites\/32\/2026\/08\/evento_setembro_amarelo-6-1-1536x1024.jpg 1536w, https:\/\/jundiai.sp.gov.br\/noticias\/wp-content\/uploads\/sites\/32\/2026\/08\/evento_setembro_amarelo-6-1-450x300.jpg 450w, https:\/\/jundiai.sp.gov.br\/noticias\/wp-content\/uploads\/sites\/32\/2026\/08\/evento_setembro_amarelo-6-1.jpg 1900w\" sizes=\"auto, (max-width: 1280px) 100vw, 1280px\" \/><figcaption class=\"wp-element-caption\">Ao longo do m\u00eas, ser\u00e3o realizadas diversas a\u00e7\u00f5es descentralizadas na tem\u00e1tica de Setembro Amarelo<\/figcaption><\/figure>\n\n\n\n<p>A programa\u00e7\u00e3o inclui atividades nas unidades de sa\u00fade, a\u00e7\u00f5es com empresas e institui\u00e7\u00f5es e matriciamentos tem\u00e1ticos junto \u00e0s UBS &#8211; encontros em que profissionais especializados apoiam e orientam as equipes das unidades no atendimento de situa\u00e7\u00f5es relacionadas \u00e0 sa\u00fade mental.<\/p>\n\n\n\n<p>Por tr\u00e1s das a\u00e7\u00f5es do m\u00eas est\u00e1 a Rede de Aten\u00e7\u00e3o Psicossocial (RAPS), que funciona de forma permanente no munic\u00edpio. Jundia\u00ed conta com quatro Centros de Aten\u00e7\u00e3o Psicossocial (CAPS): dois para adultos, um para crian\u00e7as e adolescentes e um especializado em pessoas com necessidades relacionadas ao uso de \u00e1lcool e outras drogas. O CAPS III e o CAPS AD III funcionam 24 horas.<\/p>\n\n\n\n<p>Os servi\u00e7os t\u00eam equipes formadas por diferentes profissionais e trabalham de portas abertas, sem necessidade de agendamento ou encaminhamento para o primeiro acolhimento.<\/p>\n\n\n\n<p>O cuidado tamb\u00e9m est\u00e1 perto de casa. As 35 UBS, com o apoio de 10 equipes e-Multi, oferecem atendimento multiprofissional para pessoas em sofrimento ps\u00edquico. A rede conta ainda com duas equipes de Consult\u00f3rio na Rua, al\u00e9m de servi\u00e7os como o Centro de Conviv\u00eancia (CECO), Unidades de Acolhimento, Servi\u00e7os Residenciais Terap\u00eauticos e a Enfermaria de Retaguarda de Sa\u00fade Mental do Hospital de Caridade S\u00e3o Vicente de Paulo (HSVP).<\/p>\n\n\n\n<p>\u201cCuidar da sa\u00fade mental \u00e9 um trabalho que precisa envolver toda a rede e considerar as diferentes necessidades de cada pessoa. Em Jundia\u00ed, temos servi\u00e7os que permitem acolher desde situa\u00e7\u00f5es acompanhadas nas UBS at\u00e9 casos que precisam de um cuidado mais intensivo nos CAPS\u201d, explica Alexandre Sandri, coordenador de Sa\u00fade Mental, \u00c1lcool e Outras Drogas.<\/p>\n\n\n\n<p>Al\u00e9m do atendimento, Jundia\u00ed mant\u00e9m a\u00e7\u00f5es de preven\u00e7\u00e3o, capacita\u00e7\u00e3o dos profissionais e acompanhamento dos casos de viol\u00eancia autoprovocada. Desde 2022, o munic\u00edpio conta com o Plano Municipal de Preven\u00e7\u00e3o \u00e0 Automutila\u00e7\u00e3o e ao Suic\u00eddio, que re\u00fane a\u00e7\u00f5es de preven\u00e7\u00e3o, promo\u00e7\u00e3o da sa\u00fade, acompanhamento dos casos e qualifica\u00e7\u00e3o das informa\u00e7\u00f5es.<\/p>\n\n\n\n<p>A cidade tamb\u00e9m realiza, desde 2017, atividades anuais de sensibiliza\u00e7\u00e3o e forma\u00e7\u00e3o sobre o tema, fortalecendo a atua\u00e7\u00e3o conjunta entre sa\u00fade, educa\u00e7\u00e3o e outros setores.<\/p>\n\n\n\n<p><strong>Assessoria de Imprensa<br>Fotos: Arquivo PMJ<\/strong><\/p>\n","protected":false},"excerpt":{"rendered":"<p>O m\u00eas de setembro, marcado pela campanha Setembro Amarelo, refor\u00e7a a import\u00e2ncia de falar sobre sa\u00fade mental, preven\u00e7\u00e3o ao suic\u00eddio e, principalmente, sobre a necessidade de oferecer cuidado \u00e0s pessoas em sofrimento. Ao longo de setembro, ser\u00e3o realizadas a\u00e7\u00f5es descentralizadas sobre o tema, refor\u00e7ando o compromisso com a promo\u00e7\u00e3o da sa\u00fade e o cuidado \u00e0 [&hellip;]<\/p>\n","protected":false},"author":133,"featured_media":387061,"comment_status":"closed","ping_status":"0","sticky":false,"template":"","format":"standard","meta":{"footnotes":""},"categories":[4620,2],"tags":[981,483,1110],"ods":[],"class_list":["post-387060","post","type-post","status-publish","format-standard","has-post-thumbnail","hentry","category-destaques","category-noticias","tag-promocao-da-saude","tag-saude-mental","tag-setembro-amarelo"],"_links":{"self":[{"href":"https:\/\/jundiai.sp.gov.br\/noticias\/wp-json\/wp\/v2\/posts\/387060","targetHints":{"allow":["GET"]}}],"collection":[{"href":"https:\/\/jundiai.sp.gov.br\/noticias\/wp-json\/wp\/v2\/posts"}],"about":[{"href":"https:\/\/jundiai.sp.gov.br\/noticias\/wp-json\/wp\/v2\/types\/post"}],"author":[{"embeddable":true,"href":"https:\/\/jundiai.sp.gov.br\/noticias\/wp-json\/wp\/v2\/users\/133"}],"replies":[{"embeddable":true,"href":"https:\/\/jundiai.sp.gov.br\/noticias\/wp-json\/wp\/v2\/comments?post=387060"}],"version-history":[{"count":3,"href":"https:\/\/jundiai.sp.gov.br\/noticias\/wp-json\/wp\/v2\/posts\/387060\/revisions"}],"predecessor-version":[{"id":387066,"href":"https:\/\/jundiai.sp.gov.br\/noticias\/wp-json\/wp\/v2\/posts\/387060\/revisions\/387066"}],"wp:featuredmedia":[{"embeddable":true,"href":"https:\/\/jundiai.sp.gov.br\/noticias\/wp-json\/wp\/v2\/media\/387061"}],"wp:attachment":[{"href":"https:\/\/jundiai.sp.gov.br\/noticias\/wp-json\/wp\/v2\/media?parent=387060"}],"wp:term":[{"taxonomy":"category","embeddable":true,"href":"https:\/\/jundiai.sp.gov.br\/noticias\/wp-json\/wp\/v2\/categories?post=387060"},{"taxonomy":"post_tag","embeddable":true,"href":"https:\/\/jundiai.sp.gov.br\/noticias\/wp-json\/wp\/v2\/tags?post=387060"},{"taxonomy":"ods","embeddable":true,"href":"https:\/\/jundiai.sp.gov.br\/noticias\/wp-json\/wp\/v2\/ods?post=387060"}],"curies":[{"name":"wp","href":"https:\/\/api.w.org\/{rel}","templated":true}]}}