{"id":387069,"date":"2026-09-04T09:09:00","date_gmt":"2026-09-04T12:09:00","guid":{"rendered":"https:\/\/jundiai.sp.gov.br\/noticias\/?p=387069"},"modified":"2026-09-02T15:14:13","modified_gmt":"2026-09-02T18:14:13","slug":"maquina-de-vendas-ensina-empreendedores-a-transformar-clientes-ocasionais-em-vendas-recorrentes","status":"publish","type":"post","link":"https:\/\/jundiai.sp.gov.br\/noticias\/2026\/09\/04\/maquina-de-vendas-ensina-empreendedores-a-transformar-clientes-ocasionais-em-vendas-recorrentes\/","title":{"rendered":"M\u00e1quina de Vendas ensina empreendedores a transformar clientes ocasionais em vendas recorrentes"},"content":{"rendered":"\n<p>Com o objetivo de ajudar empreendedores a transformar uma primeira compra em um relacionamento capaz de gerar novas oportunidades de neg\u00f3cio, a Prefeitura de Jundia\u00ed, por meio da Secretaria de Desenvolvimento Econ\u00f4mico, Ci\u00eancia e Tecnologia, promove, no dia 9 de setembro, a capacita\u00e7\u00e3o \u201cM\u00e1quina de Vendas \u2013 Do cliente ocasional \u00e0 venda recorrente\u201d, conduzida por Emerson Gomes. O encontro ocorre das 9h \u00e0s 11h, no Espa\u00e7o Jundia\u00ed Empreendedora (piso G3 do Maxi Shopping).<\/p>\n\n\n\n<p><strong><a href=\"https:\/\/docs.google.com\/forms\/d\/e\/1FAIpQLSdlIKS34c85Vk42h4SgCiSOUC65WHDtpNN6jsV3H6y2lHIWtQ\/viewform\" target=\"_blank\" rel=\"noreferrer noopener\">FA\u00c7A SUA INSCRI\u00c7\u00c3O AQUI<\/a><\/strong><\/p>\n\n\n\n<p>Durante a capacita\u00e7\u00e3o, os participantes ter\u00e3o contato com estrat\u00e9gias voltadas ao fortalecimento do relacionamento com os clientes, \u00e0 cria\u00e7\u00e3o de novas oportunidades comerciais e ao est\u00edmulo de novas compras. A proposta \u00e9 mostrar que o trabalho de vendas n\u00e3o precisa terminar ap\u00f3s a primeira negocia\u00e7\u00e3o e que manter uma base de clientes ativa pode contribuir para o crescimento e a sustentabilidade dos neg\u00f3cios.<\/p>\n\n\n\n<figure class=\"wp-block-image size-full\"><img loading=\"lazy\" decoding=\"async\" width=\"1280\" height=\"960\" src=\"https:\/\/jundiai.sp.gov.br\/noticias\/wp-content\/uploads\/sites\/32\/2025\/10\/emerson-gomes-espaco-jundiai-empreendedora.jpeg\" alt=\"\" class=\"wp-image-368028\" srcset=\"https:\/\/jundiai.sp.gov.br\/noticias\/wp-content\/uploads\/sites\/32\/2025\/10\/emerson-gomes-espaco-jundiai-empreendedora.jpeg 1280w, https:\/\/jundiai.sp.gov.br\/noticias\/wp-content\/uploads\/sites\/32\/2025\/10\/emerson-gomes-espaco-jundiai-empreendedora-300x225.jpeg 300w, https:\/\/jundiai.sp.gov.br\/noticias\/wp-content\/uploads\/sites\/32\/2025\/10\/emerson-gomes-espaco-jundiai-empreendedora-768x576.jpeg 768w\" sizes=\"auto, (max-width: 1280px) 100vw, 1280px\" \/><\/figure>\n\n\n\n<p>O conte\u00fado tamb\u00e9m abordar\u00e1 como relacionamento, experi\u00eancia e estrat\u00e9gia comercial podem ser utilizados de maneira integrada para aproximar a empresa de seus clientes e ampliar as possibilidades de vendas recorrentes.<\/p>\n\n\n\n<p>Para Emerson Gomes, o encontro busca provocar uma mudan\u00e7a na maneira como o empreendedor enxerga sua rela\u00e7\u00e3o com quem j\u00e1 comprou da empresa. \u201cMuitas vezes, o empreendedor concentra seus esfor\u00e7os em conquistar novos clientes e n\u00e3o percebe o potencial existente naqueles que j\u00e1 conhecem seu produto ou servi\u00e7o. Vamos trabalhar estrat\u00e9gias para fortalecer esse relacionamento, gerar novas oportunidades e fazer com que a venda seja o in\u00edcio de uma rela\u00e7\u00e3o, e n\u00e3o o fim\u201d, destacou.<\/p>\n\n\n\n<p>A secret\u00e1ria adjunta da SMDECT, Bruna Lazarini, ressalta a import\u00e2ncia de oferecer capacita\u00e7\u00f5es que possam ser aplicadas na rotina dos neg\u00f3cios. \u201cNosso objetivo \u00e9 proporcionar aos empreendedores conhecimentos pr\u00e1ticos que contribuam para o desenvolvimento de suas empresas. Entender como cuidar da rela\u00e7\u00e3o com o cliente e criar estrat\u00e9gias para estimular novas vendas \u00e9 fundamental para quem busca crescer e fortalecer seu neg\u00f3cio\u201d, afirmou.<\/p>\n\n\n\n<p>A participa\u00e7\u00e3o \u00e9 gratuita, as vagas s\u00e3o limitadas e a inscri\u00e7\u00e3o \u00e9 solid\u00e1ria, mediante a doa\u00e7\u00e3o de 2 litros de leite, que ser\u00e3o destinados ao Fundo Social de Solidariedade de Jundia\u00ed.<\/p>\n\n\n\n<figure class=\"wp-block-image size-full\"><a href=\"https:\/\/docs.google.com\/forms\/d\/e\/1FAIpQLSdlIKS34c85Vk42h4SgCiSOUC65WHDtpNN6jsV3H6y2lHIWtQ\/viewform?usp=send_form\"><img loading=\"lazy\" decoding=\"async\" width=\"1080\" height=\"540\" src=\"https:\/\/jundiai.sp.gov.br\/noticias\/wp-content\/uploads\/sites\/32\/2026\/08\/artes-de-cursos1080-x-540-px.jpg\" alt=\"\" class=\"wp-image-387070\" srcset=\"https:\/\/jundiai.sp.gov.br\/noticias\/wp-content\/uploads\/sites\/32\/2026\/08\/artes-de-cursos1080-x-540-px.jpg 1080w, https:\/\/jundiai.sp.gov.br\/noticias\/wp-content\/uploads\/sites\/32\/2026\/08\/artes-de-cursos1080-x-540-px-300x150.jpg 300w, https:\/\/jundiai.sp.gov.br\/noticias\/wp-content\/uploads\/sites\/32\/2026\/08\/artes-de-cursos1080-x-540-px-768x384.jpg 768w\" sizes=\"auto, (max-width: 1080px) 100vw, 1080px\" \/><\/a><\/figure>\n\n\n\n<p><strong>Assessoria de Imprensa<br>Foto: Fot\u00f3grafos PMJ<\/strong><\/p>\n","protected":false},"excerpt":{"rendered":"<p>Com o objetivo de ajudar empreendedores a transformar uma primeira compra em um relacionamento capaz de gerar novas oportunidades de neg\u00f3cio, a Prefeitura de Jundia\u00ed, por meio da Secretaria de Desenvolvimento Econ\u00f4mico, Ci\u00eancia e Tecnologia, promove, no dia 9 de setembro, a capacita\u00e7\u00e3o \u201cM\u00e1quina de Vendas \u2013 Do cliente ocasional \u00e0 venda recorrente\u201d, conduzida por [&hellip;]<\/p>\n","protected":false},"author":131,"featured_media":368028,"comment_status":"closed","ping_status":"closed","sticky":false,"template":"","format":"standard","meta":{"footnotes":""},"categories":[2],"tags":[5548,365,3431,5481,5567],"ods":[],"class_list":["post-387069","post","type-post","status-publish","format-standard","has-post-thumbnail","hentry","category-noticias","tag-negocios-2","tag-desenvolvimento-economico-ciencia-e-tecnologia","tag-espaco-jundiai-empreendedora","tag-secretaria-de-desenvolvimento-economico","tag-secretaria-de-desenvolvimento-economico-ciencia-e-tecnologia"],"_links":{"self":[{"href":"https:\/\/jundiai.sp.gov.br\/noticias\/wp-json\/wp\/v2\/posts\/387069","targetHints":{"allow":["GET"]}}],"collection":[{"href":"https:\/\/jundiai.sp.gov.br\/noticias\/wp-json\/wp\/v2\/posts"}],"about":[{"href":"https:\/\/jundiai.sp.gov.br\/noticias\/wp-json\/wp\/v2\/types\/post"}],"author":[{"embeddable":true,"href":"https:\/\/jundiai.sp.gov.br\/noticias\/wp-json\/wp\/v2\/users\/131"}],"replies":[{"embeddable":true,"href":"https:\/\/jundiai.sp.gov.br\/noticias\/wp-json\/wp\/v2\/comments?post=387069"}],"version-history":[{"count":3,"href":"https:\/\/jundiai.sp.gov.br\/noticias\/wp-json\/wp\/v2\/posts\/387069\/revisions"}],"predecessor-version":[{"id":387192,"href":"https:\/\/jundiai.sp.gov.br\/noticias\/wp-json\/wp\/v2\/posts\/387069\/revisions\/387192"}],"wp:featuredmedia":[{"embeddable":true,"href":"https:\/\/jundiai.sp.gov.br\/noticias\/wp-json\/wp\/v2\/media\/368028"}],"wp:attachment":[{"href":"https:\/\/jundiai.sp.gov.br\/noticias\/wp-json\/wp\/v2\/media?parent=387069"}],"wp:term":[{"taxonomy":"category","embeddable":true,"href":"https:\/\/jundiai.sp.gov.br\/noticias\/wp-json\/wp\/v2\/categories?post=387069"},{"taxonomy":"post_tag","embeddable":true,"href":"https:\/\/jundiai.sp.gov.br\/noticias\/wp-json\/wp\/v2\/tags?post=387069"},{"taxonomy":"ods","embeddable":true,"href":"https:\/\/jundiai.sp.gov.br\/noticias\/wp-json\/wp\/v2\/ods?post=387069"}],"curies":[{"name":"wp","href":"https:\/\/api.w.org\/{rel}","templated":true}]}}