{"id":387077,"date":"2026-09-01T14:22:12","date_gmt":"2026-09-01T17:22:12","guid":{"rendered":"https:\/\/jundiai.sp.gov.br\/noticias\/?p=387077"},"modified":"2026-09-01T14:22:12","modified_gmt":"2026-09-01T17:22:12","slug":"bom-dia-servidor-prefeitura-fortalece-dialogo-e-reforca-valorizacao-dos-colaboradores-da-secretaria-de-administracao","status":"publish","type":"post","link":"https:\/\/jundiai.sp.gov.br\/noticias\/2026\/09\/01\/bom-dia-servidor-prefeitura-fortalece-dialogo-e-reforca-valorizacao-dos-colaboradores-da-secretaria-de-administracao\/","title":{"rendered":"&#8216;Bom Dia Servidor&#8217;: Prefeitura fortalece di\u00e1logo e refor\u00e7a valoriza\u00e7\u00e3o dos colaboradores da Secretaria de Administra\u00e7\u00e3o"},"content":{"rendered":"\n<p>A manh\u00e3 desta segunda-feira (31) teve, no Pa\u00e7o Municipal de Jundia\u00ed, mais uma edi\u00e7\u00e3o do programa \u00b4Bom Dia Servidor\u00b4, desta vez com funcion\u00e1rios p\u00fablicos da Secretaria Municipal de Administra\u00e7\u00e3o e Gest\u00e3o de Pessoas (SMAGP). A iniciativa acontece mensalmente, reunindo servidores de uma Pasta, que t\u00eam a oportunidade de conversar diretamente com o prefeito Gustavo Martinelli e o secret\u00e1rio respons\u00e1vel, em um di\u00e1logo aberto sobre desafios da rotina, valoriza\u00e7\u00e3o profissional e melhorias para otimiza\u00e7\u00e3o dos fluxos de trabalho da Secretaria.<\/p>\n\n\n\n<figure class=\"wp-block-gallery has-nested-images columns-default is-cropped wp-block-gallery-1 is-layout-flex wp-block-gallery-is-layout-flex\">\n<figure class=\"wp-block-image size-large\"><img loading=\"lazy\" decoding=\"async\" width=\"1280\" height=\"854\" data-id=\"387080\" src=\"https:\/\/jundiai.sp.gov.br\/noticias\/wp-content\/uploads\/sites\/32\/2026\/08\/bom_dia_servidor_d-1-1280x854.jpg\" alt=\"\" class=\"wp-image-387080\" srcset=\"https:\/\/jundiai.sp.gov.br\/noticias\/wp-content\/uploads\/sites\/32\/2026\/08\/bom_dia_servidor_d-1-1280x854.jpg 1280w, https:\/\/jundiai.sp.gov.br\/noticias\/wp-content\/uploads\/sites\/32\/2026\/08\/bom_dia_servidor_d-1-300x200.jpg 300w, https:\/\/jundiai.sp.gov.br\/noticias\/wp-content\/uploads\/sites\/32\/2026\/08\/bom_dia_servidor_d-1-768x512.jpg 768w, https:\/\/jundiai.sp.gov.br\/noticias\/wp-content\/uploads\/sites\/32\/2026\/08\/bom_dia_servidor_d-1-1536x1024.jpg 1536w, https:\/\/jundiai.sp.gov.br\/noticias\/wp-content\/uploads\/sites\/32\/2026\/08\/bom_dia_servidor_d-1-450x300.jpg 450w, https:\/\/jundiai.sp.gov.br\/noticias\/wp-content\/uploads\/sites\/32\/2026\/08\/bom_dia_servidor_d-1.jpg 1900w\" sizes=\"auto, (max-width: 1280px) 100vw, 1280px\" \/><figcaption class=\"wp-element-caption\">Prefeito, secret\u00e1rio e servidores no audit\u00f3rio&#8230;<\/figcaption><\/figure>\n\n\n\n<figure class=\"wp-block-image size-large\"><img loading=\"lazy\" decoding=\"async\" width=\"1280\" height=\"854\" data-id=\"387081\" src=\"https:\/\/jundiai.sp.gov.br\/noticias\/wp-content\/uploads\/sites\/32\/2026\/08\/bom_dia_servidor_v-1-1280x854.jpg\" alt=\"\" class=\"wp-image-387081\" srcset=\"https:\/\/jundiai.sp.gov.br\/noticias\/wp-content\/uploads\/sites\/32\/2026\/08\/bom_dia_servidor_v-1-1280x854.jpg 1280w, https:\/\/jundiai.sp.gov.br\/noticias\/wp-content\/uploads\/sites\/32\/2026\/08\/bom_dia_servidor_v-1-300x200.jpg 300w, https:\/\/jundiai.sp.gov.br\/noticias\/wp-content\/uploads\/sites\/32\/2026\/08\/bom_dia_servidor_v-1-768x512.jpg 768w, https:\/\/jundiai.sp.gov.br\/noticias\/wp-content\/uploads\/sites\/32\/2026\/08\/bom_dia_servidor_v-1-1536x1024.jpg 1536w, https:\/\/jundiai.sp.gov.br\/noticias\/wp-content\/uploads\/sites\/32\/2026\/08\/bom_dia_servidor_v-1-450x300.jpg 450w, https:\/\/jundiai.sp.gov.br\/noticias\/wp-content\/uploads\/sites\/32\/2026\/08\/bom_dia_servidor_v-1.jpg 1900w\" sizes=\"auto, (max-width: 1280px) 100vw, 1280px\" \/><figcaption class=\"wp-element-caption\">&#8230; e no gabinete<\/figcaption><\/figure>\n<\/figure>\n\n\n\n<p>Marcaram presen\u00e7a no encontro, al\u00e9m do pr\u00f3prio prefeito, o secret\u00e1rio Thiago Matiolli e as secret\u00e1rias adjuntas Isabela Benatti (Gest\u00e3o de Pessoas) e Emily Scapinelli (Administra\u00e7\u00e3o).<\/p>\n\n\n\n<p>Antes do encontro, Gustavo Martinelli recebeu os colaboradores da SMAGP em seu gabinete. \u201cEstamos construindo um novo momento em Jundia\u00ed, com di\u00e1logo, respeito e valoriza\u00e7\u00e3o de quem faz a cidade acontecer todos os dias. J\u00e1 avan\u00e7amos com medidas importantes para os servidores e vamos continuar trabalhando. Na atual gest\u00e3o municipal, nunca a cidade teve tantos servidores de carreira ocupando cargos de chefia\u201d, destacou Martinelli.<\/p>\n\n\n\n<p>Entre os assuntos abordados no encontro, destacou-se o interesse dos colaboradores na amplia\u00e7\u00e3o da oferta de cursos pela Escola de Gest\u00e3o P\u00fablica, especialmente sobre Educa\u00e7\u00e3o Financeira e o Sistema Eletr\u00f4nico de Informa\u00e7\u00f5es (SEI) \u2013 plataforma utilizada para o compartilhamento digital de comunicados e documentos administrativos entre as Secretarias.<\/p>\n\n\n\n<figure class=\"wp-block-gallery has-nested-images columns-default is-cropped wp-block-gallery-2 is-layout-flex wp-block-gallery-is-layout-flex\">\n<figure class=\"wp-block-image size-large\"><img loading=\"lazy\" decoding=\"async\" width=\"1280\" height=\"854\" data-id=\"387083\" src=\"https:\/\/jundiai.sp.gov.br\/noticias\/wp-content\/uploads\/sites\/32\/2026\/08\/bom_dia_servidor_v-15-1280x854.jpg\" alt=\"\" class=\"wp-image-387083\" srcset=\"https:\/\/jundiai.sp.gov.br\/noticias\/wp-content\/uploads\/sites\/32\/2026\/08\/bom_dia_servidor_v-15-1280x854.jpg 1280w, https:\/\/jundiai.sp.gov.br\/noticias\/wp-content\/uploads\/sites\/32\/2026\/08\/bom_dia_servidor_v-15-300x200.jpg 300w, https:\/\/jundiai.sp.gov.br\/noticias\/wp-content\/uploads\/sites\/32\/2026\/08\/bom_dia_servidor_v-15-768x512.jpg 768w, https:\/\/jundiai.sp.gov.br\/noticias\/wp-content\/uploads\/sites\/32\/2026\/08\/bom_dia_servidor_v-15-1536x1024.jpg 1536w, https:\/\/jundiai.sp.gov.br\/noticias\/wp-content\/uploads\/sites\/32\/2026\/08\/bom_dia_servidor_v-15-450x300.jpg 450w, https:\/\/jundiai.sp.gov.br\/noticias\/wp-content\/uploads\/sites\/32\/2026\/08\/bom_dia_servidor_v-15.jpg 1900w\" sizes=\"auto, (max-width: 1280px) 100vw, 1280px\" \/><figcaption class=\"wp-element-caption\">Servidores e autoridades durante evento realizado no Pa\u00e7o<\/figcaption><\/figure>\n\n\n\n<figure class=\"wp-block-image size-large\"><img loading=\"lazy\" decoding=\"async\" width=\"1280\" height=\"854\" data-id=\"387084\" src=\"https:\/\/jundiai.sp.gov.br\/noticias\/wp-content\/uploads\/sites\/32\/2026\/08\/bom_dia_servidor_v-23-1280x854.jpg\" alt=\"\" class=\"wp-image-387084\" srcset=\"https:\/\/jundiai.sp.gov.br\/noticias\/wp-content\/uploads\/sites\/32\/2026\/08\/bom_dia_servidor_v-23-1280x854.jpg 1280w, https:\/\/jundiai.sp.gov.br\/noticias\/wp-content\/uploads\/sites\/32\/2026\/08\/bom_dia_servidor_v-23-300x200.jpg 300w, https:\/\/jundiai.sp.gov.br\/noticias\/wp-content\/uploads\/sites\/32\/2026\/08\/bom_dia_servidor_v-23-768x512.jpg 768w, https:\/\/jundiai.sp.gov.br\/noticias\/wp-content\/uploads\/sites\/32\/2026\/08\/bom_dia_servidor_v-23-1536x1024.jpg 1536w, https:\/\/jundiai.sp.gov.br\/noticias\/wp-content\/uploads\/sites\/32\/2026\/08\/bom_dia_servidor_v-23-450x300.jpg 450w, https:\/\/jundiai.sp.gov.br\/noticias\/wp-content\/uploads\/sites\/32\/2026\/08\/bom_dia_servidor_v-23.jpg 1900w\" sizes=\"auto, (max-width: 1280px) 100vw, 1280px\" \/><figcaption class=\"wp-element-caption\">Ana Paula (esq.): &#8220;Prefeito troca informa\u00e7\u00f5es com os servidores sem a dist\u00e2ncia de ser uma autoridade&#8221;<\/figcaption><\/figure>\n<\/figure>\n\n\n\n<p>Ana Paula Alves da Costa Trevisan \u00e9 assistente de administra\u00e7\u00e3o da Divis\u00e3o de Gest\u00e3o Documental da Prefeitura de Jundia\u00ed. Segundo ela, o programa \u00e9 bom para ouvir as reais demandas dos servidores. \u201cFazendo este tipo de encontro, a gest\u00e3o cria conosco uma rela\u00e7\u00e3o de horizontalidade, permitindo que a gente possa falar e ser ouvida\u201d, emendou.<\/p>\n\n\n\n<p>\u201cA maior joia do Funcionalismo Municipal \u00e9 o nosso corpo de servidores. Aqui, eles s\u00e3o de fato valorizados e ouvidos. Essa integra\u00e7\u00e3o \u00e9 muito valiosa, pois nossos colaboradores se sentem acolhidos quando podem falar e passar suas demandas ao prefeito e \u00e0 equipe da Secretaria\u201d, completou o secret\u00e1rio de Administra\u00e7\u00e3o e Gest\u00e3o de Pessoas, Thiago Matiolli.<\/p>\n\n\n\n<p><strong>Assessoria de Imprensa<\/strong><br><strong>Fotos: Fot\u00f3grafos PMJ<\/strong><\/p>\n","protected":false},"excerpt":{"rendered":"<p>A manh\u00e3 desta segunda-feira (31) teve, no Pa\u00e7o Municipal de Jundia\u00ed, mais uma edi\u00e7\u00e3o do programa \u00b4Bom Dia Servidor\u00b4, desta vez com funcion\u00e1rios p\u00fablicos da Secretaria Municipal de Administra\u00e7\u00e3o e Gest\u00e3o de Pessoas (SMAGP). A iniciativa acontece mensalmente, reunindo servidores de uma Pasta, que t\u00eam a oportunidade de conversar diretamente com o prefeito Gustavo Martinelli [&hellip;]<\/p>\n","protected":false},"author":54,"featured_media":387079,"comment_status":"closed","ping_status":"0","sticky":false,"template":"","format":"standard","meta":{"footnotes":""},"categories":[4620,2],"tags":[4644,969,5342,5804,5557],"ods":[],"class_list":["post-387077","post","type-post","status-publish","format-standard","has-post-thumbnail","hentry","category-destaques","category-noticias","tag-administracao","tag-administracao-e-gestao-de-pessoas","tag-bom-dia-servidor","tag-secretaria-municipal-de-administracao-e-gestao-de-pessoas-smagp","tag-smagp"],"_links":{"self":[{"href":"https:\/\/jundiai.sp.gov.br\/noticias\/wp-json\/wp\/v2\/posts\/387077","targetHints":{"allow":["GET"]}}],"collection":[{"href":"https:\/\/jundiai.sp.gov.br\/noticias\/wp-json\/wp\/v2\/posts"}],"about":[{"href":"https:\/\/jundiai.sp.gov.br\/noticias\/wp-json\/wp\/v2\/types\/post"}],"author":[{"embeddable":true,"href":"https:\/\/jundiai.sp.gov.br\/noticias\/wp-json\/wp\/v2\/users\/54"}],"replies":[{"embeddable":true,"href":"https:\/\/jundiai.sp.gov.br\/noticias\/wp-json\/wp\/v2\/comments?post=387077"}],"version-history":[{"count":4,"href":"https:\/\/jundiai.sp.gov.br\/noticias\/wp-json\/wp\/v2\/posts\/387077\/revisions"}],"predecessor-version":[{"id":387127,"href":"https:\/\/jundiai.sp.gov.br\/noticias\/wp-json\/wp\/v2\/posts\/387077\/revisions\/387127"}],"wp:featuredmedia":[{"embeddable":true,"href":"https:\/\/jundiai.sp.gov.br\/noticias\/wp-json\/wp\/v2\/media\/387079"}],"wp:attachment":[{"href":"https:\/\/jundiai.sp.gov.br\/noticias\/wp-json\/wp\/v2\/media?parent=387077"}],"wp:term":[{"taxonomy":"category","embeddable":true,"href":"https:\/\/jundiai.sp.gov.br\/noticias\/wp-json\/wp\/v2\/categories?post=387077"},{"taxonomy":"post_tag","embeddable":true,"href":"https:\/\/jundiai.sp.gov.br\/noticias\/wp-json\/wp\/v2\/tags?post=387077"},{"taxonomy":"ods","embeddable":true,"href":"https:\/\/jundiai.sp.gov.br\/noticias\/wp-json\/wp\/v2\/ods?post=387077"}],"curies":[{"name":"wp","href":"https:\/\/api.w.org\/{rel}","templated":true}]}}