{"id":387088,"date":"2026-09-02T08:13:00","date_gmt":"2026-09-02T11:13:00","guid":{"rendered":"https:\/\/jundiai.sp.gov.br\/noticias\/?p=387088"},"modified":"2026-09-01T15:41:32","modified_gmt":"2026-09-01T18:41:32","slug":"desfile-de-7-de-setembro-reune-58-instituicoes-na-avenida-prefeito-luiz-latorre-em-jundiai","status":"publish","type":"post","link":"https:\/\/jundiai.sp.gov.br\/noticias\/2026\/09\/02\/desfile-de-7-de-setembro-reune-58-instituicoes-na-avenida-prefeito-luiz-latorre-em-jundiai\/","title":{"rendered":"Desfile de 7 de Setembro re\u00fane 58 institui\u00e7\u00f5es na Avenida Prefeito Luiz Latorre, em Jundia\u00ed"},"content":{"rendered":"\n<p>A Avenida Prefeito Luiz Latorre ser\u00e1 palco, no dia 7 de setembro, do tradicional Desfile C\u00edvico de Independ\u00eancia, que neste ano reunir\u00e1 58 institui\u00e7\u00f5es e grupos participantes. A programa\u00e7\u00e3o organizada pela Secretaria Municipal de Cultura contar\u00e1 com a presen\u00e7a de for\u00e7as de seguran\u00e7a, escolas municipais e particulares, entidades sociais, projetos voltados \u00e0 forma\u00e7\u00e3o de crian\u00e7as e jovens, grupos escoteiros, institui\u00e7\u00f5es religiosas e, ao final, um bloco motorizado.<\/p>\n\n\n\n<p>A concentra\u00e7\u00e3o dos participantes ter\u00e1 in\u00edcio a partir das 8h, na regi\u00e3o da Faculdade Anhanguera. A organiza\u00e7\u00e3o orienta que os integrantes cheguem com anteced\u00eancia, considerando a movimenta\u00e7\u00e3o esperada e a dificuldade de estacionamento nas proximidades.<\/p>\n\n\n\n<figure class=\"wp-block-gallery has-nested-images columns-default is-cropped wp-block-gallery-1 is-layout-flex wp-block-gallery-is-layout-flex\">\n<figure class=\"wp-block-image size-large\"><img loading=\"lazy\" decoding=\"async\" width=\"1280\" height=\"854\" data-id=\"387089\" src=\"https:\/\/jundiai.sp.gov.br\/noticias\/wp-content\/uploads\/sites\/32\/2026\/09\/desfile_7_de_setembro_la_torre_v-176-1280x854.jpg\" alt=\"\" class=\"wp-image-387089\" srcset=\"https:\/\/jundiai.sp.gov.br\/noticias\/wp-content\/uploads\/sites\/32\/2026\/09\/desfile_7_de_setembro_la_torre_v-176-1280x854.jpg 1280w, https:\/\/jundiai.sp.gov.br\/noticias\/wp-content\/uploads\/sites\/32\/2026\/09\/desfile_7_de_setembro_la_torre_v-176-300x200.jpg 300w, https:\/\/jundiai.sp.gov.br\/noticias\/wp-content\/uploads\/sites\/32\/2026\/09\/desfile_7_de_setembro_la_torre_v-176-768x512.jpg 768w, https:\/\/jundiai.sp.gov.br\/noticias\/wp-content\/uploads\/sites\/32\/2026\/09\/desfile_7_de_setembro_la_torre_v-176-1536x1024.jpg 1536w, https:\/\/jundiai.sp.gov.br\/noticias\/wp-content\/uploads\/sites\/32\/2026\/09\/desfile_7_de_setembro_la_torre_v-176-450x300.jpg 450w, https:\/\/jundiai.sp.gov.br\/noticias\/wp-content\/uploads\/sites\/32\/2026\/09\/desfile_7_de_setembro_la_torre_v-176.jpg 1900w\" sizes=\"auto, (max-width: 1280px) 100vw, 1280px\" \/><\/figure>\n<\/figure>\n\n\n\n<p>O desfile come\u00e7a com a participa\u00e7\u00e3o das institui\u00e7\u00f5es militares e das for\u00e7as de seguran\u00e7a. Na sequ\u00eancia estar\u00e3o o 11\u00ba e o 49\u00ba Batalh\u00f5es de Pol\u00edcia Militar do Interior, o 4\u00ba Batalh\u00e3o de Pol\u00edcia Rodovi\u00e1ria, a Pol\u00edcia Militar Ambiental, o 19\u00ba Grupamento de Bombeiros, a Pol\u00edcia Civil, a Guarda Municipal de Jundia\u00ed e a Defesa Civil.<\/p>\n\n\n\n<p>Depois das for\u00e7as de seguran\u00e7a, o desfile segue com as escolas.  A programa\u00e7\u00e3o tamb\u00e9m re\u00fane diferentes iniciativas que fazem parte da vida comunit\u00e1ria de Jundia\u00ed, entre os eixos de cultura, esporte, cidadania e participa\u00e7\u00e3o social. O encerramento ser\u00e1 realizado pelo bloco motorizado.<\/p>\n\n\n\n<figure class=\"wp-block-gallery has-nested-images columns-default is-cropped wp-block-gallery-2 is-layout-flex wp-block-gallery-is-layout-flex\">\n<figure class=\"wp-block-image size-large\"><img loading=\"lazy\" decoding=\"async\" width=\"1280\" height=\"854\" data-id=\"387091\" src=\"https:\/\/jundiai.sp.gov.br\/noticias\/wp-content\/uploads\/sites\/32\/2026\/09\/desfile_7_de_setembro_la_torre_v-310-1280x854.jpg\" alt=\"\" class=\"wp-image-387091\" srcset=\"https:\/\/jundiai.sp.gov.br\/noticias\/wp-content\/uploads\/sites\/32\/2026\/09\/desfile_7_de_setembro_la_torre_v-310-1280x854.jpg 1280w, https:\/\/jundiai.sp.gov.br\/noticias\/wp-content\/uploads\/sites\/32\/2026\/09\/desfile_7_de_setembro_la_torre_v-310-300x200.jpg 300w, https:\/\/jundiai.sp.gov.br\/noticias\/wp-content\/uploads\/sites\/32\/2026\/09\/desfile_7_de_setembro_la_torre_v-310-768x512.jpg 768w, https:\/\/jundiai.sp.gov.br\/noticias\/wp-content\/uploads\/sites\/32\/2026\/09\/desfile_7_de_setembro_la_torre_v-310-1536x1024.jpg 1536w, https:\/\/jundiai.sp.gov.br\/noticias\/wp-content\/uploads\/sites\/32\/2026\/09\/desfile_7_de_setembro_la_torre_v-310-450x300.jpg 450w, https:\/\/jundiai.sp.gov.br\/noticias\/wp-content\/uploads\/sites\/32\/2026\/09\/desfile_7_de_setembro_la_torre_v-310.jpg 1900w\" sizes=\"auto, (max-width: 1280px) 100vw, 1280px\" \/><\/figure>\n\n\n\n<figure class=\"wp-block-image size-large\"><img loading=\"lazy\" decoding=\"async\" width=\"1280\" height=\"854\" data-id=\"387095\" src=\"https:\/\/jundiai.sp.gov.br\/noticias\/wp-content\/uploads\/sites\/32\/2026\/09\/desfile_7_de_setembro_la_torre_v-482-1280x854.jpg\" alt=\"\" class=\"wp-image-387095\" srcset=\"https:\/\/jundiai.sp.gov.br\/noticias\/wp-content\/uploads\/sites\/32\/2026\/09\/desfile_7_de_setembro_la_torre_v-482-1280x854.jpg 1280w, https:\/\/jundiai.sp.gov.br\/noticias\/wp-content\/uploads\/sites\/32\/2026\/09\/desfile_7_de_setembro_la_torre_v-482-300x200.jpg 300w, https:\/\/jundiai.sp.gov.br\/noticias\/wp-content\/uploads\/sites\/32\/2026\/09\/desfile_7_de_setembro_la_torre_v-482-768x512.jpg 768w, https:\/\/jundiai.sp.gov.br\/noticias\/wp-content\/uploads\/sites\/32\/2026\/09\/desfile_7_de_setembro_la_torre_v-482-1536x1024.jpg 1536w, https:\/\/jundiai.sp.gov.br\/noticias\/wp-content\/uploads\/sites\/32\/2026\/09\/desfile_7_de_setembro_la_torre_v-482-450x300.jpg 450w, https:\/\/jundiai.sp.gov.br\/noticias\/wp-content\/uploads\/sites\/32\/2026\/09\/desfile_7_de_setembro_la_torre_v-482.jpg 1900w\" sizes=\"auto, (max-width: 1280px) 100vw, 1280px\" \/><\/figure>\n\n\n\n<figure class=\"wp-block-image size-large\"><img loading=\"lazy\" decoding=\"async\" width=\"1280\" height=\"854\" data-id=\"387092\" src=\"https:\/\/jundiai.sp.gov.br\/noticias\/wp-content\/uploads\/sites\/32\/2026\/09\/desfile_7_de_setembro_la_torre_v-70-1280x854.jpg\" alt=\"\" class=\"wp-image-387092\" srcset=\"https:\/\/jundiai.sp.gov.br\/noticias\/wp-content\/uploads\/sites\/32\/2026\/09\/desfile_7_de_setembro_la_torre_v-70-1280x854.jpg 1280w, https:\/\/jundiai.sp.gov.br\/noticias\/wp-content\/uploads\/sites\/32\/2026\/09\/desfile_7_de_setembro_la_torre_v-70-300x200.jpg 300w, https:\/\/jundiai.sp.gov.br\/noticias\/wp-content\/uploads\/sites\/32\/2026\/09\/desfile_7_de_setembro_la_torre_v-70-768x512.jpg 768w, https:\/\/jundiai.sp.gov.br\/noticias\/wp-content\/uploads\/sites\/32\/2026\/09\/desfile_7_de_setembro_la_torre_v-70-1536x1024.jpg 1536w, https:\/\/jundiai.sp.gov.br\/noticias\/wp-content\/uploads\/sites\/32\/2026\/09\/desfile_7_de_setembro_la_torre_v-70-450x300.jpg 450w, https:\/\/jundiai.sp.gov.br\/noticias\/wp-content\/uploads\/sites\/32\/2026\/09\/desfile_7_de_setembro_la_torre_v-70.jpg 1900w\" sizes=\"auto, (max-width: 1280px) 100vw, 1280px\" \/><\/figure>\n<\/figure>\n\n\n\n<p><strong>Orienta\u00e7\u00f5es aos participantes e ao p\u00fablico<\/strong><\/p>\n\n\n\n<p>A organiza\u00e7\u00e3o refor\u00e7a algumas orienta\u00e7\u00f5es para garantir que o desfile ocorra de forma organizada e segura:<\/p>\n\n\n\n<ul class=\"wp-block-list\">\n<li>A concentra\u00e7\u00e3o come\u00e7a a partir das 8h. Os participantes devem chegar com anteced\u00eancia.<\/li>\n\n\n\n<li>O estacionamento da Faculdade Anhanguera n\u00e3o estar\u00e1 dispon\u00edvel para os ve\u00edculos dos participantes, pois o espa\u00e7o ser\u00e1 utilizado para a concentra\u00e7\u00e3o e organiza\u00e7\u00e3o das institui\u00e7\u00f5es que desfilar\u00e3o a p\u00e9.<\/li>\n\n\n\n<li>N\u00e3o haver\u00e1 ponto de abastecimento de \u00e1gua no local. \u00c9 recomendado que cada participante leve sua pr\u00f3pria garrafinha.<\/li>\n\n\n\n<li>Na chegada, os respons\u00e1veis pelas institui\u00e7\u00f5es devem procurar a equipe de organiza\u00e7\u00e3o para o posicionamento conforme a ordem estabelecida.<\/li>\n\n\n\n<li>Durante o desfile, n\u00e3o haver\u00e1 paradas em frente ao palanque. Coreografias e apresenta\u00e7\u00f5es devem ser realizadas em movimento, mantendo o fluxo.<\/li>\n\n\n\n<li>No bloco motorizado, por seguran\u00e7a, n\u00e3o ser\u00e1 permitida a presen\u00e7a de pessoas desfilando a p\u00e9 entre os ve\u00edculos.<\/li>\n\n\n\n<li>Os respons\u00e1veis devem ter aten\u00e7\u00e3o redobrada com as crian\u00e7as, especialmente na regi\u00e3o do C\u00f3rrego das Valqu\u00edrias, mantendo os menores acompanhados.<\/li>\n\n\n\n<li>A ordem de concentra\u00e7\u00e3o e desfile dever\u00e1 ser respeitada, assim como as orienta\u00e7\u00f5es da equipe de organiza\u00e7\u00e3o.<\/li>\n<\/ul>\n\n\n\n<p>O Desfile C\u00edvico de 7 de Setembro integra o calend\u00e1rio de celebra\u00e7\u00f5es da Independ\u00eancia do Brasil e re\u00fane diferentes segmentos da sociedade em uma programa\u00e7\u00e3o que valoriza a cidadania, a educa\u00e7\u00e3o, a cultura, o esporte, a hist\u00f3ria e a participa\u00e7\u00e3o comunit\u00e1ria de Jundia\u00ed.<\/p>\n\n\n<div class=\"wp-block-image\">\n<figure class=\"aligncenter size-large\"><img loading=\"lazy\" decoding=\"async\" width=\"768\" height=\"960\" src=\"https:\/\/jundiai.sp.gov.br\/noticias\/wp-content\/uploads\/sites\/32\/2026\/09\/desfile-07-set-768x960.jpeg\" alt=\"\" class=\"wp-image-387184\" srcset=\"https:\/\/jundiai.sp.gov.br\/noticias\/wp-content\/uploads\/sites\/32\/2026\/09\/desfile-07-set-768x960.jpeg 768w, https:\/\/jundiai.sp.gov.br\/noticias\/wp-content\/uploads\/sites\/32\/2026\/09\/desfile-07-set-300x375.jpeg 300w, https:\/\/jundiai.sp.gov.br\/noticias\/wp-content\/uploads\/sites\/32\/2026\/09\/desfile-07-set.jpeg 1080w\" sizes=\"auto, (max-width: 768px) 100vw, 768px\" \/><\/figure>\n<\/div>\n\n\n<p><strong>Assessoria de Imprensa <br>Fotos: Arquivo PMJ<\/strong><\/p>\n","protected":false},"excerpt":{"rendered":"<p>A Avenida Prefeito Luiz Latorre ser\u00e1 palco, no dia 7 de setembro, do tradicional Desfile C\u00edvico de Independ\u00eancia, que neste ano reunir\u00e1 58 institui\u00e7\u00f5es e grupos participantes. A programa\u00e7\u00e3o organizada pela Secretaria Municipal de Cultura contar\u00e1 com a presen\u00e7a de for\u00e7as de seguran\u00e7a, escolas municipais e particulares, entidades sociais, projetos voltados \u00e0 forma\u00e7\u00e3o de crian\u00e7as [&hellip;]<\/p>\n","protected":false},"author":69,"featured_media":387097,"comment_status":"closed","ping_status":"0","sticky":false,"template":"","format":"standard","meta":{"footnotes":""},"categories":[4620,2],"tags":[5411,5503,4150,6940],"ods":[],"class_list":["post-387088","post","type-post","status-publish","format-standard","has-post-thumbnail","hentry","category-destaques","category-noticias","tag-7-de-setembro","tag-desfile-civico-de-7-de-setembro","tag-desfile-de-sete-de-setembro","tag-secretaria-de-cultura-smcult"],"_links":{"self":[{"href":"https:\/\/jundiai.sp.gov.br\/noticias\/wp-json\/wp\/v2\/posts\/387088","targetHints":{"allow":["GET"]}}],"collection":[{"href":"https:\/\/jundiai.sp.gov.br\/noticias\/wp-json\/wp\/v2\/posts"}],"about":[{"href":"https:\/\/jundiai.sp.gov.br\/noticias\/wp-json\/wp\/v2\/types\/post"}],"author":[{"embeddable":true,"href":"https:\/\/jundiai.sp.gov.br\/noticias\/wp-json\/wp\/v2\/users\/69"}],"replies":[{"embeddable":true,"href":"https:\/\/jundiai.sp.gov.br\/noticias\/wp-json\/wp\/v2\/comments?post=387088"}],"version-history":[{"count":4,"href":"https:\/\/jundiai.sp.gov.br\/noticias\/wp-json\/wp\/v2\/posts\/387088\/revisions"}],"predecessor-version":[{"id":387185,"href":"https:\/\/jundiai.sp.gov.br\/noticias\/wp-json\/wp\/v2\/posts\/387088\/revisions\/387185"}],"wp:featuredmedia":[{"embeddable":true,"href":"https:\/\/jundiai.sp.gov.br\/noticias\/wp-json\/wp\/v2\/media\/387097"}],"wp:attachment":[{"href":"https:\/\/jundiai.sp.gov.br\/noticias\/wp-json\/wp\/v2\/media?parent=387088"}],"wp:term":[{"taxonomy":"category","embeddable":true,"href":"https:\/\/jundiai.sp.gov.br\/noticias\/wp-json\/wp\/v2\/categories?post=387088"},{"taxonomy":"post_tag","embeddable":true,"href":"https:\/\/jundiai.sp.gov.br\/noticias\/wp-json\/wp\/v2\/tags?post=387088"},{"taxonomy":"ods","embeddable":true,"href":"https:\/\/jundiai.sp.gov.br\/noticias\/wp-json\/wp\/v2\/ods?post=387088"}],"curies":[{"name":"wp","href":"https:\/\/api.w.org\/{rel}","templated":true}]}}