{"id":387099,"date":"2026-09-03T09:13:00","date_gmt":"2026-09-03T12:13:00","guid":{"rendered":"https:\/\/jundiai.sp.gov.br\/noticias\/?p=387099"},"modified":"2026-09-01T15:28:36","modified_gmt":"2026-09-01T18:28:36","slug":"prefeitura-de-jundiai-inicia-instalacao-de-iluminacao-led-nos-bairros-parque-sao-luiz-e-jundiai-mirim","status":"publish","type":"post","link":"https:\/\/jundiai.sp.gov.br\/noticias\/2026\/09\/03\/prefeitura-de-jundiai-inicia-instalacao-de-iluminacao-led-nos-bairros-parque-sao-luiz-e-jundiai-mirim\/","title":{"rendered":"Prefeitura de Jundia\u00ed inicia instala\u00e7\u00e3o de ilumina\u00e7\u00e3o LED nos bairros Parque S\u00e3o Luiz e Jundia\u00ed-Mirim"},"content":{"rendered":"\n<p>A Prefeitura de Jundia\u00ed iniciou a instala\u00e7\u00e3o de 137 lumin\u00e1rias de tecnologia LED em avenidas dos bairros Parque S\u00e3o Luiz e Jundia\u00ed Mirim. As substitui\u00e7\u00f5es das antigas l\u00e2mpadas a vapor pela nova tecnologia s\u00e3o realizadas pelo Departamento de Ilumina\u00e7\u00e3o P\u00fablica da Secretaria de Infraestrutura e Servi\u00e7os P\u00fablicos (SMISP).<\/p>\n\n\n\n<figure class=\"wp-block-gallery has-nested-images columns-default is-cropped wp-block-gallery-1 is-layout-flex wp-block-gallery-is-layout-flex\">\n<figure class=\"wp-block-image size-large\"><img loading=\"lazy\" decoding=\"async\" width=\"1280\" height=\"854\" data-id=\"387100\" src=\"https:\/\/jundiai.sp.gov.br\/noticias\/wp-content\/uploads\/sites\/32\/2026\/09\/led_jundiai_mirim_d-11-1280x854.jpg\" alt=\"\" class=\"wp-image-387100\" srcset=\"https:\/\/jundiai.sp.gov.br\/noticias\/wp-content\/uploads\/sites\/32\/2026\/09\/led_jundiai_mirim_d-11-1280x854.jpg 1280w, https:\/\/jundiai.sp.gov.br\/noticias\/wp-content\/uploads\/sites\/32\/2026\/09\/led_jundiai_mirim_d-11-300x200.jpg 300w, https:\/\/jundiai.sp.gov.br\/noticias\/wp-content\/uploads\/sites\/32\/2026\/09\/led_jundiai_mirim_d-11-768x512.jpg 768w, https:\/\/jundiai.sp.gov.br\/noticias\/wp-content\/uploads\/sites\/32\/2026\/09\/led_jundiai_mirim_d-11-1536x1024.jpg 1536w, https:\/\/jundiai.sp.gov.br\/noticias\/wp-content\/uploads\/sites\/32\/2026\/09\/led_jundiai_mirim_d-11-450x300.jpg 450w, https:\/\/jundiai.sp.gov.br\/noticias\/wp-content\/uploads\/sites\/32\/2026\/09\/led_jundiai_mirim_d-11.jpg 1900w\" sizes=\"auto, (max-width: 1280px) 100vw, 1280px\" \/><\/figure>\n\n\n\n<figure class=\"wp-block-image size-large\"><img loading=\"lazy\" decoding=\"async\" width=\"1280\" height=\"854\" data-id=\"387101\" src=\"https:\/\/jundiai.sp.gov.br\/noticias\/wp-content\/uploads\/sites\/32\/2026\/09\/led_jundiai_mirim_d-16-1280x854.jpg\" alt=\"\" class=\"wp-image-387101\" srcset=\"https:\/\/jundiai.sp.gov.br\/noticias\/wp-content\/uploads\/sites\/32\/2026\/09\/led_jundiai_mirim_d-16-1280x854.jpg 1280w, https:\/\/jundiai.sp.gov.br\/noticias\/wp-content\/uploads\/sites\/32\/2026\/09\/led_jundiai_mirim_d-16-300x200.jpg 300w, https:\/\/jundiai.sp.gov.br\/noticias\/wp-content\/uploads\/sites\/32\/2026\/09\/led_jundiai_mirim_d-16-768x512.jpg 768w, https:\/\/jundiai.sp.gov.br\/noticias\/wp-content\/uploads\/sites\/32\/2026\/09\/led_jundiai_mirim_d-16-1536x1024.jpg 1536w, https:\/\/jundiai.sp.gov.br\/noticias\/wp-content\/uploads\/sites\/32\/2026\/09\/led_jundiai_mirim_d-16-450x300.jpg 450w, https:\/\/jundiai.sp.gov.br\/noticias\/wp-content\/uploads\/sites\/32\/2026\/09\/led_jundiai_mirim_d-16.jpg 1900w\" sizes=\"auto, (max-width: 1280px) 100vw, 1280px\" \/><\/figure>\n<figcaption class=\"blocks-gallery-caption wp-element-caption\">Avenida Avenida Vit\u00f3rio Pavan, no Parque S\u00e3o Luiz, recebe nova ilumina\u00e7\u00e3o<\/figcaption><\/figure>\n\n\n\n<p><strong>As interven\u00e7\u00f5es contemplam as seguintes vias:<\/strong><br>\u2022Avenida Vit\u00f3rio Pavan;<br>\u2022Avenida Francisco Anholon;<br>\u2022Avenida Clarice de Souza Almeida;<br>\u2022Avenida Padre Evaristo Afonso;<br>\u2022Avenida Jo\u00e3o Toresin;<br>\u2022Avenida Ant\u00f4nio Raimundo de Oliveira.<\/p>\n\n\n\n<p>A substitui\u00e7\u00e3o dos equipamentos faz parte do Programa de Moderniza\u00e7\u00e3o da Ilumina\u00e7\u00e3o P\u00fablica de Jundia\u00ed, que tem como objetivo ampliar gradativamente a utiliza\u00e7\u00e3o da tecnologia LED em toda a cidade.<\/p>\n\n\n\n<p>Al\u00e9m de proporcionar maior efici\u00eancia energ\u00e9tica, as novas lumin\u00e1rias contribuem para melhorar a qualidade da ilumina\u00e7\u00e3o das vias, oferecendo mais seguran\u00e7a e conforto para a popula\u00e7\u00e3o.<\/p>\n\n\n\n<p>&#8220;Estamos avan\u00e7ando com a moderniza\u00e7\u00e3o da ilumina\u00e7\u00e3o p\u00fablica priorizando as regi\u00f5es de acordo com o cronograma elaborado pelas equipes t\u00e9cnicas. A tecnologia LED representa mais economia e qualidade na ilumina\u00e7\u00e3o dos espa\u00e7os p\u00fablicos&#8221;, destacou o secret\u00e1rio da SMISP, Jeferson Coimbra.<\/p>\n\n\n\n<p>As interven\u00e7\u00f5es s\u00e3o realizadas diariamente em diferentes regi\u00f5es da cidade. Desde o in\u00edcio das a\u00e7\u00f5es de moderniza\u00e7\u00e3o, mais de 6 mil l\u00e2mpadas j\u00e1 foram substitu\u00eddas por equipamentos de LED em Jundia\u00ed.<\/p>\n\n\n\n<p><strong>Assessoria de Imprensa<br>Fotos: Fot\u00f3grafo PMJ<\/strong><\/p>\n","protected":false},"excerpt":{"rendered":"<p>A Prefeitura de Jundia\u00ed iniciou a instala\u00e7\u00e3o de 137 lumin\u00e1rias de tecnologia LED em avenidas dos bairros Parque S\u00e3o Luiz e Jundia\u00ed Mirim. As substitui\u00e7\u00f5es das antigas l\u00e2mpadas a vapor pela nova tecnologia s\u00e3o realizadas pelo Departamento de Ilumina\u00e7\u00e3o P\u00fablica da Secretaria de Infraestrutura e Servi\u00e7os P\u00fablicos (SMISP). As interven\u00e7\u00f5es contemplam as seguintes vias:\u2022Avenida Vit\u00f3rio [&hellip;]<\/p>\n","protected":false},"author":123,"featured_media":387101,"comment_status":"closed","ping_status":"0","sticky":false,"template":"","format":"standard","meta":{"footnotes":""},"categories":[4620,2],"tags":[2939,985],"ods":[],"class_list":["post-387099","post","type-post","status-publish","format-standard","has-post-thumbnail","hentry","category-destaques","category-noticias","tag-iluminacao-led","tag-infraestrutura-e-servicos-publicos"],"_links":{"self":[{"href":"https:\/\/jundiai.sp.gov.br\/noticias\/wp-json\/wp\/v2\/posts\/387099","targetHints":{"allow":["GET"]}}],"collection":[{"href":"https:\/\/jundiai.sp.gov.br\/noticias\/wp-json\/wp\/v2\/posts"}],"about":[{"href":"https:\/\/jundiai.sp.gov.br\/noticias\/wp-json\/wp\/v2\/types\/post"}],"author":[{"embeddable":true,"href":"https:\/\/jundiai.sp.gov.br\/noticias\/wp-json\/wp\/v2\/users\/123"}],"replies":[{"embeddable":true,"href":"https:\/\/jundiai.sp.gov.br\/noticias\/wp-json\/wp\/v2\/comments?post=387099"}],"version-history":[{"count":3,"href":"https:\/\/jundiai.sp.gov.br\/noticias\/wp-json\/wp\/v2\/posts\/387099\/revisions"}],"predecessor-version":[{"id":387173,"href":"https:\/\/jundiai.sp.gov.br\/noticias\/wp-json\/wp\/v2\/posts\/387099\/revisions\/387173"}],"wp:featuredmedia":[{"embeddable":true,"href":"https:\/\/jundiai.sp.gov.br\/noticias\/wp-json\/wp\/v2\/media\/387101"}],"wp:attachment":[{"href":"https:\/\/jundiai.sp.gov.br\/noticias\/wp-json\/wp\/v2\/media?parent=387099"}],"wp:term":[{"taxonomy":"category","embeddable":true,"href":"https:\/\/jundiai.sp.gov.br\/noticias\/wp-json\/wp\/v2\/categories?post=387099"},{"taxonomy":"post_tag","embeddable":true,"href":"https:\/\/jundiai.sp.gov.br\/noticias\/wp-json\/wp\/v2\/tags?post=387099"},{"taxonomy":"ods","embeddable":true,"href":"https:\/\/jundiai.sp.gov.br\/noticias\/wp-json\/wp\/v2\/ods?post=387099"}],"curies":[{"name":"wp","href":"https:\/\/api.w.org\/{rel}","templated":true}]}}