{"id":387106,"date":"2026-09-01T15:26:48","date_gmt":"2026-09-01T18:26:48","guid":{"rendered":"https:\/\/jundiai.sp.gov.br\/noticias\/?p=387106"},"modified":"2026-09-01T15:26:48","modified_gmt":"2026-09-01T18:26:48","slug":"jundiai-abre-semana-da-independencia-com-cerimonia-civica-no-paco-municipal","status":"publish","type":"post","link":"https:\/\/jundiai.sp.gov.br\/noticias\/2026\/09\/01\/jundiai-abre-semana-da-independencia-com-cerimonia-civica-no-paco-municipal\/","title":{"rendered":"Jundia\u00ed abre Semana da Independ\u00eancia com cerim\u00f4nia c\u00edvica no Pa\u00e7o Municipal"},"content":{"rendered":"\n<p>Foi aberta oficialmente na manh\u00e3 desta ter\u00e7a-feira (1\u00ba) a Semana da Independ\u00eancia em Jundia\u00ed. Uma cerim\u00f4nia aconteceu no t\u00e9rreo do Pa\u00e7o Municipal, com uma corrida simb\u00f3lica e o acendimento da tocha que marca o fogo simb\u00f3lico da p\u00e1tria. Participaram do evento o prefeito Gustavo Martinelli, a secret\u00e1ria de Esporte e Lazer, Rita Orsi, e integrantes da Guarda Municipal, do 11\u00ba e 49\u00ba Batalh\u00f5es da Pol\u00edcia Militar do Interior (BPM\/I), do Corpo de Bombeiros e do Time Jundia\u00ed de Atletismo, al\u00e9m de alunos da Escola Superior de Educa\u00e7\u00e3o F\u00edsica (ESEF).<\/p>\n\n\n<div class=\"wp-block-image\">\n<figure class=\"aligncenter size-large\"><img loading=\"lazy\" decoding=\"async\" width=\"1280\" height=\"854\" src=\"https:\/\/jundiai.sp.gov.br\/noticias\/wp-content\/uploads\/sites\/32\/2026\/09\/abertura_semana_da_patria_d-36-1280x854.jpg\" alt=\"\" class=\"wp-image-387113\" srcset=\"https:\/\/jundiai.sp.gov.br\/noticias\/wp-content\/uploads\/sites\/32\/2026\/09\/abertura_semana_da_patria_d-36-1280x854.jpg 1280w, https:\/\/jundiai.sp.gov.br\/noticias\/wp-content\/uploads\/sites\/32\/2026\/09\/abertura_semana_da_patria_d-36-300x200.jpg 300w, https:\/\/jundiai.sp.gov.br\/noticias\/wp-content\/uploads\/sites\/32\/2026\/09\/abertura_semana_da_patria_d-36-768x512.jpg 768w, https:\/\/jundiai.sp.gov.br\/noticias\/wp-content\/uploads\/sites\/32\/2026\/09\/abertura_semana_da_patria_d-36-1536x1024.jpg 1536w, https:\/\/jundiai.sp.gov.br\/noticias\/wp-content\/uploads\/sites\/32\/2026\/09\/abertura_semana_da_patria_d-36-450x300.jpg 450w, https:\/\/jundiai.sp.gov.br\/noticias\/wp-content\/uploads\/sites\/32\/2026\/09\/abertura_semana_da_patria_d-36.jpg 1900w\" sizes=\"auto, (max-width: 1280px) 100vw, 1280px\" \/><figcaption class=\"wp-element-caption\">GM, Bombeiros, PM, Time Jundia\u00ed e ESEF tiveram atletas no evento <\/figcaption><\/figure>\n<\/div>\n\n\n<p>Por conta das chuvas desta ter\u00e7a, a corrida de revezamento com a tocha que ocorreria do Pa\u00e7o at\u00e9 a ESEF, no Anhangaba\u00fa, foi substitu\u00edda pela atividade simb\u00f3lica na sede da Prefeitura. \u201cEste \u00e9 um momento importante de celebra\u00e7\u00e3o c\u00edvica que abre a Semana da P\u00e1tria. Aproveito para convidar toda a popula\u00e7\u00e3o para participar do Desfile de 7 de Setembro na pr\u00f3xima segunda-feira, \u00e0s 9h, na Av. Prefeito Lu\u00eds Latorre\u201d, destacou Gustavo Martinelli. Esta festa c\u00edvica ocorrer\u00e1 na altura da Rua Evandro C\u00e9sar Gnaccarini.<\/p>\n\n\n\n<p>\u201cO evento da tocha \u00e9 uma tradi\u00e7\u00e3o em Jundia\u00ed. Marca o amor pela p\u00e1tria, a uni\u00e3o das institui\u00e7\u00f5es aqui presentes e o Dia do Professor de Educa\u00e7\u00e3o F\u00edsica, celebrado em 1\u00ba de setembro\u201d, destacou a secret\u00e1ria Rita Orsi. \u201cFizemos um evento simb\u00f3lico que fortalece o patriotismo em nossa cidade. Esporte e civismo t\u00eam muitas coisas em comum\u201d, completou Vanderlei Seregati, professor da ESEF.<\/p>\n\n\n\n<figure class=\"wp-block-gallery has-nested-images columns-default is-cropped wp-block-gallery-1 is-layout-flex wp-block-gallery-is-layout-flex\">\n<figure class=\"wp-block-image size-large\"><img loading=\"lazy\" decoding=\"async\" width=\"1280\" height=\"854\" data-id=\"387112\" src=\"https:\/\/jundiai.sp.gov.br\/noticias\/wp-content\/uploads\/sites\/32\/2026\/09\/abertura_semana_da_patria_d-8-1280x854.jpg\" alt=\"\" class=\"wp-image-387112\" srcset=\"https:\/\/jundiai.sp.gov.br\/noticias\/wp-content\/uploads\/sites\/32\/2026\/09\/abertura_semana_da_patria_d-8-1280x854.jpg 1280w, https:\/\/jundiai.sp.gov.br\/noticias\/wp-content\/uploads\/sites\/32\/2026\/09\/abertura_semana_da_patria_d-8-300x200.jpg 300w, https:\/\/jundiai.sp.gov.br\/noticias\/wp-content\/uploads\/sites\/32\/2026\/09\/abertura_semana_da_patria_d-8-768x512.jpg 768w, https:\/\/jundiai.sp.gov.br\/noticias\/wp-content\/uploads\/sites\/32\/2026\/09\/abertura_semana_da_patria_d-8-1536x1024.jpg 1536w, https:\/\/jundiai.sp.gov.br\/noticias\/wp-content\/uploads\/sites\/32\/2026\/09\/abertura_semana_da_patria_d-8-450x300.jpg 450w, https:\/\/jundiai.sp.gov.br\/noticias\/wp-content\/uploads\/sites\/32\/2026\/09\/abertura_semana_da_patria_d-8.jpg 1900w\" sizes=\"auto, (max-width: 1280px) 100vw, 1280px\" \/><figcaption class=\"wp-element-caption\">Prefeito de Jundia\u00ed cumprimenta a bombeiro Let\u00edcia<\/figcaption><\/figure>\n\n\n\n<figure class=\"wp-block-image size-large\"><img loading=\"lazy\" decoding=\"async\" width=\"1280\" height=\"854\" data-id=\"387110\" src=\"https:\/\/jundiai.sp.gov.br\/noticias\/wp-content\/uploads\/sites\/32\/2026\/09\/abertura_semana_da_patria_d-31-1-1280x854.jpg\" alt=\"\" class=\"wp-image-387110\" srcset=\"https:\/\/jundiai.sp.gov.br\/noticias\/wp-content\/uploads\/sites\/32\/2026\/09\/abertura_semana_da_patria_d-31-1-1280x854.jpg 1280w, https:\/\/jundiai.sp.gov.br\/noticias\/wp-content\/uploads\/sites\/32\/2026\/09\/abertura_semana_da_patria_d-31-1-300x200.jpg 300w, https:\/\/jundiai.sp.gov.br\/noticias\/wp-content\/uploads\/sites\/32\/2026\/09\/abertura_semana_da_patria_d-31-1-768x512.jpg 768w, https:\/\/jundiai.sp.gov.br\/noticias\/wp-content\/uploads\/sites\/32\/2026\/09\/abertura_semana_da_patria_d-31-1-1536x1024.jpg 1536w, https:\/\/jundiai.sp.gov.br\/noticias\/wp-content\/uploads\/sites\/32\/2026\/09\/abertura_semana_da_patria_d-31-1-450x300.jpg 450w, https:\/\/jundiai.sp.gov.br\/noticias\/wp-content\/uploads\/sites\/32\/2026\/09\/abertura_semana_da_patria_d-31-1.jpg 1900w\" sizes=\"auto, (max-width: 1280px) 100vw, 1280px\" \/><figcaption class=\"wp-element-caption\">Mariana, aluna da ESEF, inicia corrida simb\u00f3lica pelo Pa\u00e7o com a tocha que traz o fogo simb\u00f3lico da p\u00e1tria<\/figcaption><\/figure>\n\n\n\n<figure class=\"wp-block-image size-large\"><img loading=\"lazy\" decoding=\"async\" width=\"1280\" height=\"854\" data-id=\"387111\" src=\"https:\/\/jundiai.sp.gov.br\/noticias\/wp-content\/uploads\/sites\/32\/2026\/09\/abertura_semana_da_patria_d-20-1280x854.jpg\" alt=\"\" class=\"wp-image-387111\" srcset=\"https:\/\/jundiai.sp.gov.br\/noticias\/wp-content\/uploads\/sites\/32\/2026\/09\/abertura_semana_da_patria_d-20-1280x854.jpg 1280w, https:\/\/jundiai.sp.gov.br\/noticias\/wp-content\/uploads\/sites\/32\/2026\/09\/abertura_semana_da_patria_d-20-300x200.jpg 300w, https:\/\/jundiai.sp.gov.br\/noticias\/wp-content\/uploads\/sites\/32\/2026\/09\/abertura_semana_da_patria_d-20-768x512.jpg 768w, https:\/\/jundiai.sp.gov.br\/noticias\/wp-content\/uploads\/sites\/32\/2026\/09\/abertura_semana_da_patria_d-20-1536x1024.jpg 1536w, https:\/\/jundiai.sp.gov.br\/noticias\/wp-content\/uploads\/sites\/32\/2026\/09\/abertura_semana_da_patria_d-20-450x300.jpg 450w, https:\/\/jundiai.sp.gov.br\/noticias\/wp-content\/uploads\/sites\/32\/2026\/09\/abertura_semana_da_patria_d-20.jpg 1900w\" sizes=\"auto, (max-width: 1280px) 100vw, 1280px\" \/><figcaption class=\"wp-element-caption\">Gustavo Martinelli acende a tocha que abriu a Semana da P\u00e1tria<\/figcaption><\/figure>\n<\/figure>\n\n\n\n<p><strong>Fogo simb\u00f3lico<\/strong><br>O Fogo Simb\u00f3lico da P\u00e1tria \u00e9 uma tradi\u00e7\u00e3o c\u00edvica criada em 1937, no Rio Grande do Sul, e realizada pela primeira vez no ano seguinte, com um trajeto de 26 km entre Viam\u00e3o e Porto Alegre. Marca o in\u00edcio oficial das comemora\u00e7\u00f5es da Semana da P\u00e1tria e sua inspira\u00e7\u00e3o veio da tocha ol\u00edmpica dos Jogos Ol\u00edmpicos de Berlim, realizados em 1936.<\/p>\n\n\n\n<p>Um grupo de patriotas prop\u00f4s o fogo como s\u00edmbolo do ardor c\u00edvico nacional, da uni\u00e3o do povo brasileiro, do amor \u00e0 p\u00e1tria e dos valores da nacionalidade. A ideia foi abra\u00e7ada na \u00e9poca pela Liga da Defesa Nacional.<\/p>\n\n\n\n<p><strong>Assessoria de Imprensa<\/strong><br><strong>Fotos: Fot\u00f3grafos PMJ<\/strong><\/p>\n","protected":false},"excerpt":{"rendered":"<p>Foi aberta oficialmente na manh\u00e3 desta ter\u00e7a-feira (1\u00ba) a Semana da Independ\u00eancia em Jundia\u00ed. Uma cerim\u00f4nia aconteceu no t\u00e9rreo do Pa\u00e7o Municipal, com uma corrida simb\u00f3lica e o acendimento da tocha que marca o fogo simb\u00f3lico da p\u00e1tria. Participaram do evento o prefeito Gustavo Martinelli, a secret\u00e1ria de Esporte e Lazer, Rita Orsi, e integrantes [&hellip;]<\/p>\n","protected":false},"author":54,"featured_media":387109,"comment_status":"closed","ping_status":"0","sticky":false,"template":"","format":"standard","meta":{"footnotes":""},"categories":[4620,2],"tags":[4338,35,6296,908,5705],"ods":[],"class_list":["post-387106","post","type-post","status-publish","format-standard","has-post-thumbnail","hentry","category-destaques","category-noticias","tag-esef","tag-esporte-e-lazer","tag-secretaria-municipal-de-esporte-e-lazer-smel","tag-semana-da-patria-2016","tag-smel"],"_links":{"self":[{"href":"https:\/\/jundiai.sp.gov.br\/noticias\/wp-json\/wp\/v2\/posts\/387106","targetHints":{"allow":["GET"]}}],"collection":[{"href":"https:\/\/jundiai.sp.gov.br\/noticias\/wp-json\/wp\/v2\/posts"}],"about":[{"href":"https:\/\/jundiai.sp.gov.br\/noticias\/wp-json\/wp\/v2\/types\/post"}],"author":[{"embeddable":true,"href":"https:\/\/jundiai.sp.gov.br\/noticias\/wp-json\/wp\/v2\/users\/54"}],"replies":[{"embeddable":true,"href":"https:\/\/jundiai.sp.gov.br\/noticias\/wp-json\/wp\/v2\/comments?post=387106"}],"version-history":[{"count":7,"href":"https:\/\/jundiai.sp.gov.br\/noticias\/wp-json\/wp\/v2\/posts\/387106\/revisions"}],"predecessor-version":[{"id":387172,"href":"https:\/\/jundiai.sp.gov.br\/noticias\/wp-json\/wp\/v2\/posts\/387106\/revisions\/387172"}],"wp:featuredmedia":[{"embeddable":true,"href":"https:\/\/jundiai.sp.gov.br\/noticias\/wp-json\/wp\/v2\/media\/387109"}],"wp:attachment":[{"href":"https:\/\/jundiai.sp.gov.br\/noticias\/wp-json\/wp\/v2\/media?parent=387106"}],"wp:term":[{"taxonomy":"category","embeddable":true,"href":"https:\/\/jundiai.sp.gov.br\/noticias\/wp-json\/wp\/v2\/categories?post=387106"},{"taxonomy":"post_tag","embeddable":true,"href":"https:\/\/jundiai.sp.gov.br\/noticias\/wp-json\/wp\/v2\/tags?post=387106"},{"taxonomy":"ods","embeddable":true,"href":"https:\/\/jundiai.sp.gov.br\/noticias\/wp-json\/wp\/v2\/ods?post=387106"}],"curies":[{"name":"wp","href":"https:\/\/api.w.org\/{rel}","templated":true}]}}