{"id":387117,"date":"2026-09-01T16:02:00","date_gmt":"2026-09-01T19:02:00","guid":{"rendered":"https:\/\/jundiai.sp.gov.br\/noticias\/?p=387117"},"modified":"2026-09-01T15:08:44","modified_gmt":"2026-09-01T18:08:44","slug":"mes-da-juventude-reune-41-mil-jovens-em-jundiai-e-amplia-participacao-em-politicas-publicas","status":"publish","type":"post","link":"https:\/\/jundiai.sp.gov.br\/noticias\/2026\/09\/01\/mes-da-juventude-reune-41-mil-jovens-em-jundiai-e-amplia-participacao-em-politicas-publicas\/","title":{"rendered":"M\u00eas da Juventude re\u00fane 4,1 mil jovens em Jundia\u00ed e amplia participa\u00e7\u00e3o em pol\u00edticas p\u00fablicas"},"content":{"rendered":"\n<p>Agosto foi um m\u00eas de muita conversa, participa\u00e7\u00e3o e movimento para a juventude de Jundia\u00ed. Ao longo da programa\u00e7\u00e3o do M\u00eas da Juventude, 4.100 jovens participaram diretamente de 40 a\u00e7\u00f5es e atividades, desenvolvidas com a participa\u00e7\u00e3o de 40 parceiros. Considerando o impacto indireto nos n\u00facleos familiares, a programa\u00e7\u00e3o alcan\u00e7ou cerca de 16.400 pessoas.<\/p>\n\n\n\n<p>Organizado pelo Conselho Municipal da Juventude (COMJUVE), em parceria com a Prefeitura de Jundia\u00ed, o M\u00eas da Juventude teve como proposta aproximar as pol\u00edticas p\u00fablicas dos diferentes territ\u00f3rios e criar espa\u00e7os para que os pr\u00f3prios jovens pudessem participar, dar opini\u00f5es, conhecer oportunidades e contribuir para a constru\u00e7\u00e3o de novas pol\u00edticas para a cidade.<\/p>\n\n\n\n<figure class=\"wp-block-gallery has-nested-images columns-default is-cropped wp-block-gallery-1 is-layout-flex wp-block-gallery-is-layout-flex\">\n<figure class=\"wp-block-image size-large\"><img loading=\"lazy\" decoding=\"async\" width=\"1280\" height=\"853\" data-id=\"387119\" src=\"https:\/\/jundiai.sp.gov.br\/noticias\/wp-content\/uploads\/sites\/32\/2026\/09\/whatsapp-image-2026-08-21-at-13-49-23-3-1280x853.jpeg\" alt=\"\" class=\"wp-image-387119\" srcset=\"https:\/\/jundiai.sp.gov.br\/noticias\/wp-content\/uploads\/sites\/32\/2026\/09\/whatsapp-image-2026-08-21-at-13-49-23-3-1280x853.jpeg 1280w, https:\/\/jundiai.sp.gov.br\/noticias\/wp-content\/uploads\/sites\/32\/2026\/09\/whatsapp-image-2026-08-21-at-13-49-23-3-300x200.jpeg 300w, https:\/\/jundiai.sp.gov.br\/noticias\/wp-content\/uploads\/sites\/32\/2026\/09\/whatsapp-image-2026-08-21-at-13-49-23-3-768x512.jpeg 768w, https:\/\/jundiai.sp.gov.br\/noticias\/wp-content\/uploads\/sites\/32\/2026\/09\/whatsapp-image-2026-08-21-at-13-49-23-3-1536x1023.jpeg 1536w, https:\/\/jundiai.sp.gov.br\/noticias\/wp-content\/uploads\/sites\/32\/2026\/09\/whatsapp-image-2026-08-21-at-13-49-23-3-450x300.jpeg 450w, https:\/\/jundiai.sp.gov.br\/noticias\/wp-content\/uploads\/sites\/32\/2026\/09\/whatsapp-image-2026-08-21-at-13-49-23-3.jpeg 1600w\" sizes=\"auto, (max-width: 1280px) 100vw, 1280px\" \/><\/figure>\n<\/figure>\n\n\n\n<p>A programa\u00e7\u00e3o passou por escolas, institui\u00e7\u00f5es de ensino, unidades de sa\u00fade, equipamentos p\u00fablicos e outros espa\u00e7os de conviv\u00eancia, reunindo jovens com diferentes interesses e realidades. Entre os destaques estiveram a Feira de Profiss\u00f5es Itinerante, que levou oportunidades de forma\u00e7\u00e3o e inser\u00e7\u00e3o profissional para diferentes regi\u00f5es; a segunda edi\u00e7\u00e3o do Gr\u00eami.A\u00e7\u00e3o, que reuniu estudantes para discutir a revis\u00e3o do Plano Municipal da Juventude; e a primeira Reuni\u00e3o P\u00fablica do Parlamento Jovem, dedicada ao debate sobre a revitaliza\u00e7\u00e3o do Centro de Jundia\u00ed.<\/p>\n\n\n\n<p>Tamb\u00e9m fizeram parte da programa\u00e7\u00e3o atividades de esporte, cultura, sa\u00fade mental, preven\u00e7\u00e3o \u00e0 viol\u00eancia, moradia, tecnologia, intelig\u00eancia artificial, literatura, seguran\u00e7a p\u00fablica, diversidade e prepara\u00e7\u00e3o para o mundo do trabalho.<\/p>\n\n\n\n<p><strong>Informa\u00e7\u00e3o que fica<\/strong><\/p>\n\n\n\n<p>E o encerramento do m\u00eas tamb\u00e9m deixou um presente que continua dispon\u00edvel depois de agosto. Na sexta-feira (28), cerca de 40 jovens participaram, na Academia de Sa\u00fade de Santa Gertrudes, do lan\u00e7amento de mais uma edi\u00e7\u00e3o da s\u00e9rie \u201c<a href=\"https:\/\/drive.google.com\/file\/d\/1fqG2KkztSK5bR7E8Iua2kRZZH-XxKH_3\/view\">No Radar da Juventude<\/a>\u201d, desta vez dedicada ao acesso \u00e0 sa\u00fade.<\/p>\n\n\n\n<p>O novo guia apresenta os servi\u00e7os dispon\u00edveis na rede municipal e orienta os jovens sobre onde procurar atendimento, como acessar os servi\u00e7os e quais caminhos seguir dentro da rede de sa\u00fade. Entre os conte\u00fados est\u00e3o informa\u00e7\u00f5es sobre Aten\u00e7\u00e3o B\u00e1sica, sa\u00fade mental e outras possibilidades de cuidado oferecidas pelo munic\u00edpio.<\/p>\n\n\n\n<figure class=\"wp-block-gallery has-nested-images columns-default is-cropped wp-block-gallery-2 is-layout-flex wp-block-gallery-is-layout-flex\">\n<figure class=\"wp-block-image size-large\"><img loading=\"lazy\" decoding=\"async\" width=\"1280\" height=\"854\" data-id=\"387120\" src=\"https:\/\/jundiai.sp.gov.br\/noticias\/wp-content\/uploads\/sites\/32\/2026\/09\/mes_da_juventude_visita_monitorada_cies_d-9-1280x854.jpg\" alt=\"\" class=\"wp-image-387120\" srcset=\"https:\/\/jundiai.sp.gov.br\/noticias\/wp-content\/uploads\/sites\/32\/2026\/09\/mes_da_juventude_visita_monitorada_cies_d-9-1280x854.jpg 1280w, https:\/\/jundiai.sp.gov.br\/noticias\/wp-content\/uploads\/sites\/32\/2026\/09\/mes_da_juventude_visita_monitorada_cies_d-9-300x200.jpg 300w, https:\/\/jundiai.sp.gov.br\/noticias\/wp-content\/uploads\/sites\/32\/2026\/09\/mes_da_juventude_visita_monitorada_cies_d-9-768x512.jpg 768w, https:\/\/jundiai.sp.gov.br\/noticias\/wp-content\/uploads\/sites\/32\/2026\/09\/mes_da_juventude_visita_monitorada_cies_d-9-1536x1024.jpg 1536w, https:\/\/jundiai.sp.gov.br\/noticias\/wp-content\/uploads\/sites\/32\/2026\/09\/mes_da_juventude_visita_monitorada_cies_d-9-450x300.jpg 450w, https:\/\/jundiai.sp.gov.br\/noticias\/wp-content\/uploads\/sites\/32\/2026\/09\/mes_da_juventude_visita_monitorada_cies_d-9.jpg 1900w\" sizes=\"auto, (max-width: 1280px) 100vw, 1280px\" \/><\/figure>\n<\/figure>\n\n\n\n<p>O material \u00e9 resultado de uma parceria entre a Assessoria de Pol\u00edticas para a Juventude, do N\u00facleo de Articula\u00e7\u00e3o de Direitos Humanos, e o Comit\u00ea de Monitoramento da Pol\u00edtica Municipal de Aten\u00e7\u00e3o Integral \u00e0 Sa\u00fade do Jovem, com a participa\u00e7\u00e3o de diferentes \u00e1reas da rede municipal.<\/p>\n\n\n\n<p>A publica\u00e7\u00e3o integra a s\u00e9rie \u201c<a href=\"https:\/\/juventude.jundiai.sp.gov.br\/wp-content\/uploads\/2026\/08\/Guia-de-Acesso-a%CC%80-Seguranc%CC%A7a-Pu%CC%81blica-e-a%CC%80-Justic%CC%A7a-_-v2.docx.pdf\">No Radar da Juventude<\/a>\u201d, que tamb\u00e9m teve durante o m\u00eas o lan\u00e7amento do guia sobre Seguran\u00e7a P\u00fablica e Acesso \u00e0 Justi\u00e7a. A proposta \u00e9 transformar informa\u00e7\u00f5es que muitas vezes parecem complicadas em orienta\u00e7\u00f5es simples e acess\u00edveis, ajudando o jovem a conhecer seus direitos e saber onde buscar os servi\u00e7os p\u00fablicos quando precisar.<\/p>\n\n\n\n<p><strong>Um m\u00eas para ouvir e construir junto<\/strong><\/p>\n\n\n\n<p>Os encontros de escuta realizados ao longo da programa\u00e7\u00e3o tamb\u00e9m contribuem para a constru\u00e7\u00e3o e revis\u00e3o do Plano Municipal da Juventude, levando para o debate as experi\u00eancias, necessidades e propostas de quem vive a juventude hoje. Para a Assessoria de Pol\u00edticas para a Juventude, os n\u00fameros mostram o alcance da programa\u00e7\u00e3o, mas o principal resultado est\u00e1 na participa\u00e7\u00e3o.<\/p>\n\n\n\n<figure class=\"wp-block-gallery has-nested-images columns-default is-cropped wp-block-gallery-3 is-layout-flex wp-block-gallery-is-layout-flex\">\n<figure class=\"wp-block-image size-large\"><img loading=\"lazy\" decoding=\"async\" width=\"1280\" height=\"854\" data-id=\"387121\" src=\"https:\/\/jundiai.sp.gov.br\/noticias\/wp-content\/uploads\/sites\/32\/2026\/09\/gremi_acao_segunda_edicao-24-1280x854.jpg\" alt=\"\" class=\"wp-image-387121\" srcset=\"https:\/\/jundiai.sp.gov.br\/noticias\/wp-content\/uploads\/sites\/32\/2026\/09\/gremi_acao_segunda_edicao-24-1280x854.jpg 1280w, https:\/\/jundiai.sp.gov.br\/noticias\/wp-content\/uploads\/sites\/32\/2026\/09\/gremi_acao_segunda_edicao-24-300x200.jpg 300w, https:\/\/jundiai.sp.gov.br\/noticias\/wp-content\/uploads\/sites\/32\/2026\/09\/gremi_acao_segunda_edicao-24-768x512.jpg 768w, https:\/\/jundiai.sp.gov.br\/noticias\/wp-content\/uploads\/sites\/32\/2026\/09\/gremi_acao_segunda_edicao-24-1536x1024.jpg 1536w, https:\/\/jundiai.sp.gov.br\/noticias\/wp-content\/uploads\/sites\/32\/2026\/09\/gremi_acao_segunda_edicao-24-450x300.jpg 450w, https:\/\/jundiai.sp.gov.br\/noticias\/wp-content\/uploads\/sites\/32\/2026\/09\/gremi_acao_segunda_edicao-24.jpg 1900w\" sizes=\"auto, (max-width: 1280px) 100vw, 1280px\" \/><\/figure>\n<\/figure>\n\n\n\n<p>\u201cChegamos ao final do m\u00eas com muitos n\u00fameros para comemorar, mas principalmente com muitas vozes que foram ouvidas. Foram jovens de diferentes regi\u00f5es, com hist\u00f3rias, necessidades e interesses diferentes, participando de atividades que trataram de temas muito diversos. O M\u00eas da Juventude mostrou que, quando criamos espa\u00e7os de di\u00e1logo e levamos as oportunidades para perto, os jovens participam e querem ajudar a construir o futuro da cidade.\u201d<\/p>\n\n\n\n<p>O M\u00eas da Juventude 2026 termina oficialmente, mas as a\u00e7\u00f5es voltadas \u00e0 juventude continuam ao longo do ano. As informa\u00e7\u00f5es, servi\u00e7os e iniciativas desenvolvidas durante a programa\u00e7\u00e3o permanecem como parte das pol\u00edticas p\u00fablicas municipais, fortalecendo a participa\u00e7\u00e3o e o protagonismo dos jovens em Jundia\u00ed.<\/p>\n\n\n\n<p><strong>Assessoria de Imprensa <br>Fotos: Arquivo <\/strong><\/p>\n","protected":false},"excerpt":{"rendered":"<p>Agosto foi um m\u00eas de muita conversa, participa\u00e7\u00e3o e movimento para a juventude de Jundia\u00ed. Ao longo da programa\u00e7\u00e3o do M\u00eas da Juventude, 4.100 jovens participaram diretamente de 40 a\u00e7\u00f5es e atividades, desenvolvidas com a participa\u00e7\u00e3o de 40 parceiros. Considerando o impacto indireto nos n\u00facleos familiares, a programa\u00e7\u00e3o alcan\u00e7ou cerca de 16.400 pessoas. Organizado pelo [&hellip;]<\/p>\n","protected":false},"author":69,"featured_media":387119,"comment_status":"closed","ping_status":"0","sticky":false,"template":"","format":"standard","meta":{"footnotes":""},"categories":[2],"tags":[6857,991,6961,2182,6855,6982],"ods":[],"class_list":["post-387117","post","type-post","status-publish","format-standard","has-post-thumbnail","hentry","category-noticias","tag-1o-mes-da-juventude","tag-assessoria-de-politicas-para-a-juventude","tag-conjuve","tag-juventude","tag-mes-da-juventude","tag-no-radar-da-juventude"],"_links":{"self":[{"href":"https:\/\/jundiai.sp.gov.br\/noticias\/wp-json\/wp\/v2\/posts\/387117","targetHints":{"allow":["GET"]}}],"collection":[{"href":"https:\/\/jundiai.sp.gov.br\/noticias\/wp-json\/wp\/v2\/posts"}],"about":[{"href":"https:\/\/jundiai.sp.gov.br\/noticias\/wp-json\/wp\/v2\/types\/post"}],"author":[{"embeddable":true,"href":"https:\/\/jundiai.sp.gov.br\/noticias\/wp-json\/wp\/v2\/users\/69"}],"replies":[{"embeddable":true,"href":"https:\/\/jundiai.sp.gov.br\/noticias\/wp-json\/wp\/v2\/comments?post=387117"}],"version-history":[{"count":4,"href":"https:\/\/jundiai.sp.gov.br\/noticias\/wp-json\/wp\/v2\/posts\/387117\/revisions"}],"predecessor-version":[{"id":387166,"href":"https:\/\/jundiai.sp.gov.br\/noticias\/wp-json\/wp\/v2\/posts\/387117\/revisions\/387166"}],"wp:featuredmedia":[{"embeddable":true,"href":"https:\/\/jundiai.sp.gov.br\/noticias\/wp-json\/wp\/v2\/media\/387119"}],"wp:attachment":[{"href":"https:\/\/jundiai.sp.gov.br\/noticias\/wp-json\/wp\/v2\/media?parent=387117"}],"wp:term":[{"taxonomy":"category","embeddable":true,"href":"https:\/\/jundiai.sp.gov.br\/noticias\/wp-json\/wp\/v2\/categories?post=387117"},{"taxonomy":"post_tag","embeddable":true,"href":"https:\/\/jundiai.sp.gov.br\/noticias\/wp-json\/wp\/v2\/tags?post=387117"},{"taxonomy":"ods","embeddable":true,"href":"https:\/\/jundiai.sp.gov.br\/noticias\/wp-json\/wp\/v2\/ods?post=387117"}],"curies":[{"name":"wp","href":"https:\/\/api.w.org\/{rel}","templated":true}]}}