{"id":387123,"date":"2026-09-03T16:58:00","date_gmt":"2026-09-03T19:58:00","guid":{"rendered":"https:\/\/jundiai.sp.gov.br\/noticias\/?p=387123"},"modified":"2026-09-01T15:48:16","modified_gmt":"2026-09-01T18:48:16","slug":"prefeitura-e-ciesp-discutem-acoes-para-fortalecer-industria-e-atrair-investimentos-para-jundiai","status":"publish","type":"post","link":"https:\/\/jundiai.sp.gov.br\/noticias\/2026\/09\/03\/prefeitura-e-ciesp-discutem-acoes-para-fortalecer-industria-e-atrair-investimentos-para-jundiai\/","title":{"rendered":"Prefeitura e CIESP discutem a\u00e7\u00f5es para fortalecer ind\u00fastria e atrair investimentos para Jundia\u00ed"},"content":{"rendered":"\n<p>A Prefeitura de Jundia\u00ed, por meio da Secretaria Municipal de Desenvolvimento Econ\u00f4mico, Ci\u00eancia e Tecnologia (SMDECT), e o Centro das Ind\u00fastrias do Estado de S\u00e3o Paulo (CIESP) discutiram, a\u00e7\u00f5es para fortalecer o setor industrial e preparar o munic\u00edpio para novas oportunidades de investimentos. O encontro tratou de temas como qualifica\u00e7\u00e3o profissional, inova\u00e7\u00e3o, infraestrutura e atra\u00e7\u00e3o de empresas.<\/p>\n\n\n\n<p>O tema central foram os eixos do Desenvolve+, programa que busca aproximar o Poder P\u00fablico das empresas e criar condi\u00e7\u00f5es para estimular novos investimentos, gera\u00e7\u00e3o de empregos, inova\u00e7\u00e3o e desenvolvimento econ\u00f4mico.<\/p>\n\n\n\n<p>A necessidade de m\u00e3o de obra qualificada foi um dos destaques da reuni\u00e3o. Com as transforma\u00e7\u00f5es tecnol\u00f3gicas e as mudan\u00e7as no perfil das profiss\u00f5es, a avalia\u00e7\u00e3o \u00e9 de que o munic\u00edpio precisa antecipar as necessidades do mercado e estimular a articula\u00e7\u00e3o entre empresas, institui\u00e7\u00f5es de ensino e Poder P\u00fablico para preparar profissionais para as oportunidades que surgir\u00e3o nos pr\u00f3ximos anos. A atra\u00e7\u00e3o de empresas de tecnologia e de investimentos relacionados a data centers tamb\u00e9m esteve na pauta. <\/p>\n\n\n\n<figure class=\"wp-block-gallery has-nested-images columns-default is-cropped wp-block-gallery-1 is-layout-flex wp-block-gallery-is-layout-flex\">\n<figure class=\"wp-block-image size-large\"><img loading=\"lazy\" decoding=\"async\" width=\"1280\" height=\"854\" data-id=\"387124\" src=\"https:\/\/jundiai.sp.gov.br\/noticias\/wp-content\/uploads\/sites\/32\/2026\/09\/reuniao_ciesp_d-6-1280x854.jpg\" alt=\"\" class=\"wp-image-387124\" srcset=\"https:\/\/jundiai.sp.gov.br\/noticias\/wp-content\/uploads\/sites\/32\/2026\/09\/reuniao_ciesp_d-6-1280x854.jpg 1280w, https:\/\/jundiai.sp.gov.br\/noticias\/wp-content\/uploads\/sites\/32\/2026\/09\/reuniao_ciesp_d-6-300x200.jpg 300w, https:\/\/jundiai.sp.gov.br\/noticias\/wp-content\/uploads\/sites\/32\/2026\/09\/reuniao_ciesp_d-6-768x512.jpg 768w, https:\/\/jundiai.sp.gov.br\/noticias\/wp-content\/uploads\/sites\/32\/2026\/09\/reuniao_ciesp_d-6-1536x1024.jpg 1536w, https:\/\/jundiai.sp.gov.br\/noticias\/wp-content\/uploads\/sites\/32\/2026\/09\/reuniao_ciesp_d-6-450x300.jpg 450w, https:\/\/jundiai.sp.gov.br\/noticias\/wp-content\/uploads\/sites\/32\/2026\/09\/reuniao_ciesp_d-6.jpg 1900w\" sizes=\"auto, (max-width: 1280px) 100vw, 1280px\" \/><\/figure>\n<\/figure>\n\n\n\n<p>Outro tema abordado foi a reforma tribut\u00e1ria. Foram discutidas formas de ampliar a comunica\u00e7\u00e3o com o setor empresarial e facilitar o acesso a informa\u00e7\u00f5es sobre as mudan\u00e7as e seus impactos para as empresas.<\/p>\n\n\n\n<p>Para o secret\u00e1rio de Desenvolvimento Econ\u00f4mico, Ci\u00eancia e Tecnologia, Humberto Cereser, o di\u00e1logo com o setor produtivo permite identificar desafios e transformar demandas em a\u00e7\u00f5es. \u201cAl\u00e9m de ouvir as demandas das empresas, precisamos transformar esse di\u00e1logo em a\u00e7\u00f5es concretas. Jundia\u00ed tem um ambiente econ\u00f4mico diversificado e queremos estar pr\u00f3ximos de quem empreende, identificando desafios e antecipando oportunidades para que a cidade esteja preparada para os investimentos e os empregos do futuro\u201d, destacou.<\/p>\n\n\n\n<p>O diretor titular do CIESP Jundia\u00ed, Alexandro Zavarizi, tamb\u00e9m ressaltou a import\u00e2ncia da parceria entre o setor produtivo e o Poder P\u00fablico na constru\u00e7\u00e3o de estrat\u00e9gias para o desenvolvimento do munic\u00edpio. \u201cO desenvolvimento econ\u00f4mico acontece quando o Poder P\u00fablico consegue ouvir quem est\u00e1 na ponta, compreender os desafios das empresas e, a partir desse di\u00e1logo, construir solu\u00e7\u00f5es. Precisamos ter uma vis\u00e3o de futuro e preparar hoje a cidade para as oportunidades que vir\u00e3o\u201d, disse.<\/p>\n\n\n\n<p>A proposta \u00e9 que a aproxima\u00e7\u00e3o entre Prefeitura e CIESP tenha continuidade por meio de novos encontros, inclusive para tratar de demandas espec\u00edficas das empresas e buscar solu\u00e7\u00f5es de forma conjunta. A iniciativa contribui para a constru\u00e7\u00e3o de um ambiente de neg\u00f3cios mais competitivo e preparado para as transforma\u00e7\u00f5es da ind\u00fastria e da economia.<\/p>\n\n\n\n<p>Participaram da reuni\u00e3o o diretor titular do CIESP Jundia\u00ed, Alexandro Zavarizi; o diretor Manoel Fernandes Flores; a gerente regional C\u00e1ssia Maria Stuchi; a secret\u00e1ria adjunta de Desenvolvimento Econ\u00f4mico, Bruna Lazarini; a diretora de Com\u00e9rcio e Servi\u00e7os, Maria Aparecida Gibrail; o diretor do Departamento de Fomento \u00e0 Ind\u00fastria, Gilson Aparecido Pichioli; e o diretor de Ci\u00eancia e Tecnologia, Tiago Antunes.<\/p>\n\n\n\n<p><strong>Assessoria de Imprensa <br>Fotos: Fot\u00f3grafos PMJ<\/strong><\/p>\n","protected":false},"excerpt":{"rendered":"<p>A Prefeitura de Jundia\u00ed, por meio da Secretaria Municipal de Desenvolvimento Econ\u00f4mico, Ci\u00eancia e Tecnologia (SMDECT), e o Centro das Ind\u00fastrias do Estado de S\u00e3o Paulo (CIESP) discutiram, a\u00e7\u00f5es para fortalecer o setor industrial e preparar o munic\u00edpio para novas oportunidades de investimentos. O encontro tratou de temas como qualifica\u00e7\u00e3o profissional, inova\u00e7\u00e3o, infraestrutura e atra\u00e7\u00e3o [&hellip;]<\/p>\n","protected":false},"author":69,"featured_media":387124,"comment_status":"closed","ping_status":"0","sticky":false,"template":"","format":"standard","meta":{"footnotes":""},"categories":[2],"tags":[5548,5114,5564,365,6607,5549,5908],"ods":[],"class_list":["post-387123","post","type-post","status-publish","format-standard","has-post-thumbnail","hentry","category-noticias","tag-negocios-2","tag-ciesp-jundiai","tag-desenvolve-2","tag-desenvolvimento-economico-ciencia-e-tecnologia","tag-emprega-2","tag-inova","tag-invest"],"_links":{"self":[{"href":"https:\/\/jundiai.sp.gov.br\/noticias\/wp-json\/wp\/v2\/posts\/387123","targetHints":{"allow":["GET"]}}],"collection":[{"href":"https:\/\/jundiai.sp.gov.br\/noticias\/wp-json\/wp\/v2\/posts"}],"about":[{"href":"https:\/\/jundiai.sp.gov.br\/noticias\/wp-json\/wp\/v2\/types\/post"}],"author":[{"embeddable":true,"href":"https:\/\/jundiai.sp.gov.br\/noticias\/wp-json\/wp\/v2\/users\/69"}],"replies":[{"embeddable":true,"href":"https:\/\/jundiai.sp.gov.br\/noticias\/wp-json\/wp\/v2\/comments?post=387123"}],"version-history":[{"count":2,"href":"https:\/\/jundiai.sp.gov.br\/noticias\/wp-json\/wp\/v2\/posts\/387123\/revisions"}],"predecessor-version":[{"id":387189,"href":"https:\/\/jundiai.sp.gov.br\/noticias\/wp-json\/wp\/v2\/posts\/387123\/revisions\/387189"}],"wp:featuredmedia":[{"embeddable":true,"href":"https:\/\/jundiai.sp.gov.br\/noticias\/wp-json\/wp\/v2\/media\/387124"}],"wp:attachment":[{"href":"https:\/\/jundiai.sp.gov.br\/noticias\/wp-json\/wp\/v2\/media?parent=387123"}],"wp:term":[{"taxonomy":"category","embeddable":true,"href":"https:\/\/jundiai.sp.gov.br\/noticias\/wp-json\/wp\/v2\/categories?post=387123"},{"taxonomy":"post_tag","embeddable":true,"href":"https:\/\/jundiai.sp.gov.br\/noticias\/wp-json\/wp\/v2\/tags?post=387123"},{"taxonomy":"ods","embeddable":true,"href":"https:\/\/jundiai.sp.gov.br\/noticias\/wp-json\/wp\/v2\/ods?post=387123"}],"curies":[{"name":"wp","href":"https:\/\/api.w.org\/{rel}","templated":true}]}}