{"id":387132,"date":"2026-09-02T10:05:00","date_gmt":"2026-09-02T13:05:00","guid":{"rendered":"https:\/\/jundiai.sp.gov.br\/noticias\/?p=387132"},"modified":"2026-09-02T09:38:01","modified_gmt":"2026-09-02T12:38:01","slug":"forum-reune-mais-de-250-participantes-para-debater-politicas-publicas-de-esporte","status":"publish","type":"post","link":"https:\/\/jundiai.sp.gov.br\/noticias\/2026\/09\/02\/forum-reune-mais-de-250-participantes-para-debater-politicas-publicas-de-esporte\/","title":{"rendered":"F\u00f3rum re\u00fane mais de 250 participantes para debater pol\u00edticas p\u00fablicas de esporte"},"content":{"rendered":"\n<p>A Prefeitura de Jundia\u00ed, por meio da Secretaria Municipal de Esporte e Lazer (SMEL), promoveu esta semana o F\u00f3rum Municipal de Esporte e Lazer, em parceria com a Escola Superior de Educa\u00e7\u00e3o F\u00edsica (ESEF). O evento, realizado no Sal\u00e3o Azul da ESEF, teve como tema \u201cEsporte como Pol\u00edtica P\u00fablica: do acesso \u00e0 forma\u00e7\u00e3o e ao rendimento\u201d e prop\u00f4s uma reflex\u00e3o sobre o papel do esporte no desenvolvimento da cidade e na garantia do acesso \u00e0 pr\u00e1tica esportiva. <\/p>\n\n\n\n<figure class=\"wp-block-image size-large\"><img loading=\"lazy\" decoding=\"async\" width=\"1280\" height=\"960\" src=\"https:\/\/jundiai.sp.gov.br\/noticias\/wp-content\/uploads\/sites\/32\/2026\/09\/forum_esporte_esef-1-1280x960.jpg\" alt=\"\" class=\"wp-image-387136\" srcset=\"https:\/\/jundiai.sp.gov.br\/noticias\/wp-content\/uploads\/sites\/32\/2026\/09\/forum_esporte_esef-1-1280x960.jpg 1280w, https:\/\/jundiai.sp.gov.br\/noticias\/wp-content\/uploads\/sites\/32\/2026\/09\/forum_esporte_esef-1-300x225.jpg 300w, https:\/\/jundiai.sp.gov.br\/noticias\/wp-content\/uploads\/sites\/32\/2026\/09\/forum_esporte_esef-1-768x576.jpg 768w, https:\/\/jundiai.sp.gov.br\/noticias\/wp-content\/uploads\/sites\/32\/2026\/09\/forum_esporte_esef-1-1536x1152.jpg 1536w, https:\/\/jundiai.sp.gov.br\/noticias\/wp-content\/uploads\/sites\/32\/2026\/09\/forum_esporte_esef-1-2048x1536.jpg 2048w\" sizes=\"auto, (max-width: 1280px) 100vw, 1280px\" \/><figcaption class=\"wp-element-caption\">Professor Leandro Carlos Mazzei fala aos participantes do F\u00f3rum Municipal de Esporte e Lazer<\/figcaption><\/figure>\n\n\n\n<p>Mais de 250 pessoas, entre educadores esportivos da SMEL, professores de Educa\u00e7\u00e3o F\u00edsica, alunos de gradua\u00e7\u00e3o da ESEF e representantes de institui\u00e7\u00f5es educacionais convidadas, participaram do f\u00f3rum, que tamb\u00e9m marcou o Dia do Profissional de Educa\u00e7\u00e3o F\u00edsica e do Preparador F\u00edsico, celebrado no dia 1\u00ba de setembro.<\/p>\n\n\n\n<p>A abertura contou com apresenta\u00e7\u00f5es de dan\u00e7a de alunos da ESEF e de atletas do Programa de Esportes e Atividades Motoras Adaptadas (PEAMA). O f\u00f3rum teve a palestra de Leandro Carlos Mazzei, professor doutor do curso de Ci\u00eancias do Esporte da FCA\/UNICAMP. Sua trajet\u00f3ria converge diretamente com a proposta da iniciativa e contribui para ampliar a reflex\u00e3o sobre o esporte como direito e instrumento de desenvolvimento social.<\/p>\n\n\n\n<p>Doutor em Educa\u00e7\u00e3o F\u00edsica pela USP e pela Vrije Universiteit Brussel, na B\u00e9lgica, mestre em Gest\u00e3o Desportiva pela Universidade do Porto e especialista em Administra\u00e7\u00e3o de Empresas, Leandro tamb\u00e9m foi atleta profissional de jud\u00f4. Sua atua\u00e7\u00e3o acad\u00eamica e seus estudos abrangem temas como gest\u00e3o e pol\u00edticas esportivas, alto rendimento, eventos e instala\u00e7\u00f5es esportivas. Ele \u00e9 autor do livro \u201cGest\u00e3o do Esporte no Brasil: Desafios e Perspectivas\u201d.<\/p>\n\n\n\n<figure class=\"wp-block-image size-large\"><img loading=\"lazy\" decoding=\"async\" width=\"1280\" height=\"960\" src=\"https:\/\/jundiai.sp.gov.br\/noticias\/wp-content\/uploads\/sites\/32\/2026\/09\/forum_esporte_esef-3-1280x960.jpg\" alt=\"\" class=\"wp-image-387137\" srcset=\"https:\/\/jundiai.sp.gov.br\/noticias\/wp-content\/uploads\/sites\/32\/2026\/09\/forum_esporte_esef-3-1280x960.jpg 1280w, https:\/\/jundiai.sp.gov.br\/noticias\/wp-content\/uploads\/sites\/32\/2026\/09\/forum_esporte_esef-3-300x225.jpg 300w, https:\/\/jundiai.sp.gov.br\/noticias\/wp-content\/uploads\/sites\/32\/2026\/09\/forum_esporte_esef-3-768x576.jpg 768w, https:\/\/jundiai.sp.gov.br\/noticias\/wp-content\/uploads\/sites\/32\/2026\/09\/forum_esporte_esef-3-1536x1152.jpg 1536w, https:\/\/jundiai.sp.gov.br\/noticias\/wp-content\/uploads\/sites\/32\/2026\/09\/forum_esporte_esef-3.jpg 1900w\" sizes=\"auto, (max-width: 1280px) 100vw, 1280px\" \/><figcaption class=\"wp-element-caption\">Apresenta\u00e7\u00e3o do bailarino Ariel Dami\u00e3o, do PEAMA<\/figcaption><\/figure>\n\n\n\n<p><strong>Esporte: direito social<\/strong><br>A abordagem do tema ganhou ainda mais import\u00e2ncia a partir da Lei Geral do Esporte (Lei Federal 14.597\/2023), que instituiu o Sistema Nacional do Esporte (Sinesp) e refor\u00e7ou a necessidade de pol\u00edticas esportivas articuladas, descentralizadas e participativas, compreendendo o esporte como um direito social do cidad\u00e3o. \u201cO F\u00f3rum Municipal de Esporte e Lazer foi o espa\u00e7o ideal para refletirmos sobre os caminhos do esporte. Atrav\u00e9s do evento, fortalecemos o di\u00e1logo entre poder p\u00fablico, profissionais, institui\u00e7\u00f5es, atletas e a sociedade\u201d, disse a secret\u00e1ria de Esporte e Lazer de Jundia\u00ed, Rita Orsi.<\/p>\n\n\n\n<p><strong>Assessoria de Imprensa<\/strong><br><strong>Fotos: Fot\u00f3grafos PMJ<\/strong><\/p>\n","protected":false},"excerpt":{"rendered":"<p>A Prefeitura de Jundia\u00ed, por meio da Secretaria Municipal de Esporte e Lazer (SMEL), promoveu esta semana o F\u00f3rum Municipal de Esporte e Lazer, em parceria com a Escola Superior de Educa\u00e7\u00e3o F\u00edsica (ESEF). O evento, realizado no Sal\u00e3o Azul da ESEF, teve como tema \u201cEsporte como Pol\u00edtica P\u00fablica: do acesso \u00e0 forma\u00e7\u00e3o e ao [&hellip;]<\/p>\n","protected":false},"author":54,"featured_media":387135,"comment_status":"closed","ping_status":"closed","sticky":false,"template":"","format":"standard","meta":{"footnotes":""},"categories":[4620,2],"tags":[4338,35,6296,5705,1045],"ods":[],"class_list":["post-387132","post","type-post","status-publish","format-standard","has-post-thumbnail","hentry","category-destaques","category-noticias","tag-esef","tag-esporte-e-lazer","tag-secretaria-municipal-de-esporte-e-lazer-smel","tag-smel","tag-time-jundiai"],"_links":{"self":[{"href":"https:\/\/jundiai.sp.gov.br\/noticias\/wp-json\/wp\/v2\/posts\/387132","targetHints":{"allow":["GET"]}}],"collection":[{"href":"https:\/\/jundiai.sp.gov.br\/noticias\/wp-json\/wp\/v2\/posts"}],"about":[{"href":"https:\/\/jundiai.sp.gov.br\/noticias\/wp-json\/wp\/v2\/types\/post"}],"author":[{"embeddable":true,"href":"https:\/\/jundiai.sp.gov.br\/noticias\/wp-json\/wp\/v2\/users\/54"}],"replies":[{"embeddable":true,"href":"https:\/\/jundiai.sp.gov.br\/noticias\/wp-json\/wp\/v2\/comments?post=387132"}],"version-history":[{"count":7,"href":"https:\/\/jundiai.sp.gov.br\/noticias\/wp-json\/wp\/v2\/posts\/387132\/revisions"}],"predecessor-version":[{"id":387175,"href":"https:\/\/jundiai.sp.gov.br\/noticias\/wp-json\/wp\/v2\/posts\/387132\/revisions\/387175"}],"wp:featuredmedia":[{"embeddable":true,"href":"https:\/\/jundiai.sp.gov.br\/noticias\/wp-json\/wp\/v2\/media\/387135"}],"wp:attachment":[{"href":"https:\/\/jundiai.sp.gov.br\/noticias\/wp-json\/wp\/v2\/media?parent=387132"}],"wp:term":[{"taxonomy":"category","embeddable":true,"href":"https:\/\/jundiai.sp.gov.br\/noticias\/wp-json\/wp\/v2\/categories?post=387132"},{"taxonomy":"post_tag","embeddable":true,"href":"https:\/\/jundiai.sp.gov.br\/noticias\/wp-json\/wp\/v2\/tags?post=387132"},{"taxonomy":"ods","embeddable":true,"href":"https:\/\/jundiai.sp.gov.br\/noticias\/wp-json\/wp\/v2\/ods?post=387132"}],"curies":[{"name":"wp","href":"https:\/\/api.w.org\/{rel}","templated":true}]}}