{"id":387141,"date":"2026-09-03T16:02:00","date_gmt":"2026-09-03T19:02:00","guid":{"rendered":"https:\/\/jundiai.sp.gov.br\/noticias\/?p=387141"},"modified":"2026-09-02T15:05:16","modified_gmt":"2026-09-02T18:05:16","slug":"feriado-de-7-de-setembro-confira-como-sera-o-funcionamento-dos-servicos-publicos-em-jundiai","status":"publish","type":"post","link":"https:\/\/jundiai.sp.gov.br\/noticias\/2026\/09\/03\/feriado-de-7-de-setembro-confira-como-sera-o-funcionamento-dos-servicos-publicos-em-jundiai\/","title":{"rendered":"Feriado de 7 de setembro: Confira como ser\u00e1 o funcionamento dos servi\u00e7os p\u00fablicos em Jundia\u00ed"},"content":{"rendered":"\n<p>Em raz\u00e3o do feriado da Independ\u00eancia do Brasil, celebrado na pr\u00f3xima segunda-feira (7), a Prefeitura de Jundia\u00ed informa como ser\u00e1 o funcionamento dos servi\u00e7os p\u00fablicos municipais durante a data.<\/p>\n\n\n\n<p>A programa\u00e7\u00e3o do feriado ter\u00e1 como destaque o<a href=\"https:\/\/jundiai.sp.gov.br\/noticias\/2026\/09\/02\/desfile-de-7-de-setembro-reune-58-instituicoes-na-avenida-prefeito-luiz-latorre-em-jundiai\/\"> tradicional Desfile C\u00edvico de 7 de Setembro<\/a>, realizado na Avenida Prefeito Luiz Latorre. Neste ano, 58 institui\u00e7\u00f5es e grupos participar\u00e3o do evento, entre for\u00e7as de seguran\u00e7a, escolas municipais e particulares, entidades sociais, projetos de forma\u00e7\u00e3o de crian\u00e7as e jovens, grupos escoteiros e institui\u00e7\u00f5es religiosas. O desfile ser\u00e1 encerrado com a passagem do bloco motorizado.<\/p>\n\n\n\n<p>A concentra\u00e7\u00e3o dos participantes come\u00e7a \u00e0s 8h, na regi\u00e3o da Faculdade Anhanguera. A orienta\u00e7\u00e3o \u00e9 para que os integrantes cheguem com anteced\u00eancia, devido \u00e0 movimenta\u00e7\u00e3o prevista e \u00e0 disponibilidade limitada de estacionamento nas proximidades.<\/p>\n\n\n\n<p><strong>Setores administrativos<\/strong><br>Os setores administrativos em geral n\u00e3o ter\u00e3o expediente no dia 7. Est\u00e3o inclu\u00eddos o Pa\u00e7o Municipal, Secretarias Municipais e Procon Jundia\u00ed.<\/p>\n\n\n\n<p><strong>Sa\u00fade<\/strong><br>As Unidades B\u00e1sicas de Sa\u00fade (UBSs), as Cl\u00ednicas da Fam\u00edlia, os Ambulat\u00f3rios, o Centro de Testagem e Aconselhamento (CTA), a Academia de Sa\u00fade, a Farm\u00e1cia de Alto Custo, o Centro de Conviv\u00eancia, Cultura, Trabalho e Gera\u00e7\u00e3o de Renda (CECO) e os Centros de Aten\u00e7\u00e3o Psicossocial (CAPS) 2 e Infantojuvenil encerram o expediente na sexta-feira (04) e reabrem na ter\u00e7a-feira (8).<\/p>\n\n\n\n<p>O CAPS AD e o CAPS 3 permanecem abertos 24 horas, exclusivamente para acolhidos. As Unidades de Pronto Atendimento (PAs) funcionar\u00e3o normalmente. A unidade da Ponte S\u00e3o Jo\u00e3o atende das 7h \u00e0s 18h, assim como o PA do Retiro. J\u00e1 as unidades da Hortol\u00e2ndia, PA Central e UPA Vetor Oeste funcionam 24 horas. O Hospital S\u00e3o Vicente de Paulo e o Hospital Universit\u00e1rio (HU) seguem com atendimento normal durante o feriado.<\/p>\n\n\n\n<p><strong>Transporte p\u00fablico<\/strong><br>O transporte coletivo urbano ter\u00e1 opera\u00e7\u00e3o especial no dia 7. O servi\u00e7o funcionar\u00e1 com hor\u00e1rios de domingos e feriados na segunda-feira. A rela\u00e7\u00e3o completa das linhas com hor\u00e1rios est\u00e1 dispon\u00edvel no&nbsp;<a href=\"https:\/\/situ.jundiai.sp.gov.br\/\"><strong>site do SITU Jundia\u00ed<\/strong><\/a>.<\/p>\n\n\n\n<figure class=\"wp-block-image size-large\"><img loading=\"lazy\" decoding=\"async\" width=\"1280\" height=\"853\" src=\"https:\/\/jundiai.sp.gov.br\/noticias\/wp-content\/uploads\/sites\/32\/2026\/09\/terminal_cecap-22-1280x853.jpg\" alt=\"\" class=\"wp-image-387162\" srcset=\"https:\/\/jundiai.sp.gov.br\/noticias\/wp-content\/uploads\/sites\/32\/2026\/09\/terminal_cecap-22-1280x853.jpg 1280w, https:\/\/jundiai.sp.gov.br\/noticias\/wp-content\/uploads\/sites\/32\/2026\/09\/terminal_cecap-22-300x200.jpg 300w, https:\/\/jundiai.sp.gov.br\/noticias\/wp-content\/uploads\/sites\/32\/2026\/09\/terminal_cecap-22-768x512.jpg 768w, https:\/\/jundiai.sp.gov.br\/noticias\/wp-content\/uploads\/sites\/32\/2026\/09\/terminal_cecap-22-1536x1024.jpg 1536w, https:\/\/jundiai.sp.gov.br\/noticias\/wp-content\/uploads\/sites\/32\/2026\/09\/terminal_cecap-22-450x300.jpg 450w, https:\/\/jundiai.sp.gov.br\/noticias\/wp-content\/uploads\/sites\/32\/2026\/09\/terminal_cecap-22.jpg 1800w\" sizes=\"auto, (max-width: 1280px) 100vw, 1280px\" \/><\/figure>\n\n\n\n<p><strong>Assist\u00eancia e Desenvolvimento Social<\/strong><br>O Centro Pop (Rua Marechal Deodoro da Fonseca, 504 \u2013 Centro), equipamento voltado ao atendimento \u00e0 popula\u00e7\u00e3o em situa\u00e7\u00e3o de rua, n\u00e3o abrir\u00e1 no dia 7, em virtude do Feriado Nacional do Dia da Independ\u00eancia. As equipes do Servi\u00e7o Especializado em Abordagem Social (SEAS) dar\u00e3o continuidade \u00e0s a\u00e7\u00f5es de busca ativa e ficar\u00e3o dispon\u00edveis para acionamento e atendimentos a chamados (24 horas por dia) pelo telefone (11) 98531-0146.<\/p>\n\n\n\n<p><strong>Feiras e varej\u00f5es<\/strong><br>Em virtude do feriado de 7 de setembro, n\u00e3o haver\u00e1 a Feira do Produtor Rural neste dia. As feiras livres e varej\u00f5es mant\u00eam a programa\u00e7\u00e3o normal. Toda a programa\u00e7\u00e3o, locais e hor\u00e1rios podem ser consultados&nbsp;<a href=\"https:\/\/abastecimento.jundiai.sp.gov.br\/\" target=\"_blank\" rel=\"noreferrer noopener\"><strong>no site do Agroneg\u00f3cio e Abastecimento<\/strong><\/a>.<\/p>\n\n\n\n<figure class=\"wp-block-image size-large\"><img loading=\"lazy\" decoding=\"async\" width=\"1280\" height=\"853\" src=\"https:\/\/jundiai.sp.gov.br\/noticias\/wp-content\/uploads\/sites\/32\/2026\/09\/feira-1280x853.jpg\" alt=\"\" class=\"wp-image-387165\" srcset=\"https:\/\/jundiai.sp.gov.br\/noticias\/wp-content\/uploads\/sites\/32\/2026\/09\/feira-1280x853.jpg 1280w, https:\/\/jundiai.sp.gov.br\/noticias\/wp-content\/uploads\/sites\/32\/2026\/09\/feira-300x200.jpg 300w, https:\/\/jundiai.sp.gov.br\/noticias\/wp-content\/uploads\/sites\/32\/2026\/09\/feira-768x512.jpg 768w, https:\/\/jundiai.sp.gov.br\/noticias\/wp-content\/uploads\/sites\/32\/2026\/09\/feira-1536x1024.jpg 1536w, https:\/\/jundiai.sp.gov.br\/noticias\/wp-content\/uploads\/sites\/32\/2026\/09\/feira-450x300.jpg 450w, https:\/\/jundiai.sp.gov.br\/noticias\/wp-content\/uploads\/sites\/32\/2026\/09\/feira.jpg 1800w\" sizes=\"auto, (max-width: 1280px) 100vw, 1280px\" \/><\/figure>\n\n\n\n<p><strong>Educa\u00e7\u00e3o<\/strong><br>O setor administrativo da Secretaria Municipal de Educa\u00e7\u00e3o (SME) estar\u00e1 fechado no dia 7, retomando o atendimento na ter\u00e7a-feira (8).<\/p>\n\n\n\n<p><strong>Cultura<\/strong><br>No feriado da Independ\u00eancia, o Espa\u00e7o Expressa receber\u00e1 o evento \u201cMangiare\u201d, realizado entre 4 e 7\/9, com uma programa\u00e7\u00e3o especial dedicada \u00e0 gastronomia italiana. A iniciativa re\u00fane diferentes op\u00e7\u00f5es de comidas t\u00edpicas da It\u00e1lia, proporcionando ao p\u00fablico uma oportunidade de conhecer e saborear diferentes pratos. Nos demais espa\u00e7os culturais, n\u00e3o haver\u00e1 atendimento durante o feriado. Permanecer\u00e3o fechados a F\u00e1brica das Inf\u00e2ncias Japy, a Biblioteca Municipal Professor Nelson Foot, o Centro das Artes, o Teatro Polytheama, o Museu dos Ferrovi\u00e1rios e o Museu Hist\u00f3rico e Cultural de Jundia\u00ed \u2013 Solar do Bar\u00e3o.<\/p>\n\n\n\n<p>Tamb\u00e9m estar\u00e3o fechados a Pinacoteca Di\u00f3genes Duarte Paes, o Espa\u00e7o Am\u00e9rico Mendes e o CEU das Artes. Toda a programa\u00e7\u00e3o cultural da cidade est\u00e1 dispon\u00edvel <a href=\"https:\/\/cultura.jundiai.sp.gov.br\/programacao\/\" data-type=\"link\" data-id=\"https:\/\/cultura.jundiai.sp.gov.br\/programacao\/\" target=\"_blank\" rel=\"noreferrer noopener\">aqui<\/a>.<\/p>\n\n\n\n<p><strong>Parques municipais<\/strong><br>Os parques municipais funcionar\u00e3o normalmente durante o feriado, respeitando os hor\u00e1rios habituais de cada unidade. Isso inclui o Jardim Bot\u00e2nico.<\/p>\n\n\n\n<p><strong>Centros Esportivos<\/strong><br>Os 20 centros esportivos de Jundia\u00ed funcionar\u00e3o com hor\u00e1rios de domingo no dia 7\/9. Confira <a href=\"https:\/\/jundiai.portal.placarsoft.com.br\/tiposdelocais\/1\/complexo-esportivo\" data-type=\"link\" data-id=\"https:\/\/jundiai.portal.placarsoft.com.br\/tiposdelocais\/1\/complexo-esportivo\" target=\"_blank\" rel=\"noreferrer noopener\">aqui<\/a> todos os hor\u00e1rios. <\/p>\n\n\n\n<figure class=\"wp-block-image size-large\"><img loading=\"lazy\" decoding=\"async\" width=\"1280\" height=\"834\" src=\"https:\/\/jundiai.sp.gov.br\/noticias\/wp-content\/uploads\/sites\/32\/2026\/09\/aulas_esporte-1280x834.jpg\" alt=\"\" class=\"wp-image-387167\" srcset=\"https:\/\/jundiai.sp.gov.br\/noticias\/wp-content\/uploads\/sites\/32\/2026\/09\/aulas_esporte-1280x834.jpg 1280w, https:\/\/jundiai.sp.gov.br\/noticias\/wp-content\/uploads\/sites\/32\/2026\/09\/aulas_esporte-300x195.jpg 300w, https:\/\/jundiai.sp.gov.br\/noticias\/wp-content\/uploads\/sites\/32\/2026\/09\/aulas_esporte-768x500.jpg 768w, https:\/\/jundiai.sp.gov.br\/noticias\/wp-content\/uploads\/sites\/32\/2026\/09\/aulas_esporte-1536x1001.jpg 1536w, https:\/\/jundiai.sp.gov.br\/noticias\/wp-content\/uploads\/sites\/32\/2026\/09\/aulas_esporte.jpg 1900w\" sizes=\"auto, (max-width: 1280px) 100vw, 1280px\" \/><\/figure>\n\n\n\n<p><strong>Espa\u00e7o Jundia\u00ed Empreendedora<\/strong><br>O Espa\u00e7o Jundia\u00ed Empreendedora, onde tamb\u00e9m funcionam o Posto de Atendimento ao Trabalhador (PAT), Banco do Povo e o Sebrae AQUI, n\u00e3o abrir\u00e1 no dia 7 de setembro. O atendimento ser\u00e1 retomado na ter\u00e7a-feira (8), a partir das 8h.<br><br><strong>DAE Jundia\u00ed<\/strong><br>Na segunda-feira (7), n\u00e3o haver\u00e1 expediente na sede administrativa e nos postos de atendimento da Vila Hortol\u00e2ndia, Ponte S\u00e3o Jo\u00e3o, Centro, Vila Arens e Eloy Chaves.<\/p>\n\n\n\n<p>A unidade da empresa no Poupatempo n\u00e3o funcionar\u00e1 no feriado. A Central de Relacionamento da DAE atende 24 horas pelo telefone 0800 0133 155.<\/p>\n\n\n\n<p>O Parque da Cidade estar\u00e1 aberto das 6h30 \u00e0s 18h, com entrada permitida at\u00e9 as 17h. O Mundo das Crian\u00e7as funcionar\u00e1 das 7h \u00e0s 17h, com entrada at\u00e9 16h. Confira os hor\u00e1rios habituais de cada unidade clicando&nbsp;<a href=\"https:\/\/jundiai.sp.gov.br\/infraestrutura-e-servicos-publicos\/parques-municipais\/\"><strong>aqui<\/strong><\/a>.<\/p>\n\n\n\n<p><strong>Coleta de lixo<\/strong><br>Os servi\u00e7os de coleta de lixo org\u00e2nico, coleta seletiva e Cata-Treco ser\u00e3o realizados normalmente, seguindo o cronograma regular. Os dias e hor\u00e1rios de coleta podem ser consultados no&nbsp;<a href=\"https:\/\/jundiai.sp.gov.br\/infraestrutura-e-servicos-publicos\/limpeza-publica\/coleta-organica-seletiva-e-cata-treco\/\"><strong>site da Prefeitura<\/strong><\/a>.<br><br><strong>Guarda Municipal<\/strong><br>A Guarda Municipal mant\u00e9m o patrulhamento e atendimento \u00e0 popula\u00e7\u00e3o durante o feriado, 24 horas por dia. Em caso de emerg\u00eancia, o contato deve ser feito pelos telefones 153 e (11) 4492-9060, ou pelo aplicativo \u201c153 Jundia\u00ed\u201d.<\/p>\n\n\n\n<p><strong>Defesa Civil<\/strong><br>A Defesa Civil permanece em funcionamento durante o feriado. Os atendimentos de emerg\u00eancia podem ser solicitados pelos telefones 199 ou (11) 4589-0199.<\/p>\n\n\n\n<p><strong>Fundo Social<\/strong><br>O FUNSS n\u00e3o ter\u00e1 expediente no dia 7 de setembro, retornando as atividades no dia 8, a partir das 8h.<\/p>\n\n\n\n<p><strong>Servi\u00e7o Funer\u00e1rio<\/strong><br>Os cemit\u00e9rios municipais Nossa Senhora do Montenegro e Nossa Senhora do Desterro permanecer\u00e3o abertos normalmente, das 7h \u00e0s 17h, para visitas e sepultamentos. O Vel\u00f3rio Municipal Adamastor Fernandes mant\u00e9m atendimento 24 horas por dia.<\/p>\n\n\n\n<p><strong>Assessoria de Imprensa<\/strong><br><strong>Fotos: Fot\u00f3grafos PMJ<\/strong><\/p>\n","protected":false},"excerpt":{"rendered":"<p>Em raz\u00e3o do feriado da Independ\u00eancia do Brasil, celebrado na pr\u00f3xima segunda-feira (7), a Prefeitura de Jundia\u00ed informa como ser\u00e1 o funcionamento dos servi\u00e7os p\u00fablicos municipais durante a data. A programa\u00e7\u00e3o do feriado ter\u00e1 como destaque o tradicional Desfile C\u00edvico de 7 de Setembro, realizado na Avenida Prefeito Luiz Latorre. Neste ano, 58 institui\u00e7\u00f5es e [&hellip;]<\/p>\n","protected":false},"author":54,"featured_media":387261,"comment_status":"closed","ping_status":"0","sticky":false,"template":"","format":"standard","meta":{"footnotes":""},"categories":[4620,2],"tags":[46,980,29,1940,34,6,35,1781,31,985,1527,982,3],"ods":[],"class_list":["post-387141","post","type-post","status-publish","format-standard","has-post-thumbnail","hentry","category-destaques","category-noticias","tag-abre-e-fecha","tag-assistencia-e-desenvolvimento-social","tag-cultura","tag-dae-jundiai","tag-defesa-civil","tag-educacao","tag-esporte-e-lazer","tag-fundo-social-de-solidariedade","tag-guarda-municipal","tag-infraestrutura-e-servicos-publicos","tag-jundiai-empreendedora","tag-mobilidade-e-transporte","tag-saude"],"_links":{"self":[{"href":"https:\/\/jundiai.sp.gov.br\/noticias\/wp-json\/wp\/v2\/posts\/387141","targetHints":{"allow":["GET"]}}],"collection":[{"href":"https:\/\/jundiai.sp.gov.br\/noticias\/wp-json\/wp\/v2\/posts"}],"about":[{"href":"https:\/\/jundiai.sp.gov.br\/noticias\/wp-json\/wp\/v2\/types\/post"}],"author":[{"embeddable":true,"href":"https:\/\/jundiai.sp.gov.br\/noticias\/wp-json\/wp\/v2\/users\/54"}],"replies":[{"embeddable":true,"href":"https:\/\/jundiai.sp.gov.br\/noticias\/wp-json\/wp\/v2\/comments?post=387141"}],"version-history":[{"count":9,"href":"https:\/\/jundiai.sp.gov.br\/noticias\/wp-json\/wp\/v2\/posts\/387141\/revisions"}],"predecessor-version":[{"id":387262,"href":"https:\/\/jundiai.sp.gov.br\/noticias\/wp-json\/wp\/v2\/posts\/387141\/revisions\/387262"}],"wp:featuredmedia":[{"embeddable":true,"href":"https:\/\/jundiai.sp.gov.br\/noticias\/wp-json\/wp\/v2\/media\/387261"}],"wp:attachment":[{"href":"https:\/\/jundiai.sp.gov.br\/noticias\/wp-json\/wp\/v2\/media?parent=387141"}],"wp:term":[{"taxonomy":"category","embeddable":true,"href":"https:\/\/jundiai.sp.gov.br\/noticias\/wp-json\/wp\/v2\/categories?post=387141"},{"taxonomy":"post_tag","embeddable":true,"href":"https:\/\/jundiai.sp.gov.br\/noticias\/wp-json\/wp\/v2\/tags?post=387141"},{"taxonomy":"ods","embeddable":true,"href":"https:\/\/jundiai.sp.gov.br\/noticias\/wp-json\/wp\/v2\/ods?post=387141"}],"curies":[{"name":"wp","href":"https:\/\/api.w.org\/{rel}","templated":true}]}}