{"id":387144,"date":"2026-09-02T12:08:00","date_gmt":"2026-09-02T15:08:00","guid":{"rendered":"https:\/\/jundiai.sp.gov.br\/noticias\/?p=387144"},"modified":"2026-09-02T09:38:06","modified_gmt":"2026-09-02T12:38:06","slug":"linhas-do-terminal-hortolandia-terao-novos-horarios-para-melhorar-regularidade-das-viagens-a-partir-do-dia-5","status":"publish","type":"post","link":"https:\/\/jundiai.sp.gov.br\/noticias\/2026\/09\/02\/linhas-do-terminal-hortolandia-terao-novos-horarios-para-melhorar-regularidade-das-viagens-a-partir-do-dia-5\/","title":{"rendered":"Linhas do Terminal Hortol\u00e2ndia ter\u00e3o novos hor\u00e1rios para melhorar regularidade das viagens, a partir do dia 5"},"content":{"rendered":"\n<p>A partir de 5 de setembro, passageiros das linhas que atendem o Terminal Hortol\u00e2ndia ter\u00e3o uma nova programa\u00e7\u00e3o de hor\u00e1rios, planejada para ampliar a regularidade e a confiabilidade das viagens. A iniciativa da Secretaria de Mobilidade e Transporte (SMMT) da Prefeitura de Jundia\u00ed faz parte do trabalho de reorganiza\u00e7\u00e3o do transporte coletivo realizado a partir da nova concess\u00e3o do servi\u00e7o.<\/p>\n\n\n\n<p>Nesta primeira etapa, ser\u00e3o contempladas as linhas 572, 573, 574, 577 e 578. Os novos hor\u00e1rios foram definidos considerando o tempo necess\u00e1rio para a realiza\u00e7\u00e3o das viagens, as caracter\u00edsticas de cada linha e as condi\u00e7\u00f5es dos respectivos trajetos. Uma das linhas tamb\u00e9m ter\u00e1 adequa\u00e7\u00e3o no itiner\u00e1rio.<\/p>\n\n\n\n<p>\u201cA revis\u00e3o integra o processo de planejamento e reorganiza\u00e7\u00e3o do transporte coletivo impulsionado pela nova concess\u00e3o do servi\u00e7o em Jundia\u00ed. Estamos analisando cada linha para que a programa\u00e7\u00e3o esteja mais adequada \u00e0 opera\u00e7\u00e3o e ofere\u00e7a mais regularidade e previsibilidade aos passageiros. Esse trabalho ser\u00e1 realizado gradualmente em todos os terminais\u201d, destacou o diretor de Transportes, Bruno Palhari.<\/p>\n\n\n\n<figure class=\"wp-block-image size-large\"><img loading=\"lazy\" decoding=\"async\" width=\"1280\" height=\"960\" src=\"https:\/\/jundiai.sp.gov.br\/noticias\/wp-content\/uploads\/sites\/32\/2026\/09\/terminal-hortolandia-1280x960.jpg\" alt=\"\" class=\"wp-image-387158\" srcset=\"https:\/\/jundiai.sp.gov.br\/noticias\/wp-content\/uploads\/sites\/32\/2026\/09\/terminal-hortolandia-1280x960.jpg 1280w, https:\/\/jundiai.sp.gov.br\/noticias\/wp-content\/uploads\/sites\/32\/2026\/09\/terminal-hortolandia-300x225.jpg 300w, https:\/\/jundiai.sp.gov.br\/noticias\/wp-content\/uploads\/sites\/32\/2026\/09\/terminal-hortolandia-768x576.jpg 768w, https:\/\/jundiai.sp.gov.br\/noticias\/wp-content\/uploads\/sites\/32\/2026\/09\/terminal-hortolandia-1536x1152.jpg 1536w, https:\/\/jundiai.sp.gov.br\/noticias\/wp-content\/uploads\/sites\/32\/2026\/09\/terminal-hortolandia.jpg 1600w\" sizes=\"auto, (max-width: 1280px) 100vw, 1280px\" \/><figcaption class=\"wp-element-caption\">SMMT far\u00e1 revis\u00e3o revis\u00e3o de hor\u00e1rios e itiner\u00e1rio em cinco linhas do Terminal Hortol\u00e2ndia<\/figcaption><\/figure>\n\n\n\n<p><strong>Programa\u00e7\u00e3o de hor\u00e1rios ser\u00e1 atualizada<\/strong><br>Entre as principais medidas est\u00e1 a reprograma\u00e7\u00e3o dos hor\u00e1rios de segunda a domingo. A nova programa\u00e7\u00e3o considera tempos de percurso mais compat\u00edveis com a opera\u00e7\u00e3o real das linhas, permitindo que as viagens sejam realizadas dentro dos intervalos previstos e reduzindo o risco de atrasos.<\/p>\n\n\n\n<p>Nas linhas 572, 574 e 577, haver\u00e1 reprograma\u00e7\u00e3o dos hor\u00e1rios de segunda a domingo.<\/p>\n\n\n\n<p>A linha 573, que atende o bairro do Engordadouro, tamb\u00e9m passar\u00e1 por reprograma\u00e7\u00e3o de hor\u00e1rios de segunda a domingo. A regi\u00e3o apresenta expans\u00e3o populacional e de servi\u00e7os e, como novidade, ter\u00e1 acr\u00e9scimo de hor\u00e1rios, atendendo a solicita\u00e7\u00f5es dos usu\u00e1rios e proporcionando menor intervalo entre as viagens aos s\u00e1bados, domingos e feriados.<\/p>\n\n\n\n<p>J\u00e1 a linha 578, al\u00e9m da reprograma\u00e7\u00e3o dos hor\u00e1rios de segunda a domingo, ter\u00e1 a unifica\u00e7\u00e3o dos itiner\u00e1rios A e B, ampliando o atendimento ao Jardim Calif\u00f3rnia.<\/p>\n\n\n\n<p><strong>Revis\u00e3o ser\u00e1 ampliada para outras linhas<\/strong><br>As demais linhas do Terminal Hortol\u00e2ndia j\u00e1 est\u00e3o sendo avaliadas e ser\u00e3o reprogramadas em uma segunda etapa, finalizando a sua revis\u00e3o.<\/p>\n\n\n\n<p>As novas tabelas hor\u00e1rias dos \u00f4nibus de Jundia\u00ed est\u00e3o dispon\u00edveis no site oficial do Sistema Integrado de Transporte Urbano (SITU) <a href=\"https:\/\/situ.jundiai.sp.gov.br\/\"> https:\/\/situ.jundiai.sp.gov.br\/<\/a> e nos aplicativos Cittamobi e Google Maps.<\/p>\n\n\n\n<p>Os usu\u00e1rios podem acompanhar, em tempo real, hor\u00e1rios, trajetos e a localiza\u00e7\u00e3o dos \u00f4nibus por meio dessas plataformas. Informes ser\u00e3o afixados nas plataformas das linhas envolvidas, e toda a altera\u00e7\u00e3o ser\u00e1 monitorada para an\u00e1lise dos resultados e poss\u00edveis adequa\u00e7\u00f5es.<\/p>\n\n\n\n<p><strong>Assessoria de Imprensa<br>Fotos: Arquivo PMJ<\/strong><\/p>\n","protected":false},"excerpt":{"rendered":"<p>A partir de 5 de setembro, passageiros das linhas que atendem o Terminal Hortol\u00e2ndia ter\u00e3o uma nova programa\u00e7\u00e3o de hor\u00e1rios, planejada para ampliar a regularidade e a confiabilidade das viagens. A iniciativa da Secretaria de Mobilidade e Transporte (SMMT) da Prefeitura de Jundia\u00ed faz parte do trabalho de reorganiza\u00e7\u00e3o do transporte coletivo realizado a partir [&hellip;]<\/p>\n","protected":false},"author":123,"featured_media":387158,"comment_status":"closed","ping_status":"closed","sticky":false,"template":"","format":"standard","meta":{"footnotes":""},"categories":[4620,2],"tags":[982,2164],"ods":[],"class_list":["post-387144","post","type-post","status-publish","format-standard","has-post-thumbnail","hentry","category-destaques","category-noticias","tag-mobilidade-e-transporte","tag-terminal-hortolandia"],"_links":{"self":[{"href":"https:\/\/jundiai.sp.gov.br\/noticias\/wp-json\/wp\/v2\/posts\/387144","targetHints":{"allow":["GET"]}}],"collection":[{"href":"https:\/\/jundiai.sp.gov.br\/noticias\/wp-json\/wp\/v2\/posts"}],"about":[{"href":"https:\/\/jundiai.sp.gov.br\/noticias\/wp-json\/wp\/v2\/types\/post"}],"author":[{"embeddable":true,"href":"https:\/\/jundiai.sp.gov.br\/noticias\/wp-json\/wp\/v2\/users\/123"}],"replies":[{"embeddable":true,"href":"https:\/\/jundiai.sp.gov.br\/noticias\/wp-json\/wp\/v2\/comments?post=387144"}],"version-history":[{"count":4,"href":"https:\/\/jundiai.sp.gov.br\/noticias\/wp-json\/wp\/v2\/posts\/387144\/revisions"}],"predecessor-version":[{"id":387187,"href":"https:\/\/jundiai.sp.gov.br\/noticias\/wp-json\/wp\/v2\/posts\/387144\/revisions\/387187"}],"wp:featuredmedia":[{"embeddable":true,"href":"https:\/\/jundiai.sp.gov.br\/noticias\/wp-json\/wp\/v2\/media\/387158"}],"wp:attachment":[{"href":"https:\/\/jundiai.sp.gov.br\/noticias\/wp-json\/wp\/v2\/media?parent=387144"}],"wp:term":[{"taxonomy":"category","embeddable":true,"href":"https:\/\/jundiai.sp.gov.br\/noticias\/wp-json\/wp\/v2\/categories?post=387144"},{"taxonomy":"post_tag","embeddable":true,"href":"https:\/\/jundiai.sp.gov.br\/noticias\/wp-json\/wp\/v2\/tags?post=387144"},{"taxonomy":"ods","embeddable":true,"href":"https:\/\/jundiai.sp.gov.br\/noticias\/wp-json\/wp\/v2\/ods?post=387144"}],"curies":[{"name":"wp","href":"https:\/\/api.w.org\/{rel}","templated":true}]}}