{"id":387193,"date":"2026-09-02T14:12:00","date_gmt":"2026-09-02T17:12:00","guid":{"rendered":"https:\/\/jundiai.sp.gov.br\/noticias\/?p=387193"},"modified":"2026-09-02T10:28:55","modified_gmt":"2026-09-02T13:28:55","slug":"fundo-social-de-solidariedade-de-jundiai-abre-credenciamento-para-professores-de-cursos-profissionalizantes","status":"publish","type":"post","link":"https:\/\/jundiai.sp.gov.br\/noticias\/2026\/09\/02\/fundo-social-de-solidariedade-de-jundiai-abre-credenciamento-para-professores-de-cursos-profissionalizantes\/","title":{"rendered":"Fundo Social de Solidariedade de Jundia\u00ed abre credenciamento para professores de cursos profissionalizantes"},"content":{"rendered":"\n<p>A Secretaria Municipal da Casa Civil, por meio do Fundo Social de Solidariedade de Jundia\u00ed, abriu novo credenciamento para a contrata\u00e7\u00e3o de professores interessados em ministrar aulas nos cursos de aperfei\u00e7oamento profissional oferecidos pela institui\u00e7\u00e3o.<\/p>\n\n\n\n<p>O\u00a0Edital de Credenciamento n\u00ba 005\/2026, publicado nesta quarta-feira (2) na Imprensa Oficial, estabelece as condi\u00e7\u00f5es para a presta\u00e7\u00e3o dos servi\u00e7os. Os profissionais interessados devem realizar o cadastro e enviar a documenta\u00e7\u00e3o exigida\u00a0exclusivamente pela plataforma <a href=\"https:\/\/compraaberta.jundiai.sp.gov.br\/\">Compra Aberta Jundia\u00ed<\/a>, onde \u00e9 poss\u00edvel consultar os requisitos e demais orienta\u00e7\u00f5es para participa\u00e7\u00e3o.<\/p>\n\n\n<div class=\"wp-block-image\">\n<figure class=\"aligncenter size-large\"><img loading=\"lazy\" decoding=\"async\" width=\"1280\" height=\"854\" src=\"https:\/\/jundiai.sp.gov.br\/noticias\/wp-content\/uploads\/sites\/32\/2026\/09\/curso_funss_brigadeiro-36-1280x854.jpg\" alt=\"\" class=\"wp-image-387194\" srcset=\"https:\/\/jundiai.sp.gov.br\/noticias\/wp-content\/uploads\/sites\/32\/2026\/09\/curso_funss_brigadeiro-36-1280x854.jpg 1280w, https:\/\/jundiai.sp.gov.br\/noticias\/wp-content\/uploads\/sites\/32\/2026\/09\/curso_funss_brigadeiro-36-300x200.jpg 300w, https:\/\/jundiai.sp.gov.br\/noticias\/wp-content\/uploads\/sites\/32\/2026\/09\/curso_funss_brigadeiro-36-768x512.jpg 768w, https:\/\/jundiai.sp.gov.br\/noticias\/wp-content\/uploads\/sites\/32\/2026\/09\/curso_funss_brigadeiro-36-1536x1024.jpg 1536w, https:\/\/jundiai.sp.gov.br\/noticias\/wp-content\/uploads\/sites\/32\/2026\/09\/curso_funss_brigadeiro-36-450x300.jpg 450w, https:\/\/jundiai.sp.gov.br\/noticias\/wp-content\/uploads\/sites\/32\/2026\/09\/curso_funss_brigadeiro-36.jpg 1900w\" sizes=\"auto, (max-width: 1280px) 100vw, 1280px\" \/><figcaption class=\"wp-element-caption\"><em>O credenciamento ter\u00e1 vig\u00eancia por prazo indeterminado<\/em><\/figcaption><\/figure>\n<\/div>\n\n\n<p>O credenciamento ter\u00e1&nbsp;vig\u00eancia por prazo indeterminado, a partir da publica\u00e7\u00e3o do edital, permanecendo aberto enquanto houver interesse da Administra\u00e7\u00e3o Municipal, desde que sejam cumpridas todas as condi\u00e7\u00f5es estabelecidas no documento.<\/p>\n\n\n\n<p>A contrata\u00e7\u00e3o de novos docentes contribui para ampliar a oferta de cursos de qualifica\u00e7\u00e3o profissional do Fundo Social.&nbsp;Somente neste ano, foram ofertadas mais de 800 vagas em capacita\u00e7\u00f5es, com oportunidades de aprendizado, desenvolvimento de novas habilidades e prepara\u00e7\u00e3o para o mercado de trabalho.<\/p>\n\n\n\n<p>\u201cAcreditamos que a qualifica\u00e7\u00e3o profissional pode abrir portas e transformar trajet\u00f3rias. Por isso, os cursos do Fundo Social buscam oferecer n\u00e3o apenas conhecimento t\u00e9cnico, mas tamb\u00e9m ferramentas para que os participantes possam ampliar suas oportunidades e conquistar mais autonomia, seja para ingressar no mercado de trabalho, seja para empreender ou gerar uma renda extra\u201d,&nbsp;destaca C\u00e1ssia Carpi, diretora do Fundo Social de Solidariedade.<\/p>\n\n\n\n<p><strong>Assessoria de Imprensa<br>Fotos: Fot\u00f3gramos PMJ<\/strong><\/p>\n","protected":false},"excerpt":{"rendered":"<p>A Secretaria Municipal da Casa Civil, por meio do Fundo Social de Solidariedade de Jundia\u00ed, abriu novo credenciamento para a contrata\u00e7\u00e3o de professores interessados em ministrar aulas nos cursos de aperfei\u00e7oamento profissional oferecidos pela institui\u00e7\u00e3o. O\u00a0Edital de Credenciamento n\u00ba 005\/2026, publicado nesta quarta-feira (2) na Imprensa Oficial, estabelece as condi\u00e7\u00f5es para a presta\u00e7\u00e3o dos servi\u00e7os. [&hellip;]<\/p>\n","protected":false},"author":134,"featured_media":387194,"comment_status":"closed","ping_status":"0","sticky":false,"template":"","format":"standard","meta":{"footnotes":""},"categories":[4620,2],"tags":[7014,2769,1039,7015,416,3585],"ods":[],"class_list":["post-387193","post","type-post","status-publish","format-standard","has-post-thumbnail","hentry","category-destaques","category-noticias","tag-credenciamento","tag-cursos","tag-cursos-funss","tag-edital-de-credenciamento","tag-fundo-social-de-solidariedade-funss","tag-qualificacao"],"_links":{"self":[{"href":"https:\/\/jundiai.sp.gov.br\/noticias\/wp-json\/wp\/v2\/posts\/387193","targetHints":{"allow":["GET"]}}],"collection":[{"href":"https:\/\/jundiai.sp.gov.br\/noticias\/wp-json\/wp\/v2\/posts"}],"about":[{"href":"https:\/\/jundiai.sp.gov.br\/noticias\/wp-json\/wp\/v2\/types\/post"}],"author":[{"embeddable":true,"href":"https:\/\/jundiai.sp.gov.br\/noticias\/wp-json\/wp\/v2\/users\/134"}],"replies":[{"embeddable":true,"href":"https:\/\/jundiai.sp.gov.br\/noticias\/wp-json\/wp\/v2\/comments?post=387193"}],"version-history":[{"count":4,"href":"https:\/\/jundiai.sp.gov.br\/noticias\/wp-json\/wp\/v2\/posts\/387193\/revisions"}],"predecessor-version":[{"id":387222,"href":"https:\/\/jundiai.sp.gov.br\/noticias\/wp-json\/wp\/v2\/posts\/387193\/revisions\/387222"}],"wp:featuredmedia":[{"embeddable":true,"href":"https:\/\/jundiai.sp.gov.br\/noticias\/wp-json\/wp\/v2\/media\/387194"}],"wp:attachment":[{"href":"https:\/\/jundiai.sp.gov.br\/noticias\/wp-json\/wp\/v2\/media?parent=387193"}],"wp:term":[{"taxonomy":"category","embeddable":true,"href":"https:\/\/jundiai.sp.gov.br\/noticias\/wp-json\/wp\/v2\/categories?post=387193"},{"taxonomy":"post_tag","embeddable":true,"href":"https:\/\/jundiai.sp.gov.br\/noticias\/wp-json\/wp\/v2\/tags?post=387193"},{"taxonomy":"ods","embeddable":true,"href":"https:\/\/jundiai.sp.gov.br\/noticias\/wp-json\/wp\/v2\/ods?post=387193"}],"curies":[{"name":"wp","href":"https:\/\/api.w.org\/{rel}","templated":true}]}}