{"id":387197,"date":"2026-09-02T13:37:00","date_gmt":"2026-09-02T16:37:00","guid":{"rendered":"https:\/\/jundiai.sp.gov.br\/noticias\/?p=387197"},"modified":"2026-09-02T10:25:51","modified_gmt":"2026-09-02T13:25:51","slug":"jundiai-reune-confeccoes-nesta-quinta-feira-para-explicar-como-funcionara-o-voucher-para-uniformes-escolares","status":"publish","type":"post","link":"https:\/\/jundiai.sp.gov.br\/noticias\/2026\/09\/02\/jundiai-reune-confeccoes-nesta-quinta-feira-para-explicar-como-funcionara-o-voucher-para-uniformes-escolares\/","title":{"rendered":"Jundia\u00ed re\u00fane confec\u00e7\u00f5es nesta quinta-feira para explicar como funcionar\u00e1 o voucher para uniformes escolares"},"content":{"rendered":"\n<p>A Prefeitura de Jundia\u00ed, por meio da Secretaria Municipal de Educa\u00e7\u00e3o, realiza nesta quinta-feira (3) uma reuni\u00e3o com confec\u00e7\u00f5es e estabelecimentos do Munic\u00edpio que produzem ou comercializam uniformes escolares. O encontro apresentar\u00e1 a estrutura\u00e7\u00e3o do Programa Aux\u00edlio Uniforme, previsto para 2027, e orientar\u00e1 o setor sobre os procedimentos para participa\u00e7\u00e3o na rede credenciada.<\/p>\n\n\n\n<p>A reuni\u00e3o ser\u00e1 \u00e0s 18h, no audit\u00f3rio do 8\u00ba andar, ala norte, do Pa\u00e7o Municipal. Os interessados devem preencher previamente o formul\u00e1rio dispon\u00edvel em: https:\/\/forms.gle\/Vg4X3NVkUFfH9bB19.<\/p>\n\n\n\n<p>Conforme decreto publicado nesta quarta-feira (2), o programa ser\u00e1 estruturado por meio de voucher, na forma de cr\u00e9dito eletr\u00f4nico, permitindo que as fam\u00edlias adquiram os kits diretamente nos estabelecimentos credenciados. A previs\u00e3o \u00e9 atender cerca de 28 mil estudantes da Educa\u00e7\u00e3o Infantil II e do Ensino Fundamental I.<\/p>\n\n\n\n<p><strong>Mais praticidade para as fam\u00edlias<\/strong><\/p>\n\n\n\n<p>O novo formato permitir\u00e1 que as fam\u00edlias escolham diretamente os tamanhos dos uniformes, trazendo mais praticidade e reduzindo a necessidade de trocas. A iniciativa tamb\u00e9m amplia a possibilidade de participa\u00e7\u00e3o de confec\u00e7\u00f5es e estabelecimentos comerciais de Jundia\u00ed.<\/p>\n\n\n\n<p>O decreto tamb\u00e9m prev\u00ea o Programa Aux\u00edlio Material Escolar, que, neste momento, passa por estudos t\u00e9cnicos e de viabilidade. Ap\u00f3s as etapas de estrutura\u00e7\u00e3o, a Prefeitura divulgar\u00e1 as regras oficiais de credenciamento dos estabelecimentos e, posteriormente, as orienta\u00e7\u00f5es \u00e0s fam\u00edlias para utiliza\u00e7\u00e3o do benef\u00edcio.<\/p>\n\n\n\n<p><strong>Assessoria de Imprensa<br>Fotos: Fot\u00f3grafos PMJ<\/strong><\/p>\n","protected":false},"excerpt":{"rendered":"<p>A Prefeitura de Jundia\u00ed, por meio da Secretaria Municipal de Educa\u00e7\u00e3o, realiza nesta quinta-feira (3) uma reuni\u00e3o com confec\u00e7\u00f5es e estabelecimentos do Munic\u00edpio que produzem ou comercializam uniformes escolares. O encontro apresentar\u00e1 a estrutura\u00e7\u00e3o do Programa Aux\u00edlio Uniforme, previsto para 2027, e orientar\u00e1 o setor sobre os procedimentos para participa\u00e7\u00e3o na rede credenciada. A reuni\u00e3o [&hellip;]<\/p>\n","protected":false},"author":135,"featured_media":386743,"comment_status":"closed","ping_status":"0","sticky":false,"template":"","format":"standard","meta":{"footnotes":""},"categories":[2],"tags":[6],"ods":[],"class_list":["post-387197","post","type-post","status-publish","format-standard","has-post-thumbnail","hentry","category-noticias","tag-educacao"],"_links":{"self":[{"href":"https:\/\/jundiai.sp.gov.br\/noticias\/wp-json\/wp\/v2\/posts\/387197","targetHints":{"allow":["GET"]}}],"collection":[{"href":"https:\/\/jundiai.sp.gov.br\/noticias\/wp-json\/wp\/v2\/posts"}],"about":[{"href":"https:\/\/jundiai.sp.gov.br\/noticias\/wp-json\/wp\/v2\/types\/post"}],"author":[{"embeddable":true,"href":"https:\/\/jundiai.sp.gov.br\/noticias\/wp-json\/wp\/v2\/users\/135"}],"replies":[{"embeddable":true,"href":"https:\/\/jundiai.sp.gov.br\/noticias\/wp-json\/wp\/v2\/comments?post=387197"}],"version-history":[{"count":3,"href":"https:\/\/jundiai.sp.gov.br\/noticias\/wp-json\/wp\/v2\/posts\/387197\/revisions"}],"predecessor-version":[{"id":387219,"href":"https:\/\/jundiai.sp.gov.br\/noticias\/wp-json\/wp\/v2\/posts\/387197\/revisions\/387219"}],"wp:featuredmedia":[{"embeddable":true,"href":"https:\/\/jundiai.sp.gov.br\/noticias\/wp-json\/wp\/v2\/media\/386743"}],"wp:attachment":[{"href":"https:\/\/jundiai.sp.gov.br\/noticias\/wp-json\/wp\/v2\/media?parent=387197"}],"wp:term":[{"taxonomy":"category","embeddable":true,"href":"https:\/\/jundiai.sp.gov.br\/noticias\/wp-json\/wp\/v2\/categories?post=387197"},{"taxonomy":"post_tag","embeddable":true,"href":"https:\/\/jundiai.sp.gov.br\/noticias\/wp-json\/wp\/v2\/tags?post=387197"},{"taxonomy":"ods","embeddable":true,"href":"https:\/\/jundiai.sp.gov.br\/noticias\/wp-json\/wp\/v2\/ods?post=387197"}],"curies":[{"name":"wp","href":"https:\/\/api.w.org\/{rel}","templated":true}]}}