{"id":387212,"date":"2026-09-02T11:18:00","date_gmt":"2026-09-02T14:18:00","guid":{"rendered":"https:\/\/jundiai.sp.gov.br\/noticias\/?p=387212"},"modified":"2026-09-02T10:38:07","modified_gmt":"2026-09-02T13:38:07","slug":"inscricoes-para-a-corte-da-42a-festa-da-uva-comecam-nesta-quinta-feira-3","status":"publish","type":"post","link":"https:\/\/jundiai.sp.gov.br\/noticias\/2026\/09\/02\/inscricoes-para-a-corte-da-42a-festa-da-uva-comecam-nesta-quinta-feira-3\/","title":{"rendered":"Inscri\u00e7\u00f5es para a Corte da 42\u00aa Festa da Uva come\u00e7am nesta quinta-feira (3)"},"content":{"rendered":"\n<p>Est\u00e3o abertas, a partir desta quinta-feira (3), as inscri\u00e7\u00f5es para a sele\u00e7\u00e3o da Corte da 42\u00aa Festa da Uva e 13\u00aa Expo Vinhos 2027. A Prefeitura de Jundia\u00ed, por meio da Secretaria Municipal de Cultura, realiza o chamamento p\u00fablico para escolher a Rainha, a 1\u00aa Princesa e a 2\u00aa Princesa que representar\u00e3o a festa, que ser\u00e1 realizada de 14 de janeiro a 7 de fevereiro de 2027.<\/p>\n\n\n\n<figure class=\"wp-block-gallery has-nested-images columns-default is-cropped wp-block-gallery-1 is-layout-flex wp-block-gallery-is-layout-flex\">\n<figure class=\"wp-block-image size-large\"><img loading=\"lazy\" decoding=\"async\" width=\"1280\" height=\"854\" data-id=\"387213\" src=\"https:\/\/jundiai.sp.gov.br\/noticias\/wp-content\/uploads\/sites\/32\/2026\/09\/corte_da_uva_2026_v-31-1280x854.jpg\" alt=\"\" class=\"wp-image-387213\" srcset=\"https:\/\/jundiai.sp.gov.br\/noticias\/wp-content\/uploads\/sites\/32\/2026\/09\/corte_da_uva_2026_v-31-1280x854.jpg 1280w, https:\/\/jundiai.sp.gov.br\/noticias\/wp-content\/uploads\/sites\/32\/2026\/09\/corte_da_uva_2026_v-31-300x200.jpg 300w, https:\/\/jundiai.sp.gov.br\/noticias\/wp-content\/uploads\/sites\/32\/2026\/09\/corte_da_uva_2026_v-31-768x512.jpg 768w, https:\/\/jundiai.sp.gov.br\/noticias\/wp-content\/uploads\/sites\/32\/2026\/09\/corte_da_uva_2026_v-31-1536x1024.jpg 1536w, https:\/\/jundiai.sp.gov.br\/noticias\/wp-content\/uploads\/sites\/32\/2026\/09\/corte_da_uva_2026_v-31-450x300.jpg 450w, https:\/\/jundiai.sp.gov.br\/noticias\/wp-content\/uploads\/sites\/32\/2026\/09\/corte_da_uva_2026_v-31.jpg 1900w\" sizes=\"auto, (max-width: 1280px) 100vw, 1280px\" \/><\/figure>\n<\/figure>\n\n\n\n<p>As inscri\u00e7\u00f5es s\u00e3o gratuitas e devem ser feitas exclusivamente de forma on-line, por meio de formul\u00e1rio dispon\u00edvel at\u00e9 as 23h59 do dia 16 de outubro.<\/p>\n\n\n\n<p><strong>Quem pode participar<\/strong><\/p>\n\n\n\n<p>Podem se inscrever mulheres com 18 a 35 anos completos, ou que completem 35 anos at\u00e9 o \u00faltimo dia do per\u00edodo de inscri\u00e7\u00f5es, e que sejam residentes em Jundia\u00ed h\u00e1 pelo menos dois anos. Tamb\u00e9m h\u00e1 restri\u00e7\u00f5es previstas no edital. N\u00e3o podem participar pessoas que tenham integrado a Corte da Uva ou representado o Munic\u00edpio em outros eventos organizados pela Prefeitura no ano anterior, al\u00e9m de pessoas enquadradas nas demais situa\u00e7\u00f5es de impedimento previstas no chamamento p\u00fablico.<\/p>\n\n\n\n<p><strong>Como fazer a inscri\u00e7\u00e3o<\/strong><\/p>\n\n\n\n<p>Para participar, a candidata dever\u00e1 preencher o formul\u00e1rio on-line e anexar as informa\u00e7\u00f5es e documentos solicitados, entre eles:<\/p>\n\n\n\n<ul class=\"wp-block-list\">\n<li>nome completo, nome social, se houver, e nome art\u00edstico, se houver;<\/li>\n\n\n\n<li>CPF e RG ou CNH;<\/li>\n\n\n\n<li>data de nascimento;<\/li>\n\n\n\n<li>telefone e e-mail;<\/li>\n\n\n\n<li>endere\u00e7o completo;<\/li>\n\n\n\n<li>dois comprovantes de resid\u00eancia em Jundia\u00ed, sendo um de 2026 e outro de 2024 ou anterior;<\/li>\n\n\n\n<li>profiss\u00e3o e escolaridade;<\/li>\n\n\n\n<li>uma foto de rosto e uma foto de corpo inteiro.<\/li>\n<\/ul>\n\n\n\n<p>Quando o comprovante de resid\u00eancia n\u00e3o estiver em nome da candidata, ser\u00e1 necess\u00e1rio apresentar documenta\u00e7\u00e3o complementar que comprove o v\u00ednculo com o titular do documento.<\/p>\n\n\n\n<p>A inscri\u00e7\u00e3o dever\u00e1 ser preenchida com aten\u00e7\u00e3o, j\u00e1 que a aus\u00eancia de informa\u00e7\u00f5es ou documentos obrigat\u00f3rios poder\u00e1 resultar na inabilita\u00e7\u00e3o da candidata.<\/p>\n\n\n\n<p><strong>Como ser\u00e1 a sele\u00e7\u00e3o<\/strong><\/p>\n\n\n\n<p>Depois do encerramento das inscri\u00e7\u00f5es, a Secretaria Municipal de Cultura far\u00e1 a an\u00e1lise da documenta\u00e7\u00e3o para verificar o atendimento aos requisitos do edital. A lista das candidatas habilitadas ser\u00e1 publicada no site da Secretaria Municipal de Cultura e na Imprensa Oficial do Munic\u00edpio.<\/p>\n\n\n\n<p>As candidatas habilitadas participar\u00e3o de uma etapa de prepara\u00e7\u00e3o, com ensaios de 8 a 11 de novembro, das 18h30 \u00e0s 22h, no Espa\u00e7o Expressa. O ensaio geral ser\u00e1 realizado no dia 12 de novembro, no Teatro Polytheama.<\/p>\n\n\n\n<figure class=\"wp-block-gallery has-nested-images columns-default is-cropped wp-block-gallery-2 is-layout-flex wp-block-gallery-is-layout-flex\">\n<figure class=\"wp-block-image size-large\"><img loading=\"lazy\" decoding=\"async\" width=\"1280\" height=\"854\" data-id=\"387214\" src=\"https:\/\/jundiai.sp.gov.br\/noticias\/wp-content\/uploads\/sites\/32\/2026\/09\/55073866657_4a0ceb3f98_o-1-1280x854.jpg\" alt=\"\" class=\"wp-image-387214\" srcset=\"https:\/\/jundiai.sp.gov.br\/noticias\/wp-content\/uploads\/sites\/32\/2026\/09\/55073866657_4a0ceb3f98_o-1-1280x854.jpg 1280w, https:\/\/jundiai.sp.gov.br\/noticias\/wp-content\/uploads\/sites\/32\/2026\/09\/55073866657_4a0ceb3f98_o-1-300x200.jpg 300w, https:\/\/jundiai.sp.gov.br\/noticias\/wp-content\/uploads\/sites\/32\/2026\/09\/55073866657_4a0ceb3f98_o-1-768x512.jpg 768w, https:\/\/jundiai.sp.gov.br\/noticias\/wp-content\/uploads\/sites\/32\/2026\/09\/55073866657_4a0ceb3f98_o-1-1536x1024.jpg 1536w, https:\/\/jundiai.sp.gov.br\/noticias\/wp-content\/uploads\/sites\/32\/2026\/09\/55073866657_4a0ceb3f98_o-1-450x300.jpg 450w, https:\/\/jundiai.sp.gov.br\/noticias\/wp-content\/uploads\/sites\/32\/2026\/09\/55073866657_4a0ceb3f98_o-1.jpg 1900w\" sizes=\"auto, (max-width: 1280px) 100vw, 1280px\" \/><\/figure>\n\n\n\n<figure class=\"wp-block-image size-large\"><img loading=\"lazy\" decoding=\"async\" width=\"1280\" height=\"854\" data-id=\"387215\" src=\"https:\/\/jundiai.sp.gov.br\/noticias\/wp-content\/uploads\/sites\/32\/2026\/09\/55075132465_cd8181749d_o-1280x854.jpg\" alt=\"\" class=\"wp-image-387215\" srcset=\"https:\/\/jundiai.sp.gov.br\/noticias\/wp-content\/uploads\/sites\/32\/2026\/09\/55075132465_cd8181749d_o-1280x854.jpg 1280w, https:\/\/jundiai.sp.gov.br\/noticias\/wp-content\/uploads\/sites\/32\/2026\/09\/55075132465_cd8181749d_o-300x200.jpg 300w, https:\/\/jundiai.sp.gov.br\/noticias\/wp-content\/uploads\/sites\/32\/2026\/09\/55075132465_cd8181749d_o-768x512.jpg 768w, https:\/\/jundiai.sp.gov.br\/noticias\/wp-content\/uploads\/sites\/32\/2026\/09\/55075132465_cd8181749d_o-1536x1024.jpg 1536w, https:\/\/jundiai.sp.gov.br\/noticias\/wp-content\/uploads\/sites\/32\/2026\/09\/55075132465_cd8181749d_o-450x300.jpg 450w, https:\/\/jundiai.sp.gov.br\/noticias\/wp-content\/uploads\/sites\/32\/2026\/09\/55075132465_cd8181749d_o.jpg 1900w\" sizes=\"auto, (max-width: 1280px) 100vw, 1280px\" \/><\/figure>\n\n\n\n<figure class=\"wp-block-image size-large\"><img loading=\"lazy\" decoding=\"async\" width=\"1280\" height=\"854\" data-id=\"387216\" src=\"https:\/\/jundiai.sp.gov.br\/noticias\/wp-content\/uploads\/sites\/32\/2026\/09\/55074974418_1965a0338d_o-1280x854.jpg\" alt=\"\" class=\"wp-image-387216\" srcset=\"https:\/\/jundiai.sp.gov.br\/noticias\/wp-content\/uploads\/sites\/32\/2026\/09\/55074974418_1965a0338d_o-1280x854.jpg 1280w, https:\/\/jundiai.sp.gov.br\/noticias\/wp-content\/uploads\/sites\/32\/2026\/09\/55074974418_1965a0338d_o-300x200.jpg 300w, https:\/\/jundiai.sp.gov.br\/noticias\/wp-content\/uploads\/sites\/32\/2026\/09\/55074974418_1965a0338d_o-768x512.jpg 768w, https:\/\/jundiai.sp.gov.br\/noticias\/wp-content\/uploads\/sites\/32\/2026\/09\/55074974418_1965a0338d_o-1536x1024.jpg 1536w, https:\/\/jundiai.sp.gov.br\/noticias\/wp-content\/uploads\/sites\/32\/2026\/09\/55074974418_1965a0338d_o-450x300.jpg 450w, https:\/\/jundiai.sp.gov.br\/noticias\/wp-content\/uploads\/sites\/32\/2026\/09\/55074974418_1965a0338d_o.jpg 1900w\" sizes=\"auto, (max-width: 1280px) 100vw, 1280px\" \/><\/figure>\n<\/figure>\n\n\n\n<p>A sele\u00e7\u00e3o acontece no dia 13 de novembro, \u00e0s 19h30, no Teatro Polytheama, quando ser\u00e3o definidas a Rainha, a 1\u00aa Princesa e a 2\u00aa Princesa da Corte da Uva 2027.<\/p>\n\n\n\n<p>A participa\u00e7\u00e3o nos ensaios \u00e9 obrigat\u00f3ria. Ser\u00e1 permitida apenas uma falta durante todo o per\u00edodo de prepara\u00e7\u00e3o. Atrasos superiores a 15 minutos tamb\u00e9m ser\u00e3o contabilizados como falta.<\/p>\n\n\n\n<p><strong>Crit\u00e9rios de avalia\u00e7\u00e3o<\/strong><\/p>\n\n\n\n<p>A Comiss\u00e3o Julgadora ser\u00e1 formada por, no m\u00ednimo, cinco integrantes, podendo reunir profissionais com atua\u00e7\u00e3o nas \u00e1reas art\u00edstica e cultural, agricultura e turismo, al\u00e9m de representantes da sociedade civil ou do poder p\u00fablico.<\/p>\n\n\n\n<p>As candidatas ser\u00e3o avaliadas nos quesitos: eleg\u00e2ncia, simpatia e desenvoltura.<\/p>\n\n\n\n<p>Cada jurado atribuir\u00e1 notas de 5 a 10. A nota final ser\u00e1 calculada a partir das m\u00e9dias atribu\u00eddas pelos jurados, com o descarte da maior e da menor m\u00e9dia. A candidata com a maior nota final ser\u00e1 eleita Rainha; as duas seguintes, em ordem de classifica\u00e7\u00e3o, ser\u00e3o eleitas 1\u00aa e 2\u00aa Princesas.<\/p>\n\n\n\n<p><strong>Premia\u00e7\u00e3o<\/strong><\/p>\n\n\n\n<p>As eleitas receber\u00e3o premia\u00e7\u00e3o em dinheiro:<\/p>\n\n\n\n<ul class=\"wp-block-list\">\n<li>Rainha: R$ 7.500<\/li>\n\n\n\n<li>1\u00aa Princesa: R$ 6.500<\/li>\n\n\n\n<li>2\u00aa Princesa: R$ 6.500<\/li>\n<\/ul>\n\n\n\n<p>Os valores ser\u00e3o pagos ap\u00f3s o encerramento da 42\u00aa Festa da Uva \/ 13\u00aa Expo Vinho 2027, em at\u00e9 30 dias \u00fateis, observadas as reten\u00e7\u00f5es tribut\u00e1rias previstas em lei.<\/p>\n\n\n\n<p>Al\u00e9m da participa\u00e7\u00e3o durante os dias do evento, a Corte ter\u00e1 a miss\u00e3o de representar e divulgar a Festa da Uva em diferentes a\u00e7\u00f5es. Entre as atribui\u00e7\u00f5es est\u00e3o a participa\u00e7\u00e3o em entrevistas, reuni\u00f5es promocionais, ensaios, aulas e palestras, al\u00e9m da distribui\u00e7\u00e3o de materiais de divulga\u00e7\u00e3o e participa\u00e7\u00e3o na tradicional Cerim\u00f4nia da Pisa da Uva.<\/p>\n\n\n\n<p>As eleitas tamb\u00e9m poder\u00e3o receber treinamento sobre a Festa da Uva e a cultura da uva em Jundia\u00ed.<\/p>\n\n\n\n<p>O edital completo e as orienta\u00e7\u00f5es para inscri\u00e7\u00e3o est\u00e3o dispon\u00edveis no site da Secretaria Municipal de Cultura.<\/p>\n\n\n\n<p><strong>Assessoria de Imprensa <br>Fotos: Arquivo PMJ<\/strong><\/p>\n","protected":false},"excerpt":{"rendered":"<p>Est\u00e3o abertas, a partir desta quinta-feira (3), as inscri\u00e7\u00f5es para a sele\u00e7\u00e3o da Corte da 42\u00aa Festa da Uva e 13\u00aa Expo Vinhos 2027. A Prefeitura de Jundia\u00ed, por meio da Secretaria Municipal de Cultura, realiza o chamamento p\u00fablico para escolher a Rainha, a 1\u00aa Princesa e a 2\u00aa Princesa que representar\u00e3o a festa, que [&hellip;]<\/p>\n","protected":false},"author":69,"featured_media":387213,"comment_status":"closed","ping_status":"0","sticky":false,"template":"","format":"standard","meta":{"footnotes":""},"categories":[4620,2],"tags":[6803,7016,7017,6940],"ods":[],"class_list":["post-387212","post","type-post","status-publish","format-standard","has-post-thumbnail","hentry","category-destaques","category-noticias","tag-42a-festa-da-uva-e-13a-expo-vinhos","tag-corte-da-uva-2027","tag-inscricoes-corte-da-uva","tag-secretaria-de-cultura-smcult"],"_links":{"self":[{"href":"https:\/\/jundiai.sp.gov.br\/noticias\/wp-json\/wp\/v2\/posts\/387212","targetHints":{"allow":["GET"]}}],"collection":[{"href":"https:\/\/jundiai.sp.gov.br\/noticias\/wp-json\/wp\/v2\/posts"}],"about":[{"href":"https:\/\/jundiai.sp.gov.br\/noticias\/wp-json\/wp\/v2\/types\/post"}],"author":[{"embeddable":true,"href":"https:\/\/jundiai.sp.gov.br\/noticias\/wp-json\/wp\/v2\/users\/69"}],"replies":[{"embeddable":true,"href":"https:\/\/jundiai.sp.gov.br\/noticias\/wp-json\/wp\/v2\/comments?post=387212"}],"version-history":[{"count":3,"href":"https:\/\/jundiai.sp.gov.br\/noticias\/wp-json\/wp\/v2\/posts\/387212\/revisions"}],"predecessor-version":[{"id":387227,"href":"https:\/\/jundiai.sp.gov.br\/noticias\/wp-json\/wp\/v2\/posts\/387212\/revisions\/387227"}],"wp:featuredmedia":[{"embeddable":true,"href":"https:\/\/jundiai.sp.gov.br\/noticias\/wp-json\/wp\/v2\/media\/387213"}],"wp:attachment":[{"href":"https:\/\/jundiai.sp.gov.br\/noticias\/wp-json\/wp\/v2\/media?parent=387212"}],"wp:term":[{"taxonomy":"category","embeddable":true,"href":"https:\/\/jundiai.sp.gov.br\/noticias\/wp-json\/wp\/v2\/categories?post=387212"},{"taxonomy":"post_tag","embeddable":true,"href":"https:\/\/jundiai.sp.gov.br\/noticias\/wp-json\/wp\/v2\/tags?post=387212"},{"taxonomy":"ods","embeddable":true,"href":"https:\/\/jundiai.sp.gov.br\/noticias\/wp-json\/wp\/v2\/ods?post=387212"}],"curies":[{"name":"wp","href":"https:\/\/api.w.org\/{rel}","templated":true}]}}