{"id":387221,"date":"2026-09-04T15:01:16","date_gmt":"2026-09-04T18:01:16","guid":{"rendered":"https:\/\/jundiai.sp.gov.br\/noticias\/?p=387221"},"modified":"2026-09-04T15:01:16","modified_gmt":"2026-09-04T18:01:16","slug":"novo-grupo-de-trabalho-fortalece-planejamento-de-acoes-no-jardim-sao-camilo-e-regiao","status":"publish","type":"post","link":"https:\/\/jundiai.sp.gov.br\/noticias\/2026\/09\/04\/novo-grupo-de-trabalho-fortalece-planejamento-de-acoes-no-jardim-sao-camilo-e-regiao\/","title":{"rendered":"Novo grupo de trabalho fortalece planejamento de a\u00e7\u00f5es no Jardim S\u00e3o Camilo e regi\u00e3o"},"content":{"rendered":"\n<p>A Prefeitura de Jundia\u00ed passa a contar com uma estrutura espec\u00edfica para integrar o planejamento e o acompanhamento das a\u00e7\u00f5es desenvolvidas no Jardim S\u00e3o Camilo e regi\u00e3o. Coordenado pela Secretaria Municipal de Habita\u00e7\u00e3o Social, o novo grupo de trabalho re\u00fane diferentes \u00e1reas da Administra\u00e7\u00e3o Municipal para fortalecer a atua\u00e7\u00e3o conjunta no territ\u00f3rio. <\/p>\n\n\n\n<p>A iniciativa segue uma estrat\u00e9gia de integra\u00e7\u00e3o que j\u00e1 vem sendo adotada pela Prefeitura em outras regi\u00f5es da cidade, como no programa Centro da Gente. A proposta \u00e9 criar um espa\u00e7o permanente de di\u00e1logo entre as secretarias que j\u00e1 desenvolvem ou planejam a\u00e7\u00f5es no bairro, permitindo o compartilhamento de informa\u00e7\u00f5es, a defini\u00e7\u00e3o de prioridades e uma vis\u00e3o integrada sobre as necessidades da regi\u00e3o.<\/p>\n\n\n\n<p>O trabalho ser\u00e1 organizado a partir de quatro eixos: infraestrutura, habita\u00e7\u00e3o, requalifica\u00e7\u00e3o urbana e regulariza\u00e7\u00e3o fundi\u00e1ria. A partir deles, poder\u00e3o ser avaliadas a\u00e7\u00f5es e projetos relacionados \u00e0s condi\u00e7\u00f5es urbanas e habitacionais, mobilidade e acessibilidade, espa\u00e7os p\u00fablicos, saneamento, meio ambiente e desenvolvimento local.<\/p>\n\n\n\n<p>O grupo tamb\u00e9m permitir\u00e1 que as diferentes \u00e1reas da Prefeitura acompanhem conjuntamente o andamento das iniciativas, identifiquem necessidades e oportunidades e articulem solu\u00e7\u00f5es de acordo com as caracter\u00edsticas e prioridades do territ\u00f3rio.<\/p>\n\n\n\n<p>Outro objetivo \u00e9 fortalecer o planejamento do Munic\u00edpio para a busca de recursos e a participa\u00e7\u00e3o em programas e conv\u00eanios dos governos Estadual e Federal destinados ao desenvolvimento urbano, habita\u00e7\u00e3o e infraestrutura.<\/p>\n\n\n\n<p>As reuni\u00f5es ser\u00e3o realizadas periodicamente, com a participa\u00e7\u00e3o das \u00e1reas envolvidas em cada etapa. A proposta \u00e9 manter um planejamento cont\u00ednuo para o Jardim S\u00e3o Camilo, permitindo que as a\u00e7\u00f5es sejam constru\u00eddas e ajustadas conforme os estudos t\u00e9cnicos, as necessidades identificadas e o andamento dos projetos.<\/p>\n\n\n\n<p><strong>Assessoria de Imprensa <br>Fotos: Arquivo PMJ<\/strong><\/p>\n","protected":false},"excerpt":{"rendered":"<p>A Prefeitura de Jundia\u00ed passa a contar com uma estrutura espec\u00edfica para integrar o planejamento e o acompanhamento das a\u00e7\u00f5es desenvolvidas no Jardim S\u00e3o Camilo e regi\u00e3o. Coordenado pela Secretaria Municipal de Habita\u00e7\u00e3o Social, o novo grupo de trabalho re\u00fane diferentes \u00e1reas da Administra\u00e7\u00e3o Municipal para fortalecer a atua\u00e7\u00e3o conjunta no territ\u00f3rio. A iniciativa segue [&hellip;]<\/p>\n","protected":false},"author":69,"featured_media":387408,"comment_status":"closed","ping_status":"0","sticky":false,"template":"","format":"standard","meta":{"footnotes":""},"categories":[4620,2],"tags":[7020,7019,4747,5539,7018],"ods":[],"class_list":["post-387221","post","type-post","status-publish","format-standard","has-post-thumbnail","hentry","category-destaques","category-noticias","tag-grupo-de-trabalho-gt-sao-camilo","tag-gt-sao-camilo","tag-jardim-sao-camilo","tag-secretaria-de-habitacao-social","tag-somos-jardim-sao-camilo-o-bairro-e-da-gente"],"_links":{"self":[{"href":"https:\/\/jundiai.sp.gov.br\/noticias\/wp-json\/wp\/v2\/posts\/387221","targetHints":{"allow":["GET"]}}],"collection":[{"href":"https:\/\/jundiai.sp.gov.br\/noticias\/wp-json\/wp\/v2\/posts"}],"about":[{"href":"https:\/\/jundiai.sp.gov.br\/noticias\/wp-json\/wp\/v2\/types\/post"}],"author":[{"embeddable":true,"href":"https:\/\/jundiai.sp.gov.br\/noticias\/wp-json\/wp\/v2\/users\/69"}],"replies":[{"embeddable":true,"href":"https:\/\/jundiai.sp.gov.br\/noticias\/wp-json\/wp\/v2\/comments?post=387221"}],"version-history":[{"count":3,"href":"https:\/\/jundiai.sp.gov.br\/noticias\/wp-json\/wp\/v2\/posts\/387221\/revisions"}],"predecessor-version":[{"id":387410,"href":"https:\/\/jundiai.sp.gov.br\/noticias\/wp-json\/wp\/v2\/posts\/387221\/revisions\/387410"}],"wp:featuredmedia":[{"embeddable":true,"href":"https:\/\/jundiai.sp.gov.br\/noticias\/wp-json\/wp\/v2\/media\/387408"}],"wp:attachment":[{"href":"https:\/\/jundiai.sp.gov.br\/noticias\/wp-json\/wp\/v2\/media?parent=387221"}],"wp:term":[{"taxonomy":"category","embeddable":true,"href":"https:\/\/jundiai.sp.gov.br\/noticias\/wp-json\/wp\/v2\/categories?post=387221"},{"taxonomy":"post_tag","embeddable":true,"href":"https:\/\/jundiai.sp.gov.br\/noticias\/wp-json\/wp\/v2\/tags?post=387221"},{"taxonomy":"ods","embeddable":true,"href":"https:\/\/jundiai.sp.gov.br\/noticias\/wp-json\/wp\/v2\/ods?post=387221"}],"curies":[{"name":"wp","href":"https:\/\/api.w.org\/{rel}","templated":true}]}}