{"id":387235,"date":"2026-09-03T08:10:00","date_gmt":"2026-09-03T11:10:00","guid":{"rendered":"https:\/\/jundiai.sp.gov.br\/noticias\/?p=387235"},"modified":"2026-09-02T15:07:50","modified_gmt":"2026-09-02T18:07:50","slug":"prefeitura-abre-credenciamento-para-profissionais-e-empresas-interessados-em-ministrar-oficinas-na-rede-socioassistencial","status":"publish","type":"post","link":"https:\/\/jundiai.sp.gov.br\/noticias\/2026\/09\/03\/prefeitura-abre-credenciamento-para-profissionais-e-empresas-interessados-em-ministrar-oficinas-na-rede-socioassistencial\/","title":{"rendered":"Prefeitura abre credenciamento para profissionais e empresas interessados em ministrar oficinas na rede socioassistencial"},"content":{"rendered":"\n<p>Profissionais e empresas interessados em ministrar oficinas socioassistenciais nas unidades e programas da rede de Assist\u00eancia e Desenvolvimento Social de Jundia\u00ed j\u00e1 podem participar do processo de credenciamento aberto pela Prefeitura. O Edital de Credenciamento n\u00ba 006\/2026, publicado na <a href=\"https:\/\/imprensaoficial.jundiai.sp.gov.br\/edicao-5867\/\">Imprensa Oficial <\/a>do dia 2 de setembro, busca formar um cadastro de profissionais e empresas habilitados para atuar como instrutores e facilitadores de atividades nos Centros de Refer\u00eancia de Assist\u00eancia Social (CRAS), Centros de Conviv\u00eancia do Idoso, Vila de Oportunidades e demais servi\u00e7os e programas da rede socioassistencial do Munic\u00edpio.<\/p>\n\n\n\n<p>Podem participar pessoas f\u00edsicas e jur\u00eddicas que comprovem forma\u00e7\u00e3o, experi\u00eancia profissional ou conhecimento t\u00e9cnico em uma ou mais das 37 modalidades previstas no edital. As atividades s\u00e3o organizadas em sete eixos e contemplam p\u00fablicos jovem, adulto e idoso.<\/p>\n\n\n\n<figure class=\"wp-block-gallery has-nested-images columns-default is-cropped wp-block-gallery-1 is-layout-flex wp-block-gallery-is-layout-flex\">\n<figure class=\"wp-block-image size-large\"><img loading=\"lazy\" decoding=\"async\" width=\"1280\" height=\"854\" data-id=\"387242\" src=\"https:\/\/jundiai.sp.gov.br\/noticias\/wp-content\/uploads\/sites\/32\/2026\/09\/letramento_digital_ceco-4-1280x854.jpg\" alt=\"\" class=\"wp-image-387242\" srcset=\"https:\/\/jundiai.sp.gov.br\/noticias\/wp-content\/uploads\/sites\/32\/2026\/09\/letramento_digital_ceco-4-1280x854.jpg 1280w, https:\/\/jundiai.sp.gov.br\/noticias\/wp-content\/uploads\/sites\/32\/2026\/09\/letramento_digital_ceco-4-300x200.jpg 300w, https:\/\/jundiai.sp.gov.br\/noticias\/wp-content\/uploads\/sites\/32\/2026\/09\/letramento_digital_ceco-4-768x512.jpg 768w, https:\/\/jundiai.sp.gov.br\/noticias\/wp-content\/uploads\/sites\/32\/2026\/09\/letramento_digital_ceco-4-1536x1024.jpg 1536w, https:\/\/jundiai.sp.gov.br\/noticias\/wp-content\/uploads\/sites\/32\/2026\/09\/letramento_digital_ceco-4-450x300.jpg 450w, https:\/\/jundiai.sp.gov.br\/noticias\/wp-content\/uploads\/sites\/32\/2026\/09\/letramento_digital_ceco-4.jpg 1900w\" sizes=\"auto, (max-width: 1280px) 100vw, 1280px\" \/><figcaption class=\"wp-element-caption\">Letramento Digital <\/figcaption><\/figure>\n\n\n\n<figure class=\"wp-block-image size-large\"><img loading=\"lazy\" decoding=\"async\" width=\"1280\" height=\"854\" data-id=\"387243\" src=\"https:\/\/jundiai.sp.gov.br\/noticias\/wp-content\/uploads\/sites\/32\/2026\/09\/oficina_idoso_criju_danca_cigana-4-1280x854.jpg\" alt=\"\" class=\"wp-image-387243\" srcset=\"https:\/\/jundiai.sp.gov.br\/noticias\/wp-content\/uploads\/sites\/32\/2026\/09\/oficina_idoso_criju_danca_cigana-4-1280x854.jpg 1280w, https:\/\/jundiai.sp.gov.br\/noticias\/wp-content\/uploads\/sites\/32\/2026\/09\/oficina_idoso_criju_danca_cigana-4-300x200.jpg 300w, https:\/\/jundiai.sp.gov.br\/noticias\/wp-content\/uploads\/sites\/32\/2026\/09\/oficina_idoso_criju_danca_cigana-4-768x512.jpg 768w, https:\/\/jundiai.sp.gov.br\/noticias\/wp-content\/uploads\/sites\/32\/2026\/09\/oficina_idoso_criju_danca_cigana-4-1536x1024.jpg 1536w, https:\/\/jundiai.sp.gov.br\/noticias\/wp-content\/uploads\/sites\/32\/2026\/09\/oficina_idoso_criju_danca_cigana-4-450x300.jpg 450w, https:\/\/jundiai.sp.gov.br\/noticias\/wp-content\/uploads\/sites\/32\/2026\/09\/oficina_idoso_criju_danca_cigana-4.jpg 1900w\" sizes=\"auto, (max-width: 1280px) 100vw, 1280px\" \/><figcaption class=\"wp-element-caption\">Dan\u00e7a <\/figcaption><\/figure>\n<\/figure>\n\n\n\n<h3 class=\"wp-block-heading\"><strong>Quais oficinas est\u00e3o previstas?<\/strong><\/h3>\n\n\n\n<p>As modalidades abrangem diferentes \u00e1reas de conhecimento, express\u00e3o, conviv\u00eancia e desenvolvimento de habilidades:<\/p>\n\n\n\n<p><strong>Artes Visuais e Mem\u00f3ria Territorial<\/strong><\/p>\n\n\n\n<ul class=\"wp-block-list\">\n<li>Colagem Anal\u00f3gica \u2013 p\u00fablico jovem<\/li>\n\n\n\n<li>Constru\u00e7\u00e3o de Brinquedos e Pe\u00e7as Artesanais \u2013 p\u00fablico jovem<\/li>\n\n\n\n<li>Artesanato \u2013 p\u00fablico idoso<\/li>\n\n\n\n<li>Arte com Reciclagem \u2013 p\u00fablico idoso<\/li>\n\n\n\n<li>Desenho \u2013 p\u00fablico jovem<\/li>\n\n\n\n<li>Pintura \u2013 p\u00fablico idoso<\/li>\n<\/ul>\n\n\n\n<p><strong>Pr\u00e1ticas Corporais e Bem-Estar<\/strong><\/p>\n\n\n\n<ul class=\"wp-block-list\">\n<li>Yoga \u2013 p\u00fablico idoso<\/li>\n\n\n\n<li>Pilates Solo \u2013 p\u00fablico idoso<\/li>\n\n\n\n<li>Tai Chi Chuan \u2013 p\u00fablico idoso<\/li>\n\n\n\n<li>Ritmos \u2013 p\u00fablico idoso<\/li>\n\n\n\n<li>Gin\u00e1stica e Alongamento \u2013 p\u00fablico idoso<\/li>\n\n\n\n<li>Equil\u00edbrio e Postura \u2013 p\u00fablico idoso<\/li>\n<\/ul>\n\n\n\n<p><strong>Musicalidade e Matrizes Culturais<\/strong><\/p>\n\n\n\n<ul class=\"wp-block-list\">\n<li>Capoeira \u2013 p\u00fablico idoso<\/li>\n\n\n\n<li>Maracatu \u2013 p\u00fablico jovem e idoso<\/li>\n\n\n\n<li>M\u00fasica \u2013 Percuss\u00e3o \u2013 p\u00fablico jovem e idoso<\/li>\n\n\n\n<li>Viol\u00e3o Popular \u2013 p\u00fablico idoso<\/li>\n\n\n\n<li>Coral \u2013 p\u00fablico idoso<\/li>\n<\/ul>\n\n\n\n<p><strong>Express\u00e3o Corporal e C\u00eanica<\/strong><\/p>\n\n\n\n<ul class=\"wp-block-list\">\n<li>Teatro e Jogos Teatrais \u2013 p\u00fablico jovem<\/li>\n\n\n\n<li>Dan\u00e7a de Rua \u2013 p\u00fablico jovem<\/li>\n\n\n\n<li>Dan\u00e7a de Sal\u00e3o \u2013 p\u00fablico idoso<\/li>\n\n\n\n<li>Dan\u00e7a Cigana \u2013 p\u00fablico idoso<\/li>\n\n\n\n<li>Dan\u00e7a Circular \u2013 p\u00fablico idoso<\/li>\n\n\n\n<li>Dan\u00e7a e Express\u00e3o Corporal \u2013 p\u00fablico jovem e idoso<\/li>\n<\/ul>\n\n\n\n<p><strong>Endocomunica\u00e7\u00e3o<\/strong><\/p>\n\n\n\n<ul class=\"wp-block-list\">\n<li>M\u00eddias Alternativas e Interven\u00e7\u00f5es \u2013 p\u00fablico jovem, adulto e idoso<\/li>\n\n\n\n<li>Escrita Criativa \u2013 p\u00fablico jovem e idoso<\/li>\n\n\n\n<li>Media\u00e7\u00e3o de Hist\u00f3rias para Est\u00edmulo \u00e0 Leitura \u2013 p\u00fablico jovem e idoso<\/li>\n<\/ul>\n\n\n\n<p><strong>Habilidades Pr\u00e1ticas<\/strong><\/p>\n\n\n\n<ul class=\"wp-block-list\">\n<li>Culin\u00e1ria \u2013 p\u00fablico jovem e adulto<\/li>\n\n\n\n<li>Est\u00e9tica e Beleza \u2013 p\u00fablico jovem e adulto<\/li>\n\n\n\n<li>Banho e Tosa \u2013 p\u00fablico jovem e adulto<\/li>\n\n\n\n<li>Saboaria e Produtos Naturais \u2013 p\u00fablico jovem e adulto<\/li>\n<\/ul>\n\n\n\n<p><strong>Gest\u00e3o e Emancipa\u00e7\u00e3o Social<\/strong><\/p>\n\n\n\n<ul class=\"wp-block-list\">\n<li>Autonomia Financeira \u2013 p\u00fablico jovem e adulto<\/li>\n\n\n\n<li>Comunica\u00e7\u00e3o e Marketing Social \u2013 p\u00fablico jovem e adulto<\/li>\n\n\n\n<li>Gest\u00e3o para Empreendimento Social \u2013 p\u00fablico jovem e adulto<\/li>\n\n\n\n<li>Viv\u00eancia e Autonomia Social \u2013 p\u00fablico jovem e adulto<\/li>\n\n\n\n<li>Letramento Digital \u2013 p\u00fablico jovem, adulto e idoso<\/li>\n<\/ul>\n\n\n\n<p><strong>Conviv\u00eancia e Lazer Coletivo<\/strong><\/p>\n\n\n\n<ul class=\"wp-block-list\">\n<li>Tarde Musical \u2013 Baile \u2013 p\u00fablico idoso<\/li>\n\n\n\n<li>Tarde Musical \u2013 Itinerante \u2013 p\u00fablico idoso<\/li>\n<\/ul>\n\n\n\n<figure class=\"wp-block-gallery has-nested-images columns-default is-cropped wp-block-gallery-2 is-layout-flex wp-block-gallery-is-layout-flex\">\n<figure class=\"wp-block-image size-large\"><img loading=\"lazy\" decoding=\"async\" width=\"1280\" height=\"853\" data-id=\"387244\" src=\"https:\/\/jundiai.sp.gov.br\/noticias\/wp-content\/uploads\/sites\/32\/2026\/09\/aula-ginastica-novo-piso-cece-benedito-de-lima_c_-12-1280x853.jpg\" alt=\"\" class=\"wp-image-387244\" srcset=\"https:\/\/jundiai.sp.gov.br\/noticias\/wp-content\/uploads\/sites\/32\/2026\/09\/aula-ginastica-novo-piso-cece-benedito-de-lima_c_-12-1280x853.jpg 1280w, https:\/\/jundiai.sp.gov.br\/noticias\/wp-content\/uploads\/sites\/32\/2026\/09\/aula-ginastica-novo-piso-cece-benedito-de-lima_c_-12-300x200.jpg 300w, https:\/\/jundiai.sp.gov.br\/noticias\/wp-content\/uploads\/sites\/32\/2026\/09\/aula-ginastica-novo-piso-cece-benedito-de-lima_c_-12-768x512.jpg 768w, https:\/\/jundiai.sp.gov.br\/noticias\/wp-content\/uploads\/sites\/32\/2026\/09\/aula-ginastica-novo-piso-cece-benedito-de-lima_c_-12-450x300.jpg 450w, https:\/\/jundiai.sp.gov.br\/noticias\/wp-content\/uploads\/sites\/32\/2026\/09\/aula-ginastica-novo-piso-cece-benedito-de-lima_c_-12.jpg 1323w\" sizes=\"auto, (max-width: 1280px) 100vw, 1280px\" \/><figcaption class=\"wp-element-caption\">Gin\u00e1stica <\/figcaption><\/figure>\n\n\n\n<figure class=\"wp-block-image size-large\"><img loading=\"lazy\" decoding=\"async\" width=\"1280\" height=\"854\" data-id=\"387245\" src=\"https:\/\/jundiai.sp.gov.br\/noticias\/wp-content\/uploads\/sites\/32\/2026\/09\/yoga_redes-sociais-2-1280x854.jpg\" alt=\"\" class=\"wp-image-387245\" srcset=\"https:\/\/jundiai.sp.gov.br\/noticias\/wp-content\/uploads\/sites\/32\/2026\/09\/yoga_redes-sociais-2-1280x854.jpg 1280w, https:\/\/jundiai.sp.gov.br\/noticias\/wp-content\/uploads\/sites\/32\/2026\/09\/yoga_redes-sociais-2-300x200.jpg 300w, https:\/\/jundiai.sp.gov.br\/noticias\/wp-content\/uploads\/sites\/32\/2026\/09\/yoga_redes-sociais-2-768x512.jpg 768w, https:\/\/jundiai.sp.gov.br\/noticias\/wp-content\/uploads\/sites\/32\/2026\/09\/yoga_redes-sociais-2-1536x1024.jpg 1536w, https:\/\/jundiai.sp.gov.br\/noticias\/wp-content\/uploads\/sites\/32\/2026\/09\/yoga_redes-sociais-2-450x300.jpg 450w, https:\/\/jundiai.sp.gov.br\/noticias\/wp-content\/uploads\/sites\/32\/2026\/09\/yoga_redes-sociais-2.jpg 1900w\" sizes=\"auto, (max-width: 1280px) 100vw, 1280px\" \/><figcaption class=\"wp-element-caption\">Yoga <\/figcaption><\/figure>\n<\/figure>\n\n\n\n<h3 class=\"wp-block-heading\"><strong>Como funciona o credenciamento?<\/strong><\/h3>\n\n\n\n<p>O processo ser\u00e1 realizado exclusivamente de forma eletr\u00f4nica. Para participar, o interessado dever\u00e1 apresentar os documentos exigidos pelo edital, incluindo proposta metodol\u00f3gica, comprova\u00e7\u00e3o de experi\u00eancia profissional, documentos de qualifica\u00e7\u00e3o t\u00e9cnica e portf\u00f3lio de trabalhos realizados.<\/p>\n\n\n\n<p>A habilita\u00e7\u00e3o depende do cumprimento de todas as exig\u00eancias documentais e do alcance da pontua\u00e7\u00e3o t\u00e9cnica m\u00ednima estabelecida no edital.<\/p>\n\n\n\n<p>Um ponto importante \u00e9 que o credenciamento n\u00e3o representa contrata\u00e7\u00e3o imediata. O processo tem como objetivo formar um cadastro de profissionais e empresas habilitadas. As convoca\u00e7\u00f5es ser\u00e3o realizadas conforme a necessidade das unidades e programas da rede, a disponibilidade or\u00e7ament\u00e1ria e a ordem de inscri\u00e7\u00e3o dos credenciados, considerando cada eixo, modalidade e p\u00fablico-alvo.<\/p>\n\n\n\n<p>Dessa forma, estar habilitado significa que o profissional ou empresa poder\u00e1 ser convocado quando houver demanda correspondente, mas n\u00e3o h\u00e1 garantia de contrata\u00e7\u00e3o.<\/p>\n\n\n\n<p>Os valores previstos no edital variam de acordo com a modalidade.&nbsp;<\/p>\n\n\n\n<p>O credenciamento ter\u00e1 vig\u00eancia por prazo indeterminado, permanecendo aberto enquanto forem mantidas as condi\u00e7\u00f5es estabelecidas no edital e houver interesse do Munic\u00edpio. Isso significa que novos profissionais e empresas poder\u00e3o ingressar no cadastro durante a vig\u00eancia, desde que atendam a todas as exig\u00eancias previstas.<\/p>\n\n\n\n<p>A Prefeitura publicou ainda um Termo de Rerratifica\u00e7\u00e3o e Reabertura do Credenciamento n\u00ba 006\/2026. Com isso, foi expedido um novo anexo, que substitui o anteriormente publicado.<\/p>\n\n\n\n<p>Por esse motivo, quem j\u00e1 havia feito o download do anexo anterior deve obrigatoriamente baixar o novo anexo, considerando as altera\u00e7\u00f5es realizadas.<\/p>\n\n\n\n<h3 class=\"wp-block-heading\"><strong>Onde fazer o credenciamento?<\/strong><\/h3>\n\n\n\n<p>Os interessados devem realizar o procedimento e enviar a documenta\u00e7\u00e3o exigida exclusivamente pelo sistema Compra Aberta, por meio do link: <a href=\"https:\/\/compraaberta.jundiai.sp.gov.br\/credenciamentos\">https:\/\/compraaberta.jundiai.sp.gov.br\/credenciamentos<\/a><\/p>\n\n\n\n<p>O edital completo e todos os seus anexos tamb\u00e9m est\u00e3o dispon\u00edveis no site da Prefeitura de Jundia\u00ed, no caminho Licita\u00e7\u00f5es\/Compra Aberta &gt; Consulta de Licita\u00e7\u00f5es \u2013 Credenciamento.<\/p>\n\n\n\n<p>O edital pode ainda ser consultado presencialmente no Pa\u00e7o Municipal, no Departamento de Compras Governamentais, 4\u00ba andar, Ala Norte, de segunda a sexta-feira, das 9h \u00e0s 18h.<\/p>\n\n\n\n<p><strong>Assessoria de Imprensa<br>Fotos: Arquivo PMJ<\/strong><\/p>\n","protected":false},"excerpt":{"rendered":"<p>Profissionais e empresas interessados em ministrar oficinas socioassistenciais nas unidades e programas da rede de Assist\u00eancia e Desenvolvimento Social de Jundia\u00ed j\u00e1 podem participar do processo de credenciamento aberto pela Prefeitura. O Edital de Credenciamento n\u00ba 006\/2026, publicado na Imprensa Oficial do dia 2 de setembro, busca formar um cadastro de profissionais e empresas habilitados [&hellip;]<\/p>\n","protected":false},"author":69,"featured_media":387242,"comment_status":"closed","ping_status":"0","sticky":false,"template":"","format":"standard","meta":{"footnotes":""},"categories":[2],"tags":[5055,7021,3738,5519,6045],"ods":[],"class_list":["post-387235","post","type-post","status-publish","format-standard","has-post-thumbnail","hentry","category-noticias","tag-centros-de-convivencia-do-idoso","tag-centros-de-referencia-de-assistencia-social-cras","tag-oficinas","tag-secretaria-de-assistencia-e-desenvolvimento-social","tag-vila-de-oportunidades"],"_links":{"self":[{"href":"https:\/\/jundiai.sp.gov.br\/noticias\/wp-json\/wp\/v2\/posts\/387235","targetHints":{"allow":["GET"]}}],"collection":[{"href":"https:\/\/jundiai.sp.gov.br\/noticias\/wp-json\/wp\/v2\/posts"}],"about":[{"href":"https:\/\/jundiai.sp.gov.br\/noticias\/wp-json\/wp\/v2\/types\/post"}],"author":[{"embeddable":true,"href":"https:\/\/jundiai.sp.gov.br\/noticias\/wp-json\/wp\/v2\/users\/69"}],"replies":[{"embeddable":true,"href":"https:\/\/jundiai.sp.gov.br\/noticias\/wp-json\/wp\/v2\/comments?post=387235"}],"version-history":[{"count":4,"href":"https:\/\/jundiai.sp.gov.br\/noticias\/wp-json\/wp\/v2\/posts\/387235\/revisions"}],"predecessor-version":[{"id":387264,"href":"https:\/\/jundiai.sp.gov.br\/noticias\/wp-json\/wp\/v2\/posts\/387235\/revisions\/387264"}],"wp:featuredmedia":[{"embeddable":true,"href":"https:\/\/jundiai.sp.gov.br\/noticias\/wp-json\/wp\/v2\/media\/387242"}],"wp:attachment":[{"href":"https:\/\/jundiai.sp.gov.br\/noticias\/wp-json\/wp\/v2\/media?parent=387235"}],"wp:term":[{"taxonomy":"category","embeddable":true,"href":"https:\/\/jundiai.sp.gov.br\/noticias\/wp-json\/wp\/v2\/categories?post=387235"},{"taxonomy":"post_tag","embeddable":true,"href":"https:\/\/jundiai.sp.gov.br\/noticias\/wp-json\/wp\/v2\/tags?post=387235"},{"taxonomy":"ods","embeddable":true,"href":"https:\/\/jundiai.sp.gov.br\/noticias\/wp-json\/wp\/v2\/ods?post=387235"}],"curies":[{"name":"wp","href":"https:\/\/api.w.org\/{rel}","templated":true}]}}