{"id":387249,"date":"2026-09-02T16:00:00","date_gmt":"2026-09-02T19:00:00","guid":{"rendered":"https:\/\/jundiai.sp.gov.br\/noticias\/?p=387249"},"modified":"2026-09-02T15:02:35","modified_gmt":"2026-09-02T18:02:35","slug":"jundiai-tera-mudanca-no-tempo-a-partir-de-sabado-com-chuva-vento-e-queda-de-temperatura-no-domingo","status":"publish","type":"post","link":"https:\/\/jundiai.sp.gov.br\/noticias\/2026\/09\/02\/jundiai-tera-mudanca-no-tempo-a-partir-de-sabado-com-chuva-vento-e-queda-de-temperatura-no-domingo\/","title":{"rendered":"Jundia\u00ed ter\u00e1 mudan\u00e7a no tempo a partir de s\u00e1bado, com chuva, vento e queda de temperatura no domingo"},"content":{"rendered":"\n<p>Jundia\u00ed ter\u00e1 dias de tempo firme e temperaturas em eleva\u00e7\u00e3o at\u00e9 sexta-feira (4), mas a previs\u00e3o aponta uma mudan\u00e7a significativa nas condi\u00e7\u00f5es meteorol\u00f3gicas a partir de s\u00e1bado (5). A passagem de uma frente fria pelo Estado de S\u00e3o Paulo deve favorecer o retorno das chuvas e, no domingo (6), a cidade poder\u00e1 ter tempo fechado, chuva, queda acentuada das temperaturas e rajadas de vento.<\/p>\n\n\n\n<p>Nesta quinta (3) e na sexta-feira (4), o tempo deve permanecer firme, com predom\u00ednio de sol entre algumas nuvens e sensa\u00e7\u00e3o de abafamento. A umidade do ar tende a cair durante as tardes, especialmente no interior paulista. Por isso, a recomenda\u00e7\u00e3o \u00e9 manter a hidrata\u00e7\u00e3o, principalmente durante os per\u00edodos mais quentes do dia, e evitar atividades que possam contribuir para o aumento de focos de queimadas.<\/p>\n\n\n\n<figure class=\"wp-block-gallery has-nested-images columns-default is-cropped wp-block-gallery-1 is-layout-flex wp-block-gallery-is-layout-flex\">\n<figure class=\"wp-block-image size-large\"><img loading=\"lazy\" decoding=\"async\" width=\"1280\" height=\"854\" data-id=\"387251\" src=\"https:\/\/jundiai.sp.gov.br\/noticias\/wp-content\/uploads\/sites\/32\/2026\/09\/tempo_de_chuva_defesa_civil_d-1280x854.jpg\" alt=\"\" class=\"wp-image-387251\" srcset=\"https:\/\/jundiai.sp.gov.br\/noticias\/wp-content\/uploads\/sites\/32\/2026\/09\/tempo_de_chuva_defesa_civil_d-1280x854.jpg 1280w, https:\/\/jundiai.sp.gov.br\/noticias\/wp-content\/uploads\/sites\/32\/2026\/09\/tempo_de_chuva_defesa_civil_d-300x200.jpg 300w, https:\/\/jundiai.sp.gov.br\/noticias\/wp-content\/uploads\/sites\/32\/2026\/09\/tempo_de_chuva_defesa_civil_d-768x512.jpg 768w, https:\/\/jundiai.sp.gov.br\/noticias\/wp-content\/uploads\/sites\/32\/2026\/09\/tempo_de_chuva_defesa_civil_d-1536x1024.jpg 1536w, https:\/\/jundiai.sp.gov.br\/noticias\/wp-content\/uploads\/sites\/32\/2026\/09\/tempo_de_chuva_defesa_civil_d-450x300.jpg 450w, https:\/\/jundiai.sp.gov.br\/noticias\/wp-content\/uploads\/sites\/32\/2026\/09\/tempo_de_chuva_defesa_civil_d.jpg 1900w\" sizes=\"auto, (max-width: 1280px) 100vw, 1280px\" \/><\/figure>\n<\/figure>\n\n\n\n<p><strong>Chuva retorna no s\u00e1bado<\/strong><\/p>\n\n\n\n<p>A mudan\u00e7a come\u00e7a no s\u00e1bado (5), quando a aproxima\u00e7\u00e3o e passagem de uma frente fria aumenta o potencial para pancadas de chuva em Jundia\u00ed. As precipita\u00e7\u00f5es podem ocorrer principalmente \u00e0 tarde e \u00e0 noite e vir acompanhadas de raios e rajadas de vento.<\/p>\n\n\n\n<p>O cen\u00e1rio exige aten\u00e7\u00e3o principalmente durante os per\u00edodos de chuva mais intensa, j\u00e1 que a atua\u00e7\u00e3o da frente fria poder\u00e1 provocar volumes elevados de precipita\u00e7\u00e3o em diferentes regi\u00f5es do Estado de S\u00e3o Paulo.<\/p>\n\n\n\n<p><strong>Domingo ser\u00e1 mais frio<\/strong><\/p>\n\n\n\n<p>No domingo (6), a frente fria deve manter o tempo fechado e chuvoso em Jundia\u00ed. A temperatura cai de forma significativa, com m\u00e1xima prevista entre 16\u00b0C e 17\u00b0C.<\/p>\n\n\n\n<p>Tamb\u00e9m h\u00e1 previs\u00e3o de rajadas de vento que podem chegar a aproximadamente 47 km\/h na cidade, especialmente durante os per\u00edodos de maior instabilidade.<\/p>\n\n\n\n<p>A Defesa Civil alerta que, em situa\u00e7\u00f5es de chuva forte e vento, podem ocorrer transtornos como alagamentos, quedas de \u00e1rvores e interrup\u00e7\u00f5es pontuais. A orienta\u00e7\u00e3o \u00e9 evitar permanecer em \u00e1reas sujeitas a alagamentos e n\u00e3o se abrigar sob \u00e1rvores durante tempestades.<\/p>\n\n\n\n<p>A popula\u00e7\u00e3o tamb\u00e9m deve ter aten\u00e7\u00e3o redobrada durante deslocamentos, principalmente em momentos de chuva intensa, devido \u00e0 redu\u00e7\u00e3o da visibilidade e \u00e0s condi\u00e7\u00f5es das vias.<\/p>\n\n\n\n<p><strong>Previs\u00e3o para o in\u00edcio da pr\u00f3xima semana<\/strong><\/p>\n\n\n\n<p>A instabilidade associada \u00e0 frente fria deve continuar influenciando o tempo no Estado de S\u00e3o Paulo na segunda-feira (7), mantendo a possibilidade de chuva em diferentes regi\u00f5es.<\/p>\n\n\n\n<p>A Defesa Civil recomenda que a popula\u00e7\u00e3o acompanhe as atualiza\u00e7\u00f5es da previs\u00e3o do tempo e os avisos oficiais, especialmente durante o fim de semana, quando est\u00e3o previstas as condi\u00e7\u00f5es meteorol\u00f3gicas mais adversas.<\/p>\n\n\n\n<p><strong>Emerg\u00eancia:<\/strong><br>Defesa Civil: 199;<br>Corpo de Bombeiros: 193;<br>Guarda Municipal: 153 ou (11) 4492-9060 \u2014 tamb\u00e9m pelo aplicativo 153 Jundia\u00ed;<br>Pol\u00edcia Militar: 190.<\/p>\n\n\n\n<p><strong>Assessoria de Imprensa <br>Fotos: Fot\u00f3grafos PMJ<\/strong><\/p>\n","protected":false},"excerpt":{"rendered":"<p>Jundia\u00ed ter\u00e1 dias de tempo firme e temperaturas em eleva\u00e7\u00e3o at\u00e9 sexta-feira (4), mas a previs\u00e3o aponta uma mudan\u00e7a significativa nas condi\u00e7\u00f5es meteorol\u00f3gicas a partir de s\u00e1bado (5). A passagem de uma frente fria pelo Estado de S\u00e3o Paulo deve favorecer o retorno das chuvas e, no domingo (6), a cidade poder\u00e1 ter tempo fechado, [&hellip;]<\/p>\n","protected":false},"author":69,"featured_media":387251,"comment_status":"closed","ping_status":"0","sticky":false,"template":"","format":"standard","meta":{"footnotes":""},"categories":[4620,2],"tags":[34,3374],"ods":[],"class_list":["post-387249","post","type-post","status-publish","format-standard","has-post-thumbnail","hentry","category-destaques","category-noticias","tag-defesa-civil","tag-previsao-do-tempo"],"_links":{"self":[{"href":"https:\/\/jundiai.sp.gov.br\/noticias\/wp-json\/wp\/v2\/posts\/387249","targetHints":{"allow":["GET"]}}],"collection":[{"href":"https:\/\/jundiai.sp.gov.br\/noticias\/wp-json\/wp\/v2\/posts"}],"about":[{"href":"https:\/\/jundiai.sp.gov.br\/noticias\/wp-json\/wp\/v2\/types\/post"}],"author":[{"embeddable":true,"href":"https:\/\/jundiai.sp.gov.br\/noticias\/wp-json\/wp\/v2\/users\/69"}],"replies":[{"embeddable":true,"href":"https:\/\/jundiai.sp.gov.br\/noticias\/wp-json\/wp\/v2\/comments?post=387249"}],"version-history":[{"count":3,"href":"https:\/\/jundiai.sp.gov.br\/noticias\/wp-json\/wp\/v2\/posts\/387249\/revisions"}],"predecessor-version":[{"id":387259,"href":"https:\/\/jundiai.sp.gov.br\/noticias\/wp-json\/wp\/v2\/posts\/387249\/revisions\/387259"}],"wp:featuredmedia":[{"embeddable":true,"href":"https:\/\/jundiai.sp.gov.br\/noticias\/wp-json\/wp\/v2\/media\/387251"}],"wp:attachment":[{"href":"https:\/\/jundiai.sp.gov.br\/noticias\/wp-json\/wp\/v2\/media?parent=387249"}],"wp:term":[{"taxonomy":"category","embeddable":true,"href":"https:\/\/jundiai.sp.gov.br\/noticias\/wp-json\/wp\/v2\/categories?post=387249"},{"taxonomy":"post_tag","embeddable":true,"href":"https:\/\/jundiai.sp.gov.br\/noticias\/wp-json\/wp\/v2\/tags?post=387249"},{"taxonomy":"ods","embeddable":true,"href":"https:\/\/jundiai.sp.gov.br\/noticias\/wp-json\/wp\/v2\/ods?post=387249"}],"curies":[{"name":"wp","href":"https:\/\/api.w.org\/{rel}","templated":true}]}}