{"id":387254,"date":"2026-09-02T17:50:00","date_gmt":"2026-09-02T20:50:00","guid":{"rendered":"https:\/\/jundiai.sp.gov.br\/noticias\/?p=387254"},"modified":"2026-09-02T16:08:29","modified_gmt":"2026-09-02T19:08:29","slug":"transporte-intermunicipal-e-saude-sao-temas-de-encontro-regional-em-jundiai","status":"publish","type":"post","link":"https:\/\/jundiai.sp.gov.br\/noticias\/2026\/09\/02\/transporte-intermunicipal-e-saude-sao-temas-de-encontro-regional-em-jundiai\/","title":{"rendered":"Transporte intermunicipal e sa\u00fade s\u00e3o temas de encontro regional em Jundia\u00ed"},"content":{"rendered":"\n<p>O transporte intermunicipal e a sa\u00fade regional foram os principais temas da reuni\u00e3o do Parlamento Regional Intermunicipal, realizada nesta quarta-feira (2), na C\u00e2mara Municipal de Jundia\u00ed. O encontro contou com a participa\u00e7\u00e3o do prefeito Gustavo Martinelli e reuniu representantes dos munic\u00edpios da regi\u00e3o.<\/p>\n\n\n\n<p>Na \u00e1rea de mobilidade, foram discutidas melhorias no transporte intermunicipal e a necessidade de ampliar o di\u00e1logo com o Governo do Estado sobre o atendimento oferecido \u00e0 popula\u00e7\u00e3o que se desloca diariamente entre as cidades. Entre os encaminhamentos est\u00e1 a realiza\u00e7\u00e3o de uma reuni\u00e3o com a Ag\u00eancia de Transporte do Estado de S\u00e3o Paulo (Artesp) para apresentar as demandas dos munic\u00edpios.<\/p>\n\n\n\n<p>Outro tema foi o atendimento regional na sa\u00fade, especialmente a demanda dos hospitais S\u00e3o Vicente e Regional. Os representantes discutiram alternativas para reorganizar os fluxos e buscar um melhor equil\u00edbrio no atendimento realizado pelas unidades, que recebem pacientes de diferentes munic\u00edpios.<\/p>\n\n\n\n<p>O prefeito Gustavo Martinelli tamb\u00e9m enfatizou a import\u00e2ncia de uma atua\u00e7\u00e3o conjunta entre as cidades em pautas que impactam toda a regi\u00e3o. Na \u00e1rea de mobilidade, tamb\u00e9m foram abordados os projetos do Trem Intercidades (TIC) e do Trem Intermetropolitano (TIM), incluindo as contrapartidas relacionadas \u00e0s interven\u00e7\u00f5es previstas para os munic\u00edpios.<\/p>\n\n\n\n<p>Como encaminhamento da reuni\u00e3o, ser\u00e1 elaborada uma carta-compromisso com as principais reivindica\u00e7\u00f5es regionais, que ser\u00e1 encaminhada ao Governo do Estado de S\u00e3o Paulo.<\/p>\n\n\n\n<p>A pr\u00f3xima reuni\u00e3o do Parlamento Regional Intermunicipal est\u00e1 marcada para o dia 19 de outubro, \u00e0s 9h, na C\u00e2mara Municipal de V\u00e1rzea Paulista.<\/p>\n\n\n<div class=\"wp-block-image\">\n<figure class=\"aligncenter size-large\"><img loading=\"lazy\" decoding=\"async\" width=\"1280\" height=\"853\" src=\"https:\/\/jundiai.sp.gov.br\/noticias\/wp-content\/uploads\/sites\/32\/2026\/09\/encontro_regional_jundiai-1-1280x853.jpeg\" alt=\"\" class=\"wp-image-387256\" srcset=\"https:\/\/jundiai.sp.gov.br\/noticias\/wp-content\/uploads\/sites\/32\/2026\/09\/encontro_regional_jundiai-1-1280x853.jpeg 1280w, https:\/\/jundiai.sp.gov.br\/noticias\/wp-content\/uploads\/sites\/32\/2026\/09\/encontro_regional_jundiai-1-300x200.jpeg 300w, https:\/\/jundiai.sp.gov.br\/noticias\/wp-content\/uploads\/sites\/32\/2026\/09\/encontro_regional_jundiai-1-768x512.jpeg 768w, https:\/\/jundiai.sp.gov.br\/noticias\/wp-content\/uploads\/sites\/32\/2026\/09\/encontro_regional_jundiai-1-1536x1023.jpeg 1536w, https:\/\/jundiai.sp.gov.br\/noticias\/wp-content\/uploads\/sites\/32\/2026\/09\/encontro_regional_jundiai-1-450x300.jpeg 450w, https:\/\/jundiai.sp.gov.br\/noticias\/wp-content\/uploads\/sites\/32\/2026\/09\/encontro_regional_jundiai-1.jpeg 1600w\" sizes=\"auto, (max-width: 1280px) 100vw, 1280px\" \/><figcaption class=\"wp-element-caption\">Transporte intermunicipal e sa\u00fade s\u00e3o temas de encontro regional em Jundia\u00ed<\/figcaption><\/figure>\n<\/div>\n\n\n<p><strong>Assessoria de Imprensa<br>Foto: C\u00e2mara Municipal de Jundia\u00ed <\/strong><\/p>\n","protected":false},"excerpt":{"rendered":"<p>O transporte intermunicipal e a sa\u00fade regional foram os principais temas da reuni\u00e3o do Parlamento Regional Intermunicipal, realizada nesta quarta-feira (2), na C\u00e2mara Municipal de Jundia\u00ed. O encontro contou com a participa\u00e7\u00e3o do prefeito Gustavo Martinelli e reuniu representantes dos munic\u00edpios da regi\u00e3o. Na \u00e1rea de mobilidade, foram discutidas melhorias no transporte intermunicipal e a [&hellip;]<\/p>\n","protected":false},"author":52,"featured_media":387255,"comment_status":"closed","ping_status":"0","sticky":false,"template":"","format":"standard","meta":{"footnotes":""},"categories":[4620],"tags":[3192,4750],"ods":[],"class_list":["post-387254","post","type-post","status-publish","format-standard","has-post-thumbnail","hentry","category-destaques","tag-governo","tag-prefeito-gustavo-martinelli"],"_links":{"self":[{"href":"https:\/\/jundiai.sp.gov.br\/noticias\/wp-json\/wp\/v2\/posts\/387254","targetHints":{"allow":["GET"]}}],"collection":[{"href":"https:\/\/jundiai.sp.gov.br\/noticias\/wp-json\/wp\/v2\/posts"}],"about":[{"href":"https:\/\/jundiai.sp.gov.br\/noticias\/wp-json\/wp\/v2\/types\/post"}],"author":[{"embeddable":true,"href":"https:\/\/jundiai.sp.gov.br\/noticias\/wp-json\/wp\/v2\/users\/52"}],"replies":[{"embeddable":true,"href":"https:\/\/jundiai.sp.gov.br\/noticias\/wp-json\/wp\/v2\/comments?post=387254"}],"version-history":[{"count":1,"href":"https:\/\/jundiai.sp.gov.br\/noticias\/wp-json\/wp\/v2\/posts\/387254\/revisions"}],"predecessor-version":[{"id":387257,"href":"https:\/\/jundiai.sp.gov.br\/noticias\/wp-json\/wp\/v2\/posts\/387254\/revisions\/387257"}],"wp:featuredmedia":[{"embeddable":true,"href":"https:\/\/jundiai.sp.gov.br\/noticias\/wp-json\/wp\/v2\/media\/387255"}],"wp:attachment":[{"href":"https:\/\/jundiai.sp.gov.br\/noticias\/wp-json\/wp\/v2\/media?parent=387254"}],"wp:term":[{"taxonomy":"category","embeddable":true,"href":"https:\/\/jundiai.sp.gov.br\/noticias\/wp-json\/wp\/v2\/categories?post=387254"},{"taxonomy":"post_tag","embeddable":true,"href":"https:\/\/jundiai.sp.gov.br\/noticias\/wp-json\/wp\/v2\/tags?post=387254"},{"taxonomy":"ods","embeddable":true,"href":"https:\/\/jundiai.sp.gov.br\/noticias\/wp-json\/wp\/v2\/ods?post=387254"}],"curies":[{"name":"wp","href":"https:\/\/api.w.org\/{rel}","templated":true}]}}