{"id":387265,"date":"2026-09-04T12:58:00","date_gmt":"2026-09-04T15:58:00","guid":{"rendered":"https:\/\/jundiai.sp.gov.br\/noticias\/?p=387265"},"modified":"2026-09-04T11:40:22","modified_gmt":"2026-09-04T14:40:22","slug":"jundiai-participa-de-seminario-sobre-impactos-do-tic-tim-e-reforca-planejamento-para-o-futuro","status":"publish","type":"post","link":"https:\/\/jundiai.sp.gov.br\/noticias\/2026\/09\/04\/jundiai-participa-de-seminario-sobre-impactos-do-tic-tim-e-reforca-planejamento-para-o-futuro\/","title":{"rendered":"Jundia\u00ed participa de semin\u00e1rio sobre impactos do TIC-TIM e refor\u00e7a planejamento para o futuro"},"content":{"rendered":"\n<p>Jundia\u00ed participou, nesta quarta-feira (2), do semin\u00e1rio &#8220;Impactos do TIC-TIM e Regula\u00e7\u00e3o Urbana: oportunidades e desafios&#8221;, promovido pela Subsecretaria de Desenvolvimento Urbano do Estado de S\u00e3o Paulo. Realizado na Capital paulista. O encontro reuniu representantes dos 11 munic\u00edpios que integram o eixo S\u00e3o Paulo\u2013Jundia\u00ed\u2013Campinas.<\/p>\n\n\n\n<p>Estiveram presentes t\u00e9cnicos e secret\u00e1rios municipais das pastas de Mobilidade e Transporte (SMMT), Habita\u00e7\u00e3o (SMHAB), Governo (SMGOV) e Planejamento Urbano e Meio Ambiente (SMPUMA) da Prefeitura de Jundia\u00ed.<\/p>\n\n\n\n<figure class=\"wp-block-gallery has-nested-images columns-default is-cropped wp-block-gallery-1 is-layout-flex wp-block-gallery-is-layout-flex\">\n<figure class=\"wp-block-image size-large\"><img loading=\"lazy\" decoding=\"async\" width=\"1280\" height=\"960\" data-id=\"387272\" src=\"https:\/\/jundiai.sp.gov.br\/noticias\/wp-content\/uploads\/sites\/32\/2026\/09\/seminario_tic_sao_paulo-13-1-1280x960.jpg\" alt=\"\" class=\"wp-image-387272\" srcset=\"https:\/\/jundiai.sp.gov.br\/noticias\/wp-content\/uploads\/sites\/32\/2026\/09\/seminario_tic_sao_paulo-13-1-1280x960.jpg 1280w, https:\/\/jundiai.sp.gov.br\/noticias\/wp-content\/uploads\/sites\/32\/2026\/09\/seminario_tic_sao_paulo-13-1-300x225.jpg 300w, https:\/\/jundiai.sp.gov.br\/noticias\/wp-content\/uploads\/sites\/32\/2026\/09\/seminario_tic_sao_paulo-13-1-768x576.jpg 768w, https:\/\/jundiai.sp.gov.br\/noticias\/wp-content\/uploads\/sites\/32\/2026\/09\/seminario_tic_sao_paulo-13-1-1536x1152.jpg 1536w, https:\/\/jundiai.sp.gov.br\/noticias\/wp-content\/uploads\/sites\/32\/2026\/09\/seminario_tic_sao_paulo-13-1.jpg 1900w\" sizes=\"auto, (max-width: 1280px) 100vw, 1280px\" \/><\/figure>\n\n\n\n<figure class=\"wp-block-image size-large\"><img loading=\"lazy\" decoding=\"async\" width=\"1280\" height=\"960\" data-id=\"387268\" src=\"https:\/\/jundiai.sp.gov.br\/noticias\/wp-content\/uploads\/sites\/32\/2026\/09\/seminario_tic_sao_paulo-6-1280x960.jpg\" alt=\"\" class=\"wp-image-387268\" srcset=\"https:\/\/jundiai.sp.gov.br\/noticias\/wp-content\/uploads\/sites\/32\/2026\/09\/seminario_tic_sao_paulo-6-1280x960.jpg 1280w, https:\/\/jundiai.sp.gov.br\/noticias\/wp-content\/uploads\/sites\/32\/2026\/09\/seminario_tic_sao_paulo-6-300x225.jpg 300w, https:\/\/jundiai.sp.gov.br\/noticias\/wp-content\/uploads\/sites\/32\/2026\/09\/seminario_tic_sao_paulo-6-768x576.jpg 768w, https:\/\/jundiai.sp.gov.br\/noticias\/wp-content\/uploads\/sites\/32\/2026\/09\/seminario_tic_sao_paulo-6-1536x1152.jpg 1536w, https:\/\/jundiai.sp.gov.br\/noticias\/wp-content\/uploads\/sites\/32\/2026\/09\/seminario_tic_sao_paulo-6.jpg 1900w\" sizes=\"auto, (max-width: 1280px) 100vw, 1280px\" \/><\/figure>\n\n\n\n<figure class=\"wp-block-image size-large\"><img loading=\"lazy\" decoding=\"async\" width=\"1280\" height=\"960\" data-id=\"387269\" src=\"https:\/\/jundiai.sp.gov.br\/noticias\/wp-content\/uploads\/sites\/32\/2026\/09\/seminario_tic_sao_paulo-7-1280x960.jpg\" alt=\"\" class=\"wp-image-387269\" srcset=\"https:\/\/jundiai.sp.gov.br\/noticias\/wp-content\/uploads\/sites\/32\/2026\/09\/seminario_tic_sao_paulo-7-1280x960.jpg 1280w, https:\/\/jundiai.sp.gov.br\/noticias\/wp-content\/uploads\/sites\/32\/2026\/09\/seminario_tic_sao_paulo-7-300x225.jpg 300w, https:\/\/jundiai.sp.gov.br\/noticias\/wp-content\/uploads\/sites\/32\/2026\/09\/seminario_tic_sao_paulo-7-768x576.jpg 768w, https:\/\/jundiai.sp.gov.br\/noticias\/wp-content\/uploads\/sites\/32\/2026\/09\/seminario_tic_sao_paulo-7-1536x1152.jpg 1536w, https:\/\/jundiai.sp.gov.br\/noticias\/wp-content\/uploads\/sites\/32\/2026\/09\/seminario_tic_sao_paulo-7.jpg 1900w\" sizes=\"auto, (max-width: 1280px) 100vw, 1280px\" \/><\/figure>\n<figcaption class=\"blocks-gallery-caption wp-element-caption\">Jundia\u00ed participa do Semin\u00e1rio &#8220;Impactos do TIC-TIM&#8221;<\/figcaption><\/figure>\n\n\n\n<p>Foram apresentados estudos e discutidos os poss\u00edveis impactos da nova infraestrutura na din\u00e2mica das cidades, entre eles a valoriza\u00e7\u00e3o imobili\u00e1ria, a cria\u00e7\u00e3o de novas centralidades, o adensamento urbano e o aumento da demanda por infraestrutura, servi\u00e7os, habita\u00e7\u00e3o e empregos.<\/p>\n\n\n\n<p><strong>Grupo de Trabalho e acompanhamento das a\u00e7\u00f5es<\/strong><\/p>\n\n\n\n<p>Jundia\u00ed mant\u00e9m um Grupo de Trabalho (GT) permanente dedicado ao acompanhamento do projeto e \u00e0 avalia\u00e7\u00e3o dos impactos que a implanta\u00e7\u00e3o do TIC poder\u00e1 trazer ao munic\u00edpio. A equipe re\u00fane profissionais de diferentes \u00e1reas da Prefeitura e acompanha as discuss\u00f5es relacionadas ao desenvolvimento do projeto, buscando solu\u00e7\u00f5es alinhadas \u00e0s diretrizes municipais e \u00e0s caracter\u00edsticas do territ\u00f3rio.<\/p>\n\n\n\n<p>Entre os aspectos analisados est\u00e3o as poss\u00edveis interfer\u00eancias na malha urbana, nas regi\u00f5es de mananciais e em \u00e1reas com restri\u00e7\u00f5es ambientais, al\u00e9m da integra\u00e7\u00e3o da infraestrutura ferrovi\u00e1ria com a cidade. &#8220;As quest\u00f5es relacionadas \u00e0 interfer\u00eancia na malha urbana, nas regi\u00f5es de mananciais e em \u00e1reas com restri\u00e7\u00f5es ambientais est\u00e3o sendo estudadas e analisadas. As equipes t\u00e9cnicas acompanham as discuss\u00f5es com o objetivo de construir, em conjunto, as melhores solu\u00e7\u00f5es para Jundia\u00ed&#8221;, destacou o secret\u00e1rio da SMPUMA, Marco Ant\u00f4nio Bedin.<\/p>\n\n\n\n<p><strong>Jundia\u00ed acompanha de perto as transforma\u00e7\u00f5es na RMJ<\/strong><br><br>Para o assessor especial de Jundia\u00ed na Regi\u00e3o Metropolitana de Jundia\u00ed (RMJ), Thales Delgado, o projeto de implanta\u00e7\u00e3o dos trens representa uma transforma\u00e7\u00e3o e exige planejamento antecipado por parte dos munic\u00edpios. &#8220;Estamos falando de um investimento superior a R$ 14,2 bilh\u00f5es, que ter\u00e1 impacto em todas as cidades envolvidas. A quest\u00e3o \u00e9 absolutamente macro e envolve cada cidade. A ideia \u00e9 que, junto com a Regi\u00e3o Metropolitana, a Prefeitura de Jundia\u00ed lidere esse movimento, criando a\u00e7\u00f5es que contribuam efetivamente para a chegada do TIC-TIM&#8221;, explicou.<\/p>\n\n\n\n<p><strong>Assessoria de Imprensa<\/strong><br><strong>Fotos: Fot\u00f3grafo PMJ<\/strong><\/p>\n","protected":false},"excerpt":{"rendered":"<p>Jundia\u00ed participou, nesta quarta-feira (2), do semin\u00e1rio &#8220;Impactos do TIC-TIM e Regula\u00e7\u00e3o Urbana: oportunidades e desafios&#8221;, promovido pela Subsecretaria de Desenvolvimento Urbano do Estado de S\u00e3o Paulo. Realizado na Capital paulista. O encontro reuniu representantes dos 11 munic\u00edpios que integram o eixo S\u00e3o Paulo\u2013Jundia\u00ed\u2013Campinas. Estiveram presentes t\u00e9cnicos e secret\u00e1rios municipais das pastas de Mobilidade e [&hellip;]<\/p>\n","protected":false},"author":123,"featured_media":387272,"comment_status":"closed","ping_status":"closed","sticky":false,"template":"","format":"standard","meta":{"footnotes":""},"categories":[4620,2],"tags":[7004,984],"ods":[],"class_list":["post-387265","post","type-post","status-publish","format-standard","has-post-thumbnail","hentry","category-destaques","category-noticias","tag-grupo-de-trabalho-gt-tic","tag-planejamento-urbano-e-meio-ambiente"],"_links":{"self":[{"href":"https:\/\/jundiai.sp.gov.br\/noticias\/wp-json\/wp\/v2\/posts\/387265","targetHints":{"allow":["GET"]}}],"collection":[{"href":"https:\/\/jundiai.sp.gov.br\/noticias\/wp-json\/wp\/v2\/posts"}],"about":[{"href":"https:\/\/jundiai.sp.gov.br\/noticias\/wp-json\/wp\/v2\/types\/post"}],"author":[{"embeddable":true,"href":"https:\/\/jundiai.sp.gov.br\/noticias\/wp-json\/wp\/v2\/users\/123"}],"replies":[{"embeddable":true,"href":"https:\/\/jundiai.sp.gov.br\/noticias\/wp-json\/wp\/v2\/comments?post=387265"}],"version-history":[{"count":5,"href":"https:\/\/jundiai.sp.gov.br\/noticias\/wp-json\/wp\/v2\/posts\/387265\/revisions"}],"predecessor-version":[{"id":387377,"href":"https:\/\/jundiai.sp.gov.br\/noticias\/wp-json\/wp\/v2\/posts\/387265\/revisions\/387377"}],"wp:featuredmedia":[{"embeddable":true,"href":"https:\/\/jundiai.sp.gov.br\/noticias\/wp-json\/wp\/v2\/media\/387272"}],"wp:attachment":[{"href":"https:\/\/jundiai.sp.gov.br\/noticias\/wp-json\/wp\/v2\/media?parent=387265"}],"wp:term":[{"taxonomy":"category","embeddable":true,"href":"https:\/\/jundiai.sp.gov.br\/noticias\/wp-json\/wp\/v2\/categories?post=387265"},{"taxonomy":"post_tag","embeddable":true,"href":"https:\/\/jundiai.sp.gov.br\/noticias\/wp-json\/wp\/v2\/tags?post=387265"},{"taxonomy":"ods","embeddable":true,"href":"https:\/\/jundiai.sp.gov.br\/noticias\/wp-json\/wp\/v2\/ods?post=387265"}],"curies":[{"name":"wp","href":"https:\/\/api.w.org\/{rel}","templated":true}]}}