{"id":387276,"date":"2026-09-04T16:50:00","date_gmt":"2026-09-04T19:50:00","guid":{"rendered":"https:\/\/jundiai.sp.gov.br\/noticias\/?p=387276"},"modified":"2026-09-04T17:24:43","modified_gmt":"2026-09-04T20:24:43","slug":"gt-do-centro-discute-acoes-para-ampliar-campanha-nao-doe-o-que-sobra-doe-o-que-transforma-da-assistencia-social","status":"publish","type":"post","link":"https:\/\/jundiai.sp.gov.br\/noticias\/2026\/09\/04\/gt-do-centro-discute-acoes-para-ampliar-campanha-nao-doe-o-que-sobra-doe-o-que-transforma-da-assistencia-social\/","title":{"rendered":"GT do Centro discute a\u00e7\u00f5es para ampliar campanha &#8216;N\u00e3o doe o que sobra, doe o que transforma&#8217;, da Assist\u00eancia Social"},"content":{"rendered":"\n<p>O programa <a href=\"https:\/\/jundiai.sp.gov.br\/noticias\/2026\/09\/01\/centro-da-gente-completa-um-ano-com-avancos-e-planejamento-de-novas-acoes-para-a-regiao-central\/\">Centro da Gente completa um ano neste m\u00eas<\/a> consolidando uma de suas principais premissas: manter o di\u00e1logo permanente entre o poder p\u00fablico, moradores, comerciantes, entidades e demais representantes da regi\u00e3o central. Por meio do Grupo de Trabalho (GT) do Centro e de encontros peri\u00f3dicos, diferentes setores discutem demandas, compartilham propostas e constroem a\u00e7\u00f5es integradas para a regi\u00e3o.<\/p>\n\n\n\n<p>Ao longo desse per\u00edodo, um dos avan\u00e7os percebidos \u00e9 a retomada da movimenta\u00e7\u00e3o no Centro, impulsionada por atividades, eventos e a\u00e7\u00f5es que t\u00eam levado moradores e visitantes novamente \u00e0 regi\u00e3o. O trabalho envolve ainda iniciativas de zeladoria, seguran\u00e7a, assist\u00eancia social, cultura, desenvolvimento econ\u00f4mico e outras \u00e1reas que fazem parte da din\u00e2mica do Centro.<\/p>\n\n\n\n<p>Os encontros re\u00fanem representantes de diferentes setores envolvidos com a regi\u00e3o central, entre eles a ACE, a CDL, a Catedral, os Consegs de Seguran\u00e7a Bar\u00e3o e Vetor Oeste, o Grupo Revitaliza, o Grupo N\u00f3s, do CEM, localizado na Rua Marechal, al\u00e9m de moradores e comerciantes. A proposta \u00e9 manter um espa\u00e7o permanente de di\u00e1logo, aproximando quem vive, trabalha e frequenta o Centro das a\u00e7\u00f5es desenvolvidas pela Prefeitura.<\/p>\n\n\n\n<p>Nesta semana, o encontro teve como tema a assist\u00eancia social e aprofundou as discuss\u00f5es sobre a campanha \u00b4<a href=\"https:\/\/jundiai.sp.gov.br\/noticias\/2026\/08\/12\/nao-de-o-que-sobra-de-o-que-transforma-nova-campanha-reforca-a-rede-de-assistencia-e-orienta-a-populacao-sobre-como-ajudar\/\">N\u00e3o doe o que sobra, doe o que transforma<\/a>\u00b4, da Secretaria Municipal de Assist\u00eancia e Desenvolvimento Social (SMADS). A iniciativa busca ampliar a orienta\u00e7\u00e3o sobre formas mais efetivas de ajudar pessoas em situa\u00e7\u00e3o de vulnerabilidade, fazendo com que essa informa\u00e7\u00e3o tamb\u00e9m chegue aos bairros e \u00e0s comunidades.<\/p>\n\n\n\n<p>\u201cQuando falamos em cuidado, n\u00e3o estamos falando apenas da entrega de um alimento, de um cobertor ou de um item de higiene. Estamos falando de um processo que precisa ser constru\u00eddo no m\u00e9dio e longo prazo, com prote\u00e7\u00e3o social, sa\u00fade, habita\u00e7\u00e3o, trabalho e renda e educa\u00e7\u00e3o. \u00c9 esse conjunto de pol\u00edticas e servi\u00e7os que pode criar condi\u00e7\u00f5es para que a pessoa tenha novas possibilidades e consiga interromper o ciclo que a mant\u00e9m em situa\u00e7\u00e3o de rua\u201d, afirma Luciane Mosca, secret\u00e1ria da SMADS.<\/p>\n\n\n\n<p>A participa\u00e7\u00e3o das lideran\u00e7as locais \u00e9 estrat\u00e9gica para multiplicar essas orienta\u00e7\u00f5es e ampliar o conhecimento da popula\u00e7\u00e3o sobre a rede de atendimento existente no munic\u00edpio. A proposta n\u00e3o \u00e9 desencorajar a solidariedade, mas mostrar que a ajuda pode estar conectada aos servi\u00e7os e \u00e0s pol\u00edticas p\u00fablicas, contribuindo para um acompanhamento mais estruturado e para mudan\u00e7as mais duradouras na vida das pessoas.<\/p>\n\n\n\n<figure class=\"wp-block-gallery has-nested-images columns-default is-cropped wp-block-gallery-1 is-layout-flex wp-block-gallery-is-layout-flex\">\n<figure class=\"wp-block-image size-full\"><img loading=\"lazy\" decoding=\"async\" width=\"1200\" height=\"832\" data-id=\"387288\" src=\"https:\/\/jundiai.sp.gov.br\/noticias\/wp-content\/uploads\/sites\/32\/2026\/09\/whatsapp-image-2026-09-02-at-16-53-29-1.jpg\" alt=\"\" class=\"wp-image-387288\" srcset=\"https:\/\/jundiai.sp.gov.br\/noticias\/wp-content\/uploads\/sites\/32\/2026\/09\/whatsapp-image-2026-09-02-at-16-53-29-1.jpg 1200w, https:\/\/jundiai.sp.gov.br\/noticias\/wp-content\/uploads\/sites\/32\/2026\/09\/whatsapp-image-2026-09-02-at-16-53-29-1-300x208.jpg 300w, https:\/\/jundiai.sp.gov.br\/noticias\/wp-content\/uploads\/sites\/32\/2026\/09\/whatsapp-image-2026-09-02-at-16-53-29-1-768x532.jpg 768w\" sizes=\"auto, (max-width: 1200px) 100vw, 1200px\" \/><figcaption class=\"wp-element-caption\">Luciane Mosca &#8211; secret\u00e1ria da SMADS<\/figcaption><\/figure>\n\n\n\n<figure class=\"wp-block-image size-full\"><img loading=\"lazy\" decoding=\"async\" width=\"1200\" height=\"745\" data-id=\"387289\" src=\"https:\/\/jundiai.sp.gov.br\/noticias\/wp-content\/uploads\/sites\/32\/2026\/09\/whatsapp-image-2026-09-02-at-17-08-29-1-1.jpg\" alt=\"\" class=\"wp-image-387289\" srcset=\"https:\/\/jundiai.sp.gov.br\/noticias\/wp-content\/uploads\/sites\/32\/2026\/09\/whatsapp-image-2026-09-02-at-17-08-29-1-1.jpg 1200w, https:\/\/jundiai.sp.gov.br\/noticias\/wp-content\/uploads\/sites\/32\/2026\/09\/whatsapp-image-2026-09-02-at-17-08-29-1-1-300x186.jpg 300w, https:\/\/jundiai.sp.gov.br\/noticias\/wp-content\/uploads\/sites\/32\/2026\/09\/whatsapp-image-2026-09-02-at-17-08-29-1-1-768x477.jpg 768w\" sizes=\"auto, (max-width: 1200px) 100vw, 1200px\" \/><figcaption class=\"wp-element-caption\">Encontro ocorreu nesta semana<\/figcaption><\/figure>\n<\/figure>\n\n\n\n<p>Para a coordenadora do GT Centro, Daniela Colagrossi, engenheira e urbanista da Secretaria Municipal de Planejamento Urbano e Meio Ambiente (SMPUMA), ampliar o alcance da campanha \u00e9 fundamental para que a sociedade participe desse processo. \u201c\u00c9 importante falar sobre esse assunto, divulgar e fazer com que essa campanha chegue a diferentes regi\u00f5es da cidade. Por isso, estamos reunindo lideran\u00e7as e institui\u00e7\u00f5es para que sejam multiplicadoras da mensagem \u2018N\u00e3o doe o que sobra, doe o que transforma\u2019, levando essa orienta\u00e7\u00e3o tamb\u00e9m para os grupos de bairros e para as comunidades. A campanha faz parte de uma pol\u00edtica p\u00fablica de reorganiza\u00e7\u00e3o da assist\u00eancia social, e esse trabalho \u00e9 fundamental para que, a m\u00e9dio e longo prazo, possamos organizar de fato a quest\u00e3o das pessoas em situa\u00e7\u00e3o de rua, fortalecendo o cuidado e construindo estrat\u00e9gias e caminhos que contribuam para novas possibilidades\u201d, destacou.<\/p>\n\n\n\n<p>\u201cUma das formas de fazer essa campanha chegar mais longe \u00e9 levar a informa\u00e7\u00e3o para dentro das pr\u00f3prias comunidades. Podemos contar com os grupos dos bairros, das associa\u00e7\u00f5es e das redes de moradores para compartilhar a orienta\u00e7\u00e3o e ampliar esse di\u00e1logo. Muitas vezes, as pessoas querem ajudar, mas n\u00e3o sabem qual \u00e9 a melhor forma. Quando a informa\u00e7\u00e3o chega, conseguimos transformar essa vontade de ajudar em uma a\u00e7\u00e3o que realmente contribua para o cuidado e para novas possibilidades para quem est\u00e1 em situa\u00e7\u00e3o de rua\u201d, destacou Luiz, do Conseg Centro.<\/p>\n\n\n\n<p><strong>Assessoria de Imprensa <br>Fotos: SMADS <\/strong><\/p>\n","protected":false},"excerpt":{"rendered":"<p>O programa Centro da Gente completa um ano neste m\u00eas consolidando uma de suas principais premissas: manter o di\u00e1logo permanente entre o poder p\u00fablico, moradores, comerciantes, entidades e demais representantes da regi\u00e3o central. Por meio do Grupo de Trabalho (GT) do Centro e de encontros peri\u00f3dicos, diferentes setores discutem demandas, compartilham propostas e constroem a\u00e7\u00f5es [&hellip;]<\/p>\n","protected":false},"author":69,"featured_media":387279,"comment_status":"closed","ping_status":"0","sticky":false,"template":"","format":"standard","meta":{"footnotes":""},"categories":[2],"tags":[5875,7024,5519],"ods":[],"class_list":["post-387276","post","type-post","status-publish","format-standard","has-post-thumbnail","hentry","category-noticias","tag-gt-do-centro","tag-nao-doe-o-que-sobra-doe-o-que-transforma","tag-secretaria-de-assistencia-e-desenvolvimento-social"],"_links":{"self":[{"href":"https:\/\/jundiai.sp.gov.br\/noticias\/wp-json\/wp\/v2\/posts\/387276","targetHints":{"allow":["GET"]}}],"collection":[{"href":"https:\/\/jundiai.sp.gov.br\/noticias\/wp-json\/wp\/v2\/posts"}],"about":[{"href":"https:\/\/jundiai.sp.gov.br\/noticias\/wp-json\/wp\/v2\/types\/post"}],"author":[{"embeddable":true,"href":"https:\/\/jundiai.sp.gov.br\/noticias\/wp-json\/wp\/v2\/users\/69"}],"replies":[{"embeddable":true,"href":"https:\/\/jundiai.sp.gov.br\/noticias\/wp-json\/wp\/v2\/comments?post=387276"}],"version-history":[{"count":4,"href":"https:\/\/jundiai.sp.gov.br\/noticias\/wp-json\/wp\/v2\/posts\/387276\/revisions"}],"predecessor-version":[{"id":387462,"href":"https:\/\/jundiai.sp.gov.br\/noticias\/wp-json\/wp\/v2\/posts\/387276\/revisions\/387462"}],"wp:featuredmedia":[{"embeddable":true,"href":"https:\/\/jundiai.sp.gov.br\/noticias\/wp-json\/wp\/v2\/media\/387279"}],"wp:attachment":[{"href":"https:\/\/jundiai.sp.gov.br\/noticias\/wp-json\/wp\/v2\/media?parent=387276"}],"wp:term":[{"taxonomy":"category","embeddable":true,"href":"https:\/\/jundiai.sp.gov.br\/noticias\/wp-json\/wp\/v2\/categories?post=387276"},{"taxonomy":"post_tag","embeddable":true,"href":"https:\/\/jundiai.sp.gov.br\/noticias\/wp-json\/wp\/v2\/tags?post=387276"},{"taxonomy":"ods","embeddable":true,"href":"https:\/\/jundiai.sp.gov.br\/noticias\/wp-json\/wp\/v2\/ods?post=387276"}],"curies":[{"name":"wp","href":"https:\/\/api.w.org\/{rel}","templated":true}]}}