{"id":387281,"date":"2026-09-03T17:55:08","date_gmt":"2026-09-03T20:55:08","guid":{"rendered":"https:\/\/jundiai.sp.gov.br\/noticias\/?p=387281"},"modified":"2026-09-03T17:55:08","modified_gmt":"2026-09-03T20:55:08","slug":"prefeitura-de-jundiai-vistoria-imoveis-abandonados-no-centro-ponte-sao-joao-e-vila-rio-branco-dois-proprietarios-sao-notificados","status":"publish","type":"post","link":"https:\/\/jundiai.sp.gov.br\/noticias\/2026\/09\/03\/prefeitura-de-jundiai-vistoria-imoveis-abandonados-no-centro-ponte-sao-joao-e-vila-rio-branco-dois-proprietarios-sao-notificados\/","title":{"rendered":"Prefeitura de Jundia\u00ed vistoria im\u00f3veis abandonados no Centro, Ponte S\u00e3o Jo\u00e3o e Vila Rio Branco; dois propriet\u00e1rios s\u00e3o notificados"},"content":{"rendered":"\n<p>A Prefeitura de Jundia\u00ed realizou nesta quarta-feira (02) uma a\u00e7\u00e3o de fiscaliza\u00e7\u00e3o a im\u00f3veis abandonados no Centro, Ponte S\u00e3o Jo\u00e3o e Vila Rio Branco. Dez deles foram vistoriados quanto \u00e0s condi\u00e7\u00f5es de limpeza e conserva\u00e7\u00e3o. Os propriet\u00e1rios de dois destes im\u00f3veis (um residencial e um comercial) ser\u00e3o notificados por descumprirem a legisla\u00e7\u00e3o.<\/p>\n\n\n\n<figure class=\"wp-block-gallery has-nested-images columns-default is-cropped wp-block-gallery-1 is-layout-flex wp-block-gallery-is-layout-flex\">\n<figure class=\"wp-block-image size-large\"><img loading=\"lazy\" decoding=\"async\" width=\"1280\" height=\"960\" data-id=\"387285\" src=\"https:\/\/jundiai.sp.gov.br\/noticias\/wp-content\/uploads\/sites\/32\/2026\/09\/aviso-1.jpeg\" alt=\"\" class=\"wp-image-387285\" srcset=\"https:\/\/jundiai.sp.gov.br\/noticias\/wp-content\/uploads\/sites\/32\/2026\/09\/aviso-1.jpeg 1280w, https:\/\/jundiai.sp.gov.br\/noticias\/wp-content\/uploads\/sites\/32\/2026\/09\/aviso-1-300x225.jpeg 300w, https:\/\/jundiai.sp.gov.br\/noticias\/wp-content\/uploads\/sites\/32\/2026\/09\/aviso-1-768x576.jpeg 768w\" sizes=\"auto, (max-width: 1280px) 100vw, 1280px\" \/><figcaption class=\"wp-element-caption\">Aviso de notifica\u00e7\u00e3o da Prefeitura <\/figcaption><\/figure>\n\n\n\n<figure class=\"wp-block-image size-large\"><img loading=\"lazy\" decoding=\"async\" width=\"1280\" height=\"960\" data-id=\"387286\" src=\"https:\/\/jundiai.sp.gov.br\/noticias\/wp-content\/uploads\/sites\/32\/2026\/09\/vencedor-2-1-1280x960.jpg\" alt=\"\" class=\"wp-image-387286\" srcset=\"https:\/\/jundiai.sp.gov.br\/noticias\/wp-content\/uploads\/sites\/32\/2026\/09\/vencedor-2-1-1280x960.jpg 1280w, https:\/\/jundiai.sp.gov.br\/noticias\/wp-content\/uploads\/sites\/32\/2026\/09\/vencedor-2-1-300x225.jpg 300w, https:\/\/jundiai.sp.gov.br\/noticias\/wp-content\/uploads\/sites\/32\/2026\/09\/vencedor-2-1-768x576.jpg 768w, https:\/\/jundiai.sp.gov.br\/noticias\/wp-content\/uploads\/sites\/32\/2026\/09\/vencedor-2-1-1536x1152.jpg 1536w, https:\/\/jundiai.sp.gov.br\/noticias\/wp-content\/uploads\/sites\/32\/2026\/09\/vencedor-2-1.jpg 1900w\" sizes=\"auto, (max-width: 1280px) 100vw, 1280px\" \/><figcaption class=\"wp-element-caption\">Im\u00f3vel comercial na Ponte S\u00e3o Jo\u00e3o<\/figcaption><\/figure>\n<\/figure>\n\n\n\n<p>A iniciativa faz parte de um conjunto de a\u00e7\u00f5es definidas nas reuni\u00f5es peri\u00f3dicas do Gabinete de Gest\u00e3o Integrada Municipal (GGIM), ligado \u00e0 Secretaria Municipal&nbsp;da Casa Civil (SMCC). O trabalho foi desenvolvido pelos \u00f3rg\u00e3os p\u00fablicos que integram o N\u00facleo de Ordem Urbana (NOU), que combate a ocupa\u00e7\u00e3o irregular de \u00e1reas p\u00fablicas e o tr\u00e1fico de drogas, acolhe pessoas em situa\u00e7\u00e3o de rua e promove a limpeza urbana e a preven\u00e7\u00e3o de doen\u00e7as.<\/p>\n\n\n\n<p>A fiscaliza\u00e7\u00e3o a im\u00f3veis abandonados desta semana teve a participa\u00e7\u00e3o de servidores das secretarias de Infraestrutura e Servi\u00e7os P\u00fablicos (SMISP), Planejamento Urbano e Meio Ambiente (SMPUMA) e Promo\u00e7\u00e3o da Sa\u00fade (atrav\u00e9s da Vigil\u00e2ncia em Sa\u00fade Ambiental \u2013 VISAM), com apoio da Guarda Municipal de Jundia\u00ed. \u201cEstamos fiscalizando a manuten\u00e7\u00e3o de im\u00f3veis abandonados conforme as leis municipais 603\/2020 e 482\/2009. Estes locais devem estar limpos, seguros e bem conservados, para evitar riscos \u00e0 sa\u00fade p\u00fablica\u201d, destacou o coordenador do GGIM, Adalberto Ceolin.&nbsp;<\/p>\n\n\n\n<p>O NOU realiza um trabalho multisetorial importante, ligado \u00e0 conserva\u00e7\u00e3o das \u00e1reas p\u00fablicas, limpeza urbana e preven\u00e7\u00e3o de doen\u00e7as. Um dos focos principais das fiscaliza\u00e7\u00f5es \u00e9 a elimina\u00e7\u00e3o de vetores epidemiol\u00f3gicos, como criadores de mosquitos que podem transmitir a dengue, chikungunya e zika. Novas a\u00e7\u00f5es como essa ser\u00e3o intensificadas nas pr\u00f3ximas semanas.<\/p>\n\n\n\n<p><strong>Assessoria de Imprensa<\/strong><br><strong>Fotos: Fot\u00f3grafos PMJ<\/strong><\/p>\n","protected":false},"excerpt":{"rendered":"<p>A Prefeitura de Jundia\u00ed realizou nesta quarta-feira (02) uma a\u00e7\u00e3o de fiscaliza\u00e7\u00e3o a im\u00f3veis abandonados no Centro, Ponte S\u00e3o Jo\u00e3o e Vila Rio Branco. Dez deles foram vistoriados quanto \u00e0s condi\u00e7\u00f5es de limpeza e conserva\u00e7\u00e3o. Os propriet\u00e1rios de dois destes im\u00f3veis (um residencial e um comercial) ser\u00e3o notificados por descumprirem a legisla\u00e7\u00e3o. A iniciativa faz [&hellip;]<\/p>\n","protected":false},"author":54,"featured_media":387284,"comment_status":"closed","ping_status":"0","sticky":false,"template":"","format":"standard","meta":{"footnotes":""},"categories":[4620,2],"tags":[],"ods":[],"class_list":["post-387281","post","type-post","status-publish","format-standard","has-post-thumbnail","hentry","category-destaques","category-noticias"],"_links":{"self":[{"href":"https:\/\/jundiai.sp.gov.br\/noticias\/wp-json\/wp\/v2\/posts\/387281","targetHints":{"allow":["GET"]}}],"collection":[{"href":"https:\/\/jundiai.sp.gov.br\/noticias\/wp-json\/wp\/v2\/posts"}],"about":[{"href":"https:\/\/jundiai.sp.gov.br\/noticias\/wp-json\/wp\/v2\/types\/post"}],"author":[{"embeddable":true,"href":"https:\/\/jundiai.sp.gov.br\/noticias\/wp-json\/wp\/v2\/users\/54"}],"replies":[{"embeddable":true,"href":"https:\/\/jundiai.sp.gov.br\/noticias\/wp-json\/wp\/v2\/comments?post=387281"}],"version-history":[{"count":3,"href":"https:\/\/jundiai.sp.gov.br\/noticias\/wp-json\/wp\/v2\/posts\/387281\/revisions"}],"predecessor-version":[{"id":387379,"href":"https:\/\/jundiai.sp.gov.br\/noticias\/wp-json\/wp\/v2\/posts\/387281\/revisions\/387379"}],"wp:featuredmedia":[{"embeddable":true,"href":"https:\/\/jundiai.sp.gov.br\/noticias\/wp-json\/wp\/v2\/media\/387284"}],"wp:attachment":[{"href":"https:\/\/jundiai.sp.gov.br\/noticias\/wp-json\/wp\/v2\/media?parent=387281"}],"wp:term":[{"taxonomy":"category","embeddable":true,"href":"https:\/\/jundiai.sp.gov.br\/noticias\/wp-json\/wp\/v2\/categories?post=387281"},{"taxonomy":"post_tag","embeddable":true,"href":"https:\/\/jundiai.sp.gov.br\/noticias\/wp-json\/wp\/v2\/tags?post=387281"},{"taxonomy":"ods","embeddable":true,"href":"https:\/\/jundiai.sp.gov.br\/noticias\/wp-json\/wp\/v2\/ods?post=387281"}],"curies":[{"name":"wp","href":"https:\/\/api.w.org\/{rel}","templated":true}]}}