{"id":387292,"date":"2026-09-05T10:22:00","date_gmt":"2026-09-05T13:22:00","guid":{"rendered":"https:\/\/jundiai.sp.gov.br\/noticias\/?p=387292"},"modified":"2026-09-04T14:35:06","modified_gmt":"2026-09-04T17:35:06","slug":"avenida-luiz-latorre-tera-interdicao-para-desfile-de-7-de-setembro-confira-os-desvios","status":"publish","type":"post","link":"https:\/\/jundiai.sp.gov.br\/noticias\/2026\/09\/05\/avenida-luiz-latorre-tera-interdicao-para-desfile-de-7-de-setembro-confira-os-desvios\/","title":{"rendered":"Avenida Luiz Latorre ter\u00e1 interdi\u00e7\u00e3o para desfile de 7 de Setembro; confira os desvios"},"content":{"rendered":"\n<p>A Avenida Prefeito Luiz Latorre ser\u00e1 interditada na pr\u00f3xima segunda-feira (7), a partir das 7h30, para a organiza\u00e7\u00e3o e realiza\u00e7\u00e3o do desfile c\u00edvico de 7 de Setembro, que come\u00e7a \u00e0s 9h. A previs\u00e3o \u00e9 que a altera\u00e7\u00e3o no tr\u00e2nsito permane\u00e7a at\u00e9 as 13h.<\/p>\n\n\n\n<p>Durante o per\u00edodo, os motoristas que utilizam a regi\u00e3o dever\u00e3o ficar atentos \u00e0 sinaliza\u00e7\u00e3o e optar pelos caminhos alternativos indicados pela Secretaria Municipal de Mobilidade e Transporte.<\/p>\n\n\n\n<figure class=\"wp-block-gallery has-nested-images columns-default is-cropped wp-block-gallery-1 is-layout-flex wp-block-gallery-is-layout-flex\">\n<figure class=\"wp-block-image size-large\"><img loading=\"lazy\" decoding=\"async\" width=\"889\" height=\"591\" data-id=\"387293\" src=\"https:\/\/jundiai.sp.gov.br\/noticias\/wp-content\/uploads\/sites\/32\/2026\/09\/whatsapp-image-2026-09-03-at-11-05-35.jpeg\" alt=\"\" class=\"wp-image-387293\" srcset=\"https:\/\/jundiai.sp.gov.br\/noticias\/wp-content\/uploads\/sites\/32\/2026\/09\/whatsapp-image-2026-09-03-at-11-05-35.jpeg 889w, https:\/\/jundiai.sp.gov.br\/noticias\/wp-content\/uploads\/sites\/32\/2026\/09\/whatsapp-image-2026-09-03-at-11-05-35-300x199.jpeg 300w, https:\/\/jundiai.sp.gov.br\/noticias\/wp-content\/uploads\/sites\/32\/2026\/09\/whatsapp-image-2026-09-03-at-11-05-35-768x511.jpeg 768w, https:\/\/jundiai.sp.gov.br\/noticias\/wp-content\/uploads\/sites\/32\/2026\/09\/whatsapp-image-2026-09-03-at-11-05-35-450x300.jpeg 450w\" sizes=\"auto, (max-width: 889px) 100vw, 889px\" \/><\/figure>\n\n\n\n<figure class=\"wp-block-image size-large\"><img loading=\"lazy\" decoding=\"async\" width=\"886\" height=\"574\" data-id=\"387294\" src=\"https:\/\/jundiai.sp.gov.br\/noticias\/wp-content\/uploads\/sites\/32\/2026\/09\/whatsapp-image-2026-09-03-at-11-05-34.jpeg\" alt=\"\" class=\"wp-image-387294\" srcset=\"https:\/\/jundiai.sp.gov.br\/noticias\/wp-content\/uploads\/sites\/32\/2026\/09\/whatsapp-image-2026-09-03-at-11-05-34.jpeg 886w, https:\/\/jundiai.sp.gov.br\/noticias\/wp-content\/uploads\/sites\/32\/2026\/09\/whatsapp-image-2026-09-03-at-11-05-34-300x194.jpeg 300w, https:\/\/jundiai.sp.gov.br\/noticias\/wp-content\/uploads\/sites\/32\/2026\/09\/whatsapp-image-2026-09-03-at-11-05-34-768x498.jpeg 768w\" sizes=\"auto, (max-width: 886px) 100vw, 886px\" \/><\/figure>\n<\/figure>\n\n\n\n<h2 class=\"wp-block-heading\">Confira as op\u00e7\u00f5es de desvio<\/h2>\n\n\n\n<h3 class=\"wp-block-heading\">Desvio 1 \u2013 para quem segue em dire\u00e7\u00e3o ao Centro<\/h3>\n\n\n\n<p>O trajeto \u00e9 indicado para os condutores que v\u00eam da Avenida Armando Giassetti ou do bairro Retiro e acessam a Avenida Prefeito Luiz Latorre no sentido Centro.<\/p>\n\n\n\n<p>Nesse caso, o motorista dever\u00e1:<\/p>\n\n\n\n<ul class=\"wp-block-list\">\n<li>Retornar na rotat\u00f3ria da Felivel;<\/li>\n\n\n\n<li>Sair \u00e0 direita para a Rodovia Jo\u00e3o Cereser;<\/li>\n\n\n\n<li>Entrar \u00e0 direita na Rua Louren\u00e7o Pincinato;<\/li>\n\n\n\n<li>Seguir pela Avenida Prefeito Jos\u00e9 de Castro Marcondes;<\/li>\n\n\n\n<li>Sair \u00e0 esquerda para a Rodovia Vereador Geraldo Dias;<\/li>\n\n\n\n<li>Seguir at\u00e9 a Avenida Ant\u00f4nio Frederico Ozanam;<\/li>\n\n\n\n<li>Acessar a Avenida 9 de Julho;<\/li>\n\n\n\n<li>Retornar \u00e0 Avenida Prefeito Luiz Latorre.<\/li>\n<\/ul>\n\n\n\n<h3 class=\"wp-block-heading\">Desvio 2 \u2013 para quem vem da regi\u00e3o da Anhanguera, Vila Guarani ou Rua do Retiro<\/h3>\n\n\n\n<p>Para os condutores que v\u00eam da Marginal da Rodovia Anhanguera, Vila Guarani ou Rua do Retiro, a orienta\u00e7\u00e3o \u00e9 seguir pela Rua do Retiro at\u00e9 a Rua Professora Escol\u00e1stica de Toledo Pontes, virar \u00e0 esquerda e continuar at\u00e9 a Avenida Prefeito Luiz Latorre.<\/p>\n\n\n\n<h3 class=\"wp-block-heading\">Aten\u00e7\u00e3o aos motoristas<\/h3>\n\n\n\n<p>A interdi\u00e7\u00e3o ser\u00e1 necess\u00e1ria para garantir a montagem da estrutura e a seguran\u00e7a dos participantes e do p\u00fablico durante o desfile. A previs\u00e3o \u00e9 de normaliza\u00e7\u00e3o do tr\u00e2nsito at\u00e9 as 13h, mas os motoristas devem considerar poss\u00edveis altera\u00e7\u00f5es moment\u00e2neas durante a desmontagem da estrutura e libera\u00e7\u00e3o da via.<\/p>\n\n\n\n<p>A orienta\u00e7\u00e3o \u00e9 programar o deslocamento com anteced\u00eancia, evitar a regi\u00e3o durante o per\u00edodo de interdi\u00e7\u00e3o sempre que poss\u00edvel e respeitar a sinaliza\u00e7\u00e3o e as orienta\u00e7\u00f5es dos agentes de tr\u00e2nsito.<\/p>\n\n\n\n<p><strong>Assessoria de Imprensa <br>Fotos: SMMT<\/strong><\/p>\n","protected":false},"excerpt":{"rendered":"<p>A Avenida Prefeito Luiz Latorre ser\u00e1 interditada na pr\u00f3xima segunda-feira (7), a partir das 7h30, para a organiza\u00e7\u00e3o e realiza\u00e7\u00e3o do desfile c\u00edvico de 7 de Setembro, que come\u00e7a \u00e0s 9h. A previs\u00e3o \u00e9 que a altera\u00e7\u00e3o no tr\u00e2nsito permane\u00e7a at\u00e9 as 13h. Durante o per\u00edodo, os motoristas que utilizam a regi\u00e3o dever\u00e3o ficar atentos [&hellip;]<\/p>\n","protected":false},"author":69,"featured_media":387261,"comment_status":"closed","ping_status":"closed","sticky":false,"template":"","format":"standard","meta":{"footnotes":""},"categories":[2],"tags":[5411,7025,5503,7026,5485,27],"ods":[],"class_list":["post-387292","post","type-post","status-publish","format-standard","has-post-thumbnail","hentry","category-noticias","tag-7-de-setembro","tag-desfile-7-de-setembro","tag-desfile-civico-de-7-de-setembro","tag-desvio-de-transito","tag-secretaria-de-mobilidade-e-transporte","tag-transito"],"_links":{"self":[{"href":"https:\/\/jundiai.sp.gov.br\/noticias\/wp-json\/wp\/v2\/posts\/387292","targetHints":{"allow":["GET"]}}],"collection":[{"href":"https:\/\/jundiai.sp.gov.br\/noticias\/wp-json\/wp\/v2\/posts"}],"about":[{"href":"https:\/\/jundiai.sp.gov.br\/noticias\/wp-json\/wp\/v2\/types\/post"}],"author":[{"embeddable":true,"href":"https:\/\/jundiai.sp.gov.br\/noticias\/wp-json\/wp\/v2\/users\/69"}],"replies":[{"embeddable":true,"href":"https:\/\/jundiai.sp.gov.br\/noticias\/wp-json\/wp\/v2\/comments?post=387292"}],"version-history":[{"count":1,"href":"https:\/\/jundiai.sp.gov.br\/noticias\/wp-json\/wp\/v2\/posts\/387292\/revisions"}],"predecessor-version":[{"id":387304,"href":"https:\/\/jundiai.sp.gov.br\/noticias\/wp-json\/wp\/v2\/posts\/387292\/revisions\/387304"}],"wp:featuredmedia":[{"embeddable":true,"href":"https:\/\/jundiai.sp.gov.br\/noticias\/wp-json\/wp\/v2\/media\/387261"}],"wp:attachment":[{"href":"https:\/\/jundiai.sp.gov.br\/noticias\/wp-json\/wp\/v2\/media?parent=387292"}],"wp:term":[{"taxonomy":"category","embeddable":true,"href":"https:\/\/jundiai.sp.gov.br\/noticias\/wp-json\/wp\/v2\/categories?post=387292"},{"taxonomy":"post_tag","embeddable":true,"href":"https:\/\/jundiai.sp.gov.br\/noticias\/wp-json\/wp\/v2\/tags?post=387292"},{"taxonomy":"ods","embeddable":true,"href":"https:\/\/jundiai.sp.gov.br\/noticias\/wp-json\/wp\/v2\/ods?post=387292"}],"curies":[{"name":"wp","href":"https:\/\/api.w.org\/{rel}","templated":true}]}}