{"id":387298,"date":"2026-09-04T08:23:00","date_gmt":"2026-09-04T11:23:00","guid":{"rendered":"https:\/\/jundiai.sp.gov.br\/noticias\/?p=387298"},"modified":"2026-09-03T16:13:29","modified_gmt":"2026-09-03T19:13:29","slug":"com-estrategia-de-descentralizacao-saude-em-dia-realiza-93-atendimentos-na-ubs-sao-camilo-e-planeja-expansao-para-outros-bairros","status":"publish","type":"post","link":"https:\/\/jundiai.sp.gov.br\/noticias\/2026\/09\/04\/com-estrategia-de-descentralizacao-saude-em-dia-realiza-93-atendimentos-na-ubs-sao-camilo-e-planeja-expansao-para-outros-bairros\/","title":{"rendered":"Com estrat\u00e9gia de descentraliza\u00e7\u00e3o, Sa\u00fade em Dia realiza 93 atendimentos na UBS S\u00e3o Camilo e planeja expans\u00e3o para outros bairros"},"content":{"rendered":"\n<p>Aline Gomes Coutinho sofre de problemas de coluna e, no \u00faltimo s\u00e1bado (29), foi atendida por um ortopedista na UBS S\u00e3o Camilo, durante uma a\u00e7\u00e3o descentralizada do programa Sa\u00fade em Dia. Para ela, realizar o atendimento no fim de semana e pr\u00f3ximo de casa fez diferen\u00e7a. \u201cComo eu trabalho a semana inteira, ter esse agendamento de s\u00e1bado facilitou muito. Eu tenho dores nas costas e sempre sou muito bem atendida na rede\u201d, disse.<\/p>\n\n\n\n<figure class=\"wp-block-image size-large\"><img loading=\"lazy\" decoding=\"async\" width=\"1280\" height=\"854\" src=\"https:\/\/jundiai.sp.gov.br\/noticias\/wp-content\/uploads\/sites\/32\/2026\/09\/saude_em_dia_jd_sao_camilo_rg-3-1280x854.jpg\" alt=\"\" class=\"wp-image-387301\" srcset=\"https:\/\/jundiai.sp.gov.br\/noticias\/wp-content\/uploads\/sites\/32\/2026\/09\/saude_em_dia_jd_sao_camilo_rg-3-1280x854.jpg 1280w, https:\/\/jundiai.sp.gov.br\/noticias\/wp-content\/uploads\/sites\/32\/2026\/09\/saude_em_dia_jd_sao_camilo_rg-3-300x200.jpg 300w, https:\/\/jundiai.sp.gov.br\/noticias\/wp-content\/uploads\/sites\/32\/2026\/09\/saude_em_dia_jd_sao_camilo_rg-3-768x512.jpg 768w, https:\/\/jundiai.sp.gov.br\/noticias\/wp-content\/uploads\/sites\/32\/2026\/09\/saude_em_dia_jd_sao_camilo_rg-3-1536x1024.jpg 1536w, https:\/\/jundiai.sp.gov.br\/noticias\/wp-content\/uploads\/sites\/32\/2026\/09\/saude_em_dia_jd_sao_camilo_rg-3-450x300.jpg 450w, https:\/\/jundiai.sp.gov.br\/noticias\/wp-content\/uploads\/sites\/32\/2026\/09\/saude_em_dia_jd_sao_camilo_rg-3.jpg 1900w\" sizes=\"auto, (max-width: 1280px) 100vw, 1280px\" \/><figcaption class=\"wp-element-caption\">Aline Gomes Coutinho foi atendida na a\u00e7\u00e3o descentralizada do Sa\u00fade em Dia<\/figcaption><\/figure>\n\n\n\n<p>A a\u00e7\u00e3o realizou 93 atendimentos e procedimentos, ampliando o acesso da popula\u00e7\u00e3o da regi\u00e3o a servi\u00e7os especializados. Foram 39 consultas de ortopedia, sete consultas de enfermagem, 36 ultrassonografias de articula\u00e7\u00e3o indicadas durante a avalia\u00e7\u00e3o m\u00e9dica e 11 procedimentos de inser\u00e7\u00e3o de Implanon (m\u00e9todo contraceptivo de longa dura\u00e7\u00e3o, dispon\u00edvel pelo SUS, que consiste em um pequeno dispositivo inserido sob a pele do bra\u00e7o).<\/p>\n\n\n\n<p>Paciente de longa data da UBS S\u00e3o Camilo, Thainara da Silva tamb\u00e9m aprovou a iniciativa. Al\u00e9m da consulta de ortopedia, ela passou pelo procedimento de inser\u00e7\u00e3o do Implanon. \u201cEu fa\u00e7o consultas peri\u00f3dicas para acompanhar meu estado de sa\u00fade e acho o servi\u00e7o aqui da UBS muito bom. Quando me ligaram para agendar para este s\u00e1bado, tamb\u00e9m gostei bastante.\u201d<\/p>\n\n\n\n<p>A atividade foi direcionada a pacientes que j\u00e1 aguardavam atendimento de ortopedia das UBSs S\u00e3o Camilo e Tarum\u00e3 e integra uma nova estrat\u00e9gia de descentraliza\u00e7\u00e3o do Sa\u00fade em Dia. Tradicionalmente realizado no N\u00facleo Integrado de Sa\u00fade (NIS), sempre no \u00faltimo s\u00e1bado de cada m\u00eas, o programa, iniciativa da Secretaria de Promo\u00e7\u00e3o da Sa\u00fade, passa a ampliar gradativamente as a\u00e7\u00f5es para outras regi\u00f5es do munic\u00edpio, levando os atendimentos para mais perto da casa dos usu\u00e1rios.<\/p>\n\n\n\n<figure class=\"wp-block-image size-large\"><img loading=\"lazy\" decoding=\"async\" width=\"1280\" height=\"854\" src=\"https:\/\/jundiai.sp.gov.br\/noticias\/wp-content\/uploads\/sites\/32\/2026\/09\/saude_em_dia_jd_sao_camilo_rg-2-1-1280x854.jpg\" alt=\"\" class=\"wp-image-387303\" srcset=\"https:\/\/jundiai.sp.gov.br\/noticias\/wp-content\/uploads\/sites\/32\/2026\/09\/saude_em_dia_jd_sao_camilo_rg-2-1-1280x854.jpg 1280w, https:\/\/jundiai.sp.gov.br\/noticias\/wp-content\/uploads\/sites\/32\/2026\/09\/saude_em_dia_jd_sao_camilo_rg-2-1-300x200.jpg 300w, https:\/\/jundiai.sp.gov.br\/noticias\/wp-content\/uploads\/sites\/32\/2026\/09\/saude_em_dia_jd_sao_camilo_rg-2-1-768x512.jpg 768w, https:\/\/jundiai.sp.gov.br\/noticias\/wp-content\/uploads\/sites\/32\/2026\/09\/saude_em_dia_jd_sao_camilo_rg-2-1-1536x1024.jpg 1536w, https:\/\/jundiai.sp.gov.br\/noticias\/wp-content\/uploads\/sites\/32\/2026\/09\/saude_em_dia_jd_sao_camilo_rg-2-1-450x300.jpg 450w, https:\/\/jundiai.sp.gov.br\/noticias\/wp-content\/uploads\/sites\/32\/2026\/09\/saude_em_dia_jd_sao_camilo_rg-2-1.jpg 1900w\" sizes=\"auto, (max-width: 1280px) 100vw, 1280px\" \/><figcaption class=\"wp-element-caption\">Ap\u00f3s a\u00e7\u00e3o na UBS S\u00e3o Camilo, proposta \u00e9 ampliar para outras regi\u00f5es do munic\u00edpio para aproximar atendimento dos usu\u00e1rios<\/figcaption><\/figure>\n\n\n\n<p>A proposta \u00e9 facilitar o acesso, especialmente para quem tem dificuldade de comparecer aos servi\u00e7os durante a semana. A realiza\u00e7\u00e3o dos atendimentos aos s\u00e1bados e em unidades pr\u00f3ximas \u00e0 resid\u00eancia dos pacientes tamb\u00e9m contribui para reduzir o absente\u00edsmo, aumentar o aproveitamento das vagas e dar mais celeridade ao atendimento das demandas represadas na rede municipal.<\/p>\n\n\n\n<p><strong>Assessoria de Imprensa<br>Fotos: Fot\u00f3grafo PMJ<\/strong><\/p>\n","protected":false},"excerpt":{"rendered":"<p>Aline Gomes Coutinho sofre de problemas de coluna e, no \u00faltimo s\u00e1bado (29), foi atendida por um ortopedista na UBS S\u00e3o Camilo, durante uma a\u00e7\u00e3o descentralizada do programa Sa\u00fade em Dia. Para ela, realizar o atendimento no fim de semana e pr\u00f3ximo de casa fez diferen\u00e7a. \u201cComo eu trabalho a semana inteira, ter esse agendamento [&hellip;]<\/p>\n","protected":false},"author":133,"featured_media":387300,"comment_status":"closed","ping_status":"0","sticky":false,"template":"","format":"standard","meta":{"footnotes":""},"categories":[4620,2],"tags":[7008,981,950],"ods":[],"class_list":["post-387298","post","type-post","status-publish","format-standard","has-post-thumbnail","hentry","category-destaques","category-noticias","tag-ortopedia","tag-promocao-da-saude","tag-saude-em-dia"],"_links":{"self":[{"href":"https:\/\/jundiai.sp.gov.br\/noticias\/wp-json\/wp\/v2\/posts\/387298","targetHints":{"allow":["GET"]}}],"collection":[{"href":"https:\/\/jundiai.sp.gov.br\/noticias\/wp-json\/wp\/v2\/posts"}],"about":[{"href":"https:\/\/jundiai.sp.gov.br\/noticias\/wp-json\/wp\/v2\/types\/post"}],"author":[{"embeddable":true,"href":"https:\/\/jundiai.sp.gov.br\/noticias\/wp-json\/wp\/v2\/users\/133"}],"replies":[{"embeddable":true,"href":"https:\/\/jundiai.sp.gov.br\/noticias\/wp-json\/wp\/v2\/comments?post=387298"}],"version-history":[{"count":1,"href":"https:\/\/jundiai.sp.gov.br\/noticias\/wp-json\/wp\/v2\/posts\/387298\/revisions"}],"predecessor-version":[{"id":387306,"href":"https:\/\/jundiai.sp.gov.br\/noticias\/wp-json\/wp\/v2\/posts\/387298\/revisions\/387306"}],"wp:featuredmedia":[{"embeddable":true,"href":"https:\/\/jundiai.sp.gov.br\/noticias\/wp-json\/wp\/v2\/media\/387300"}],"wp:attachment":[{"href":"https:\/\/jundiai.sp.gov.br\/noticias\/wp-json\/wp\/v2\/media?parent=387298"}],"wp:term":[{"taxonomy":"category","embeddable":true,"href":"https:\/\/jundiai.sp.gov.br\/noticias\/wp-json\/wp\/v2\/categories?post=387298"},{"taxonomy":"post_tag","embeddable":true,"href":"https:\/\/jundiai.sp.gov.br\/noticias\/wp-json\/wp\/v2\/tags?post=387298"},{"taxonomy":"ods","embeddable":true,"href":"https:\/\/jundiai.sp.gov.br\/noticias\/wp-json\/wp\/v2\/ods?post=387298"}],"curies":[{"name":"wp","href":"https:\/\/api.w.org\/{rel}","templated":true}]}}