{"id":387305,"date":"2026-09-06T07:57:00","date_gmt":"2026-09-06T10:57:00","guid":{"rendered":"https:\/\/jundiai.sp.gov.br\/noticias\/?p=387305"},"modified":"2026-09-04T14:50:12","modified_gmt":"2026-09-04T17:50:12","slug":"regiao-oeste-recebe-investimentos-em-moradia-mobilidade-seguranca-infraestrutura-e-servicos-publicos","status":"publish","type":"post","link":"https:\/\/jundiai.sp.gov.br\/noticias\/2026\/09\/06\/regiao-oeste-recebe-investimentos-em-moradia-mobilidade-seguranca-infraestrutura-e-servicos-publicos\/","title":{"rendered":"Regi\u00e3o Oeste recebe investimentos em moradia, mobilidade, seguran\u00e7a, infraestrutura e servi\u00e7os p\u00fablicos"},"content":{"rendered":"\n<p>A regi\u00e3o Oeste de Jundia\u00ed vive um per\u00edodo de transforma\u00e7\u00e3o com investimentos em diferentes \u00e1reas que impactam diretamente o dia a dia dos moradores. As a\u00e7\u00f5es incluem entrega de moradias e regulariza\u00e7\u00e3o de im\u00f3veis, seguran\u00e7a, transporte p\u00fablico, revitaliza\u00e7\u00e3o de espa\u00e7os de lazer, ilumina\u00e7\u00e3o, saneamento e amplia\u00e7\u00e3o dos servi\u00e7os sociais.<\/p>\n\n\n\n<p>\u201cEstamos construindo uma cidade que olha para cada regi\u00e3o de forma integrada, levando investimentos, servi\u00e7os e oportunidades para perto das pessoas. A regi\u00e3o Oeste tem um papel importante no crescimento de Jundia\u00ed e merece uma atua\u00e7\u00e3o planejada, com melhorias que tragam resultados concretos para a popula\u00e7\u00e3o\u201d, enfatizou o prefeito Gustavo Martinelli.<\/p>\n\n\n\n<figure class=\"wp-block-gallery has-nested-images columns-default is-cropped wp-block-gallery-1 is-layout-flex wp-block-gallery-is-layout-flex\">\n<figure class=\"wp-block-image size-large\"><img loading=\"lazy\" decoding=\"async\" width=\"1280\" height=\"854\" data-id=\"385166\" src=\"https:\/\/jundiai.sp.gov.br\/noticias\/wp-content\/uploads\/sites\/32\/2026\/08\/visita_residencial_dos_cravos_acompanhamento-14-1280x854.jpg\" alt=\"\" class=\"wp-image-385166\" srcset=\"https:\/\/jundiai.sp.gov.br\/noticias\/wp-content\/uploads\/sites\/32\/2026\/08\/visita_residencial_dos_cravos_acompanhamento-14-1280x854.jpg 1280w, https:\/\/jundiai.sp.gov.br\/noticias\/wp-content\/uploads\/sites\/32\/2026\/08\/visita_residencial_dos_cravos_acompanhamento-14-300x200.jpg 300w, https:\/\/jundiai.sp.gov.br\/noticias\/wp-content\/uploads\/sites\/32\/2026\/08\/visita_residencial_dos_cravos_acompanhamento-14-768x512.jpg 768w, https:\/\/jundiai.sp.gov.br\/noticias\/wp-content\/uploads\/sites\/32\/2026\/08\/visita_residencial_dos_cravos_acompanhamento-14-1536x1024.jpg 1536w, https:\/\/jundiai.sp.gov.br\/noticias\/wp-content\/uploads\/sites\/32\/2026\/08\/visita_residencial_dos_cravos_acompanhamento-14-450x300.jpg 450w, https:\/\/jundiai.sp.gov.br\/noticias\/wp-content\/uploads\/sites\/32\/2026\/08\/visita_residencial_dos_cravos_acompanhamento-14.jpg 1900w\" sizes=\"auto, (max-width: 1280px) 100vw, 1280px\" \/><figcaption class=\"wp-element-caption\">Habita\u00e7\u00e3o \u00e9 uma das prioridades <\/figcaption><\/figure>\n\n\n\n<figure class=\"wp-block-image size-large\"><img loading=\"lazy\" decoding=\"async\" width=\"1280\" height=\"854\" data-id=\"374184\" src=\"https:\/\/jundiai.sp.gov.br\/noticias\/wp-content\/uploads\/sites\/32\/2026\/02\/residencial_cravos_habitacao-10-1280x854.jpg\" alt=\"\" class=\"wp-image-374184\" srcset=\"https:\/\/jundiai.sp.gov.br\/noticias\/wp-content\/uploads\/sites\/32\/2026\/02\/residencial_cravos_habitacao-10-1280x854.jpg 1280w, https:\/\/jundiai.sp.gov.br\/noticias\/wp-content\/uploads\/sites\/32\/2026\/02\/residencial_cravos_habitacao-10-300x200.jpg 300w, https:\/\/jundiai.sp.gov.br\/noticias\/wp-content\/uploads\/sites\/32\/2026\/02\/residencial_cravos_habitacao-10-768x512.jpg 768w, https:\/\/jundiai.sp.gov.br\/noticias\/wp-content\/uploads\/sites\/32\/2026\/02\/residencial_cravos_habitacao-10-1536x1024.jpg 1536w, https:\/\/jundiai.sp.gov.br\/noticias\/wp-content\/uploads\/sites\/32\/2026\/02\/residencial_cravos_habitacao-10-450x300.jpg 450w, https:\/\/jundiai.sp.gov.br\/noticias\/wp-content\/uploads\/sites\/32\/2026\/02\/residencial_cravos_habitacao-10.jpg 1900w\" sizes=\"auto, (max-width: 1280px) 100vw, 1280px\" \/><figcaption class=\"wp-element-caption\">Regi\u00e3o Oeste recebe investimentos que transformam o cotidiano dos moradores<\/figcaption><\/figure>\n<\/figure>\n\n\n\n<p><strong>Moradia e regulariza\u00e7\u00e3o<\/strong><br>Na regi\u00e3o do Fazenda Grande, 132 fam\u00edlias foram beneficiadas com moradias nos Residenciais Cravos III e IV, constru\u00eddos em parceria com o Governo Federal e a Companhia de Desenvolvimento Habitacional e Urbano (CDHU), do Governo do Estado, pelo programa Casa Paulista.<\/p>\n\n\n\n<p>A pol\u00edtica habitacional tamb\u00e9m tem avan\u00e7ado na regulariza\u00e7\u00e3o dos im\u00f3veis. No Jardim Novo Horizonte, fam\u00edlias receberam as matr\u00edculas de suas casas, garantindo a documenta\u00e7\u00e3o definitiva das propriedades e encerrando anos de espera. <\/p>\n\n\n\n<p>Outra frente de atua\u00e7\u00e3o contempla melhorias nas moradias de fam\u00edlias que j\u00e1 possuem seus im\u00f3veis. Jundia\u00ed foi inclu\u00edda no programa federal Periferia Viva \u2013 Reformas, que prev\u00ea interven\u00e7\u00f5es em 200 moradias: 140 no Jardim S\u00e3o Camilo e 60 no Jardim Novo Horizonte. <\/p>\n\n\n\n<figure class=\"wp-block-gallery has-nested-images columns-default is-cropped wp-block-gallery-2 is-layout-flex wp-block-gallery-is-layout-flex\">\n<figure class=\"wp-block-image size-large\"><img loading=\"lazy\" decoding=\"async\" width=\"1280\" height=\"854\" data-id=\"387311\" src=\"https:\/\/jundiai.sp.gov.br\/noticias\/wp-content\/uploads\/sites\/32\/2026\/09\/especial-acoes-vetor-oeste-entrega-maticulas-1280x854.jpg\" alt=\"\" class=\"wp-image-387311\" srcset=\"https:\/\/jundiai.sp.gov.br\/noticias\/wp-content\/uploads\/sites\/32\/2026\/09\/especial-acoes-vetor-oeste-entrega-maticulas-1280x854.jpg 1280w, https:\/\/jundiai.sp.gov.br\/noticias\/wp-content\/uploads\/sites\/32\/2026\/09\/especial-acoes-vetor-oeste-entrega-maticulas-300x200.jpg 300w, https:\/\/jundiai.sp.gov.br\/noticias\/wp-content\/uploads\/sites\/32\/2026\/09\/especial-acoes-vetor-oeste-entrega-maticulas-768x512.jpg 768w, https:\/\/jundiai.sp.gov.br\/noticias\/wp-content\/uploads\/sites\/32\/2026\/09\/especial-acoes-vetor-oeste-entrega-maticulas-1536x1024.jpg 1536w, https:\/\/jundiai.sp.gov.br\/noticias\/wp-content\/uploads\/sites\/32\/2026\/09\/especial-acoes-vetor-oeste-entrega-maticulas-450x300.jpg 450w, https:\/\/jundiai.sp.gov.br\/noticias\/wp-content\/uploads\/sites\/32\/2026\/09\/especial-acoes-vetor-oeste-entrega-maticulas.jpg 1900w\" sizes=\"auto, (max-width: 1280px) 100vw, 1280px\" \/><figcaption class=\"wp-element-caption\">Entrega de Matr\u00edculas<\/figcaption><\/figure>\n\n\n\n<figure class=\"wp-block-image size-large\"><img loading=\"lazy\" decoding=\"async\" width=\"1280\" height=\"854\" data-id=\"385168\" src=\"https:\/\/jundiai.sp.gov.br\/noticias\/wp-content\/uploads\/sites\/32\/2026\/08\/visita_residencial_dos_cravos_acompanhamento-11-1-1280x854.jpg\" alt=\"\" class=\"wp-image-385168\" srcset=\"https:\/\/jundiai.sp.gov.br\/noticias\/wp-content\/uploads\/sites\/32\/2026\/08\/visita_residencial_dos_cravos_acompanhamento-11-1-1280x854.jpg 1280w, https:\/\/jundiai.sp.gov.br\/noticias\/wp-content\/uploads\/sites\/32\/2026\/08\/visita_residencial_dos_cravos_acompanhamento-11-1-300x200.jpg 300w, https:\/\/jundiai.sp.gov.br\/noticias\/wp-content\/uploads\/sites\/32\/2026\/08\/visita_residencial_dos_cravos_acompanhamento-11-1-768x512.jpg 768w, https:\/\/jundiai.sp.gov.br\/noticias\/wp-content\/uploads\/sites\/32\/2026\/08\/visita_residencial_dos_cravos_acompanhamento-11-1-1536x1024.jpg 1536w, https:\/\/jundiai.sp.gov.br\/noticias\/wp-content\/uploads\/sites\/32\/2026\/08\/visita_residencial_dos_cravos_acompanhamento-11-1-450x300.jpg 450w, https:\/\/jundiai.sp.gov.br\/noticias\/wp-content\/uploads\/sites\/32\/2026\/08\/visita_residencial_dos_cravos_acompanhamento-11-1.jpg 1900w\" sizes=\"auto, (max-width: 1280px) 100vw, 1280px\" \/><figcaption class=\"wp-element-caption\">Residencial Cravos<\/figcaption><\/figure>\n<figcaption class=\"blocks-gallery-caption wp-element-caption\">O sonho da casa pr\u00f3pria se tornando realidade em Jundia\u00ed<\/figcaption><\/figure>\n\n\n\n<p><strong>Mais seguran\u00e7a e a\u00e7\u00e3o integrada<\/strong><br>A regi\u00e3o Oeste tamb\u00e9m ganhou refor\u00e7o na Seguran\u00e7a P\u00fablica com uma torre inteligente do Projeto Sentinela. O equipamento possui c\u00e2mera de alta tecnologia, reconhecimento facial e bot\u00e3o de emerg\u00eancia conectado \u00e0 Central de Videomonitoramento da Guarda Municipal. No Jardim Novo Horizonte, o N\u00facleo de Ordem Urbana (NOU) tem realizado uma opera\u00e7\u00e3o integrada entre v\u00e1rias secretarias. A a\u00e7\u00e3o envolve fiscaliza\u00e7\u00e3o, seguran\u00e7a, limpeza urbana, ocupa\u00e7\u00f5es irregulares de \u00e1reas p\u00fablicas, com\u00e9rcio irregular, tr\u00e1fico de drogas e abordagem social.<\/p>\n\n\n\n<figure class=\"wp-block-gallery has-nested-images columns-default is-cropped wp-block-gallery-3 is-layout-flex wp-block-gallery-is-layout-flex\">\n<figure class=\"wp-block-image size-large\"><img loading=\"lazy\" decoding=\"async\" width=\"1280\" height=\"854\" data-id=\"387312\" src=\"https:\/\/jundiai.sp.gov.br\/noticias\/wp-content\/uploads\/sites\/32\/2026\/09\/especial-acoes-vetor-oeste-torre-novo-horizonte-1280x854.jpg\" alt=\"\" class=\"wp-image-387312\" srcset=\"https:\/\/jundiai.sp.gov.br\/noticias\/wp-content\/uploads\/sites\/32\/2026\/09\/especial-acoes-vetor-oeste-torre-novo-horizonte-1280x854.jpg 1280w, https:\/\/jundiai.sp.gov.br\/noticias\/wp-content\/uploads\/sites\/32\/2026\/09\/especial-acoes-vetor-oeste-torre-novo-horizonte-300x200.jpg 300w, https:\/\/jundiai.sp.gov.br\/noticias\/wp-content\/uploads\/sites\/32\/2026\/09\/especial-acoes-vetor-oeste-torre-novo-horizonte-768x512.jpg 768w, https:\/\/jundiai.sp.gov.br\/noticias\/wp-content\/uploads\/sites\/32\/2026\/09\/especial-acoes-vetor-oeste-torre-novo-horizonte-1536x1024.jpg 1536w, https:\/\/jundiai.sp.gov.br\/noticias\/wp-content\/uploads\/sites\/32\/2026\/09\/especial-acoes-vetor-oeste-torre-novo-horizonte-450x300.jpg 450w, https:\/\/jundiai.sp.gov.br\/noticias\/wp-content\/uploads\/sites\/32\/2026\/09\/especial-acoes-vetor-oeste-torre-novo-horizonte.jpg 1900w\" sizes=\"auto, (max-width: 1280px) 100vw, 1280px\" \/><\/figure>\n\n\n\n<figure class=\"wp-block-image size-large\"><img loading=\"lazy\" decoding=\"async\" width=\"1280\" height=\"960\" data-id=\"387313\" src=\"https:\/\/jundiai.sp.gov.br\/noticias\/wp-content\/uploads\/sites\/32\/2026\/09\/especial-acoes-vetor-oeste-torre-sentinela-1-1280x960.jpg\" alt=\"\" class=\"wp-image-387313\" srcset=\"https:\/\/jundiai.sp.gov.br\/noticias\/wp-content\/uploads\/sites\/32\/2026\/09\/especial-acoes-vetor-oeste-torre-sentinela-1-1280x960.jpg 1280w, https:\/\/jundiai.sp.gov.br\/noticias\/wp-content\/uploads\/sites\/32\/2026\/09\/especial-acoes-vetor-oeste-torre-sentinela-1-300x225.jpg 300w, https:\/\/jundiai.sp.gov.br\/noticias\/wp-content\/uploads\/sites\/32\/2026\/09\/especial-acoes-vetor-oeste-torre-sentinela-1-768x576.jpg 768w, https:\/\/jundiai.sp.gov.br\/noticias\/wp-content\/uploads\/sites\/32\/2026\/09\/especial-acoes-vetor-oeste-torre-sentinela-1-1536x1152.jpg 1536w, https:\/\/jundiai.sp.gov.br\/noticias\/wp-content\/uploads\/sites\/32\/2026\/09\/especial-acoes-vetor-oeste-torre-sentinela-1.jpg 1900w\" sizes=\"auto, (max-width: 1280px) 100vw, 1280px\" \/><\/figure>\n<figcaption class=\"blocks-gallery-caption wp-element-caption\">Regi\u00e3o ganhou torre de seguran\u00e7a <\/figcaption><\/figure>\n\n\n\n<p><strong>Transporte P\u00fablico: Regi\u00e3o vai ganhar um novo Terminal<\/strong><br>Uma das principais novidades para a regi\u00e3o \u00e9 a abertura do processo licitat\u00f3rio para a constru\u00e7\u00e3o do Terminal Novo Horizonte. O projeto ser\u00e1 financiado pelo Programa de Acelera\u00e7\u00e3o do Crescimento (PAC), que tamb\u00e9m prev\u00ea a reforma dos sete terminais j\u00e1 existentes na cidade e a aquisi\u00e7\u00e3o de novos abrigos de \u00f4nibus. A mobilidade tamb\u00e9m foi beneficiada pela renova\u00e7\u00e3o da frota, com 70 novos \u00f4nibus em circula\u00e7\u00e3o.<\/p>\n\n\n\n<figure class=\"wp-block-gallery has-nested-images columns-default is-cropped wp-block-gallery-4 is-layout-flex wp-block-gallery-is-layout-flex\">\n<figure class=\"wp-block-image size-large\"><img loading=\"lazy\" decoding=\"async\" width=\"1280\" height=\"854\" data-id=\"387316\" src=\"https:\/\/jundiai.sp.gov.br\/noticias\/wp-content\/uploads\/sites\/32\/2026\/09\/especial-vetor-oeste-terminal-novo-horizonte-2-1280x854.jpg\" alt=\"\" class=\"wp-image-387316\" srcset=\"https:\/\/jundiai.sp.gov.br\/noticias\/wp-content\/uploads\/sites\/32\/2026\/09\/especial-vetor-oeste-terminal-novo-horizonte-2-1280x854.jpg 1280w, https:\/\/jundiai.sp.gov.br\/noticias\/wp-content\/uploads\/sites\/32\/2026\/09\/especial-vetor-oeste-terminal-novo-horizonte-2-300x200.jpg 300w, https:\/\/jundiai.sp.gov.br\/noticias\/wp-content\/uploads\/sites\/32\/2026\/09\/especial-vetor-oeste-terminal-novo-horizonte-2-768x512.jpg 768w, https:\/\/jundiai.sp.gov.br\/noticias\/wp-content\/uploads\/sites\/32\/2026\/09\/especial-vetor-oeste-terminal-novo-horizonte-2-1536x1024.jpg 1536w, https:\/\/jundiai.sp.gov.br\/noticias\/wp-content\/uploads\/sites\/32\/2026\/09\/especial-vetor-oeste-terminal-novo-horizonte-2-450x300.jpg 450w, https:\/\/jundiai.sp.gov.br\/noticias\/wp-content\/uploads\/sites\/32\/2026\/09\/especial-vetor-oeste-terminal-novo-horizonte-2.jpg 1900w\" sizes=\"auto, (max-width: 1280px) 100vw, 1280px\" \/><\/figure>\n\n\n\n<figure class=\"wp-block-image size-large\"><img loading=\"lazy\" decoding=\"async\" width=\"1280\" height=\"854\" data-id=\"387317\" src=\"https:\/\/jundiai.sp.gov.br\/noticias\/wp-content\/uploads\/sites\/32\/2026\/09\/especial-acoes-vetor-oeste-novos-onibus-2-1280x854.jpg\" alt=\"\" class=\"wp-image-387317\" srcset=\"https:\/\/jundiai.sp.gov.br\/noticias\/wp-content\/uploads\/sites\/32\/2026\/09\/especial-acoes-vetor-oeste-novos-onibus-2-1280x854.jpg 1280w, https:\/\/jundiai.sp.gov.br\/noticias\/wp-content\/uploads\/sites\/32\/2026\/09\/especial-acoes-vetor-oeste-novos-onibus-2-300x200.jpg 300w, https:\/\/jundiai.sp.gov.br\/noticias\/wp-content\/uploads\/sites\/32\/2026\/09\/especial-acoes-vetor-oeste-novos-onibus-2-768x512.jpg 768w, https:\/\/jundiai.sp.gov.br\/noticias\/wp-content\/uploads\/sites\/32\/2026\/09\/especial-acoes-vetor-oeste-novos-onibus-2-1536x1024.jpg 1536w, https:\/\/jundiai.sp.gov.br\/noticias\/wp-content\/uploads\/sites\/32\/2026\/09\/especial-acoes-vetor-oeste-novos-onibus-2-450x300.jpg 450w, https:\/\/jundiai.sp.gov.br\/noticias\/wp-content\/uploads\/sites\/32\/2026\/09\/especial-acoes-vetor-oeste-novos-onibus-2.jpg 1900w\" sizes=\"auto, (max-width: 1280px) 100vw, 1280px\" \/><\/figure>\n\n\n\n<figure class=\"wp-block-image size-large\"><img loading=\"lazy\" decoding=\"async\" width=\"1280\" height=\"854\" data-id=\"387318\" src=\"https:\/\/jundiai.sp.gov.br\/noticias\/wp-content\/uploads\/sites\/32\/2026\/09\/especial-acoes-vetor-oeste-novos-onibus-1280x854.jpg\" alt=\"\" class=\"wp-image-387318\" srcset=\"https:\/\/jundiai.sp.gov.br\/noticias\/wp-content\/uploads\/sites\/32\/2026\/09\/especial-acoes-vetor-oeste-novos-onibus-1280x854.jpg 1280w, https:\/\/jundiai.sp.gov.br\/noticias\/wp-content\/uploads\/sites\/32\/2026\/09\/especial-acoes-vetor-oeste-novos-onibus-300x200.jpg 300w, https:\/\/jundiai.sp.gov.br\/noticias\/wp-content\/uploads\/sites\/32\/2026\/09\/especial-acoes-vetor-oeste-novos-onibus-768x512.jpg 768w, https:\/\/jundiai.sp.gov.br\/noticias\/wp-content\/uploads\/sites\/32\/2026\/09\/especial-acoes-vetor-oeste-novos-onibus-1536x1024.jpg 1536w, https:\/\/jundiai.sp.gov.br\/noticias\/wp-content\/uploads\/sites\/32\/2026\/09\/especial-acoes-vetor-oeste-novos-onibus-450x300.jpg 450w, https:\/\/jundiai.sp.gov.br\/noticias\/wp-content\/uploads\/sites\/32\/2026\/09\/especial-acoes-vetor-oeste-novos-onibus.jpg 1900w\" sizes=\"auto, (max-width: 1280px) 100vw, 1280px\" \/><\/figure>\n<figcaption class=\"blocks-gallery-caption wp-element-caption\">Melhorias em mobilidade e mais qualidade de vida para a popula\u00e7\u00e3o<\/figcaption><\/figure>\n\n\n\n<p><strong>Melhorias na Infraestrutura<\/strong> <br>No Jardim Tulipas, a Prefeitura deu in\u00edcio a revitaliza\u00e7\u00e3o do Parque Bot\u00e2nico Professor Aziz Ab\u2019Saber. Entre as melhorias est\u00e3o a recupera\u00e7\u00e3o da portaria, pista de caminhada, cal\u00e7adas, playground, academia ao ar livre, quadras, pontes e \u00e1reas de conviv\u00eancia. O parque tamb\u00e9m est\u00e1 recebendo novos banheiros, quiosques, bancos, lixeiras e pontos de hidrata\u00e7\u00e3o. Os lagos passam por interven\u00e7\u00f5es.<\/p>\n\n\n\n<p>Uma das principais avenidas da regi\u00e3o Oeste, a Jos\u00e9 Benassi, no Distrito Industrial recebeu 184 novas lumin\u00e1rias de LED e bra\u00e7os. As antigas l\u00e2mpadas a vapor foram substitu\u00eddas pela nova tecnologia ao longo dos 3,2 quil\u00f4metros da avenida. O investimento foi de R$ 300 mil.<\/p>\n\n\n\n<p>No Parque Roberto Oda, no Fazenda Grande, 22 lumin\u00e1rias tamb\u00e9m foram substitu\u00eddas por equipamentos de LED.<\/p>\n\n\n\n<figure class=\"wp-block-gallery has-nested-images columns-default is-cropped wp-block-gallery-5 is-layout-flex wp-block-gallery-is-layout-flex\">\n<figure class=\"wp-block-image size-large\"><img loading=\"lazy\" decoding=\"async\" width=\"1280\" height=\"854\" data-id=\"387320\" src=\"https:\/\/jundiai.sp.gov.br\/noticias\/wp-content\/uploads\/sites\/32\/2026\/09\/especial-acoes-vetor-oeste-jose-benassi-1280x854.jpg\" alt=\"\" class=\"wp-image-387320\" srcset=\"https:\/\/jundiai.sp.gov.br\/noticias\/wp-content\/uploads\/sites\/32\/2026\/09\/especial-acoes-vetor-oeste-jose-benassi-1280x854.jpg 1280w, https:\/\/jundiai.sp.gov.br\/noticias\/wp-content\/uploads\/sites\/32\/2026\/09\/especial-acoes-vetor-oeste-jose-benassi-300x200.jpg 300w, https:\/\/jundiai.sp.gov.br\/noticias\/wp-content\/uploads\/sites\/32\/2026\/09\/especial-acoes-vetor-oeste-jose-benassi-768x512.jpg 768w, https:\/\/jundiai.sp.gov.br\/noticias\/wp-content\/uploads\/sites\/32\/2026\/09\/especial-acoes-vetor-oeste-jose-benassi-1536x1024.jpg 1536w, https:\/\/jundiai.sp.gov.br\/noticias\/wp-content\/uploads\/sites\/32\/2026\/09\/especial-acoes-vetor-oeste-jose-benassi-450x300.jpg 450w, https:\/\/jundiai.sp.gov.br\/noticias\/wp-content\/uploads\/sites\/32\/2026\/09\/especial-acoes-vetor-oeste-jose-benassi.jpg 1900w\" sizes=\"auto, (max-width: 1280px) 100vw, 1280px\" \/><\/figure>\n\n\n\n<figure class=\"wp-block-image size-large\"><img loading=\"lazy\" decoding=\"async\" width=\"1280\" height=\"854\" data-id=\"387321\" src=\"https:\/\/jundiai.sp.gov.br\/noticias\/wp-content\/uploads\/sites\/32\/2026\/09\/especial-acoes-vetor-oeste-led-avenida-jose-benassi-1280x854.jpg\" alt=\"\" class=\"wp-image-387321\" srcset=\"https:\/\/jundiai.sp.gov.br\/noticias\/wp-content\/uploads\/sites\/32\/2026\/09\/especial-acoes-vetor-oeste-led-avenida-jose-benassi-1280x854.jpg 1280w, https:\/\/jundiai.sp.gov.br\/noticias\/wp-content\/uploads\/sites\/32\/2026\/09\/especial-acoes-vetor-oeste-led-avenida-jose-benassi-300x200.jpg 300w, https:\/\/jundiai.sp.gov.br\/noticias\/wp-content\/uploads\/sites\/32\/2026\/09\/especial-acoes-vetor-oeste-led-avenida-jose-benassi-768x512.jpg 768w, https:\/\/jundiai.sp.gov.br\/noticias\/wp-content\/uploads\/sites\/32\/2026\/09\/especial-acoes-vetor-oeste-led-avenida-jose-benassi-1536x1024.jpg 1536w, https:\/\/jundiai.sp.gov.br\/noticias\/wp-content\/uploads\/sites\/32\/2026\/09\/especial-acoes-vetor-oeste-led-avenida-jose-benassi-450x300.jpg 450w, https:\/\/jundiai.sp.gov.br\/noticias\/wp-content\/uploads\/sites\/32\/2026\/09\/especial-acoes-vetor-oeste-led-avenida-jose-benassi.jpg 1900w\" sizes=\"auto, (max-width: 1280px) 100vw, 1280px\" \/><\/figure>\n\n\n\n<figure class=\"wp-block-image size-large\"><img loading=\"lazy\" decoding=\"async\" width=\"1280\" height=\"853\" data-id=\"387338\" src=\"https:\/\/jundiai.sp.gov.br\/noticias\/wp-content\/uploads\/sites\/32\/2026\/09\/especial-acoes-vetor-oeste-led-roberto-oda-1.jpg\" alt=\"\" class=\"wp-image-387338\" srcset=\"https:\/\/jundiai.sp.gov.br\/noticias\/wp-content\/uploads\/sites\/32\/2026\/09\/especial-acoes-vetor-oeste-led-roberto-oda-1.jpg 1280w, https:\/\/jundiai.sp.gov.br\/noticias\/wp-content\/uploads\/sites\/32\/2026\/09\/especial-acoes-vetor-oeste-led-roberto-oda-1-300x200.jpg 300w, https:\/\/jundiai.sp.gov.br\/noticias\/wp-content\/uploads\/sites\/32\/2026\/09\/especial-acoes-vetor-oeste-led-roberto-oda-1-768x512.jpg 768w, https:\/\/jundiai.sp.gov.br\/noticias\/wp-content\/uploads\/sites\/32\/2026\/09\/especial-acoes-vetor-oeste-led-roberto-oda-1-450x300.jpg 450w\" sizes=\"auto, (max-width: 1280px) 100vw, 1280px\" \/><\/figure>\n\n\n\n<figure class=\"wp-block-image size-large\"><img loading=\"lazy\" decoding=\"async\" width=\"1280\" height=\"854\" data-id=\"387336\" src=\"https:\/\/jundiai.sp.gov.br\/noticias\/wp-content\/uploads\/sites\/32\/2026\/09\/especial-acoes-vetor-oeste-bortanico-tulipas-2-1280x854.jpg\" alt=\"\" class=\"wp-image-387336\" srcset=\"https:\/\/jundiai.sp.gov.br\/noticias\/wp-content\/uploads\/sites\/32\/2026\/09\/especial-acoes-vetor-oeste-bortanico-tulipas-2-1280x854.jpg 1280w, https:\/\/jundiai.sp.gov.br\/noticias\/wp-content\/uploads\/sites\/32\/2026\/09\/especial-acoes-vetor-oeste-bortanico-tulipas-2-300x200.jpg 300w, https:\/\/jundiai.sp.gov.br\/noticias\/wp-content\/uploads\/sites\/32\/2026\/09\/especial-acoes-vetor-oeste-bortanico-tulipas-2-768x512.jpg 768w, https:\/\/jundiai.sp.gov.br\/noticias\/wp-content\/uploads\/sites\/32\/2026\/09\/especial-acoes-vetor-oeste-bortanico-tulipas-2-1536x1024.jpg 1536w, https:\/\/jundiai.sp.gov.br\/noticias\/wp-content\/uploads\/sites\/32\/2026\/09\/especial-acoes-vetor-oeste-bortanico-tulipas-2-450x300.jpg 450w, https:\/\/jundiai.sp.gov.br\/noticias\/wp-content\/uploads\/sites\/32\/2026\/09\/especial-acoes-vetor-oeste-bortanico-tulipas-2.jpg 1900w\" sizes=\"auto, (max-width: 1280px) 100vw, 1280px\" \/><\/figure>\n<figcaption class=\"blocks-gallery-caption wp-element-caption\">Parque Roberto Oda e Avenida Jos\u00e9 Benassi recebem ilumina\u00e7\u00e3o de tecnologia LED. Parque Bot\u00e2nico Tulipas entra na fase final de revitaliza\u00e7\u00e3o<\/figcaption><\/figure>\n\n\n\n<p><strong>Cuidado social<\/strong><br>O projeto Colo de M\u00e3e, realizado pelo FUNSS (Fundo Social de Solidariedade), entregou kits maternidade para gestantes que fazem o acompanhamento na Cl\u00ednica da Fam\u00edlia 2, no bairro Almerinda Chaves. O Kit \u00e9 composto por itens essenciais para os primeiros dias do beb\u00ea.<\/p>\n\n\n\n<p>No Jardim Novo Horizonte a Secretaria de Assist\u00eancia e Desenvolvimento Social (SMADS), inaugurou o Centro de Refer\u00eancia Especializado de Assist\u00eancia Social (CREAS 2). Especializado no atendimento a fam\u00edlias e pessoas em situa\u00e7\u00e3o de vulnerabilidade social ou viola\u00e7\u00e3o de direitos.<\/p>\n\n\n\n<p>No Parque do Cerrado, no Residencial Jundia\u00ed, a Prefeitura atrav\u00e9s do FUNSS e Secretaria de Infraestrutura e Servi\u00e7os P\u00fablicos (SMISP), entregou o Jardim Sensorial, um espa\u00e7o planejado para acolher e oferecer est\u00edmulos \u00e0s fam\u00edlias at\u00edpicas de Jundia\u00ed.<\/p>\n\n\n\n<figure class=\"wp-block-gallery has-nested-images columns-default is-cropped wp-block-gallery-6 is-layout-flex wp-block-gallery-is-layout-flex\">\n<figure class=\"wp-block-image size-large\"><img loading=\"lazy\" decoding=\"async\" width=\"1280\" height=\"854\" data-id=\"387323\" src=\"https:\/\/jundiai.sp.gov.br\/noticias\/wp-content\/uploads\/sites\/32\/2026\/09\/especial-acoes-vetor-oeste-creas-1280x854.jpg\" alt=\"\" class=\"wp-image-387323\" srcset=\"https:\/\/jundiai.sp.gov.br\/noticias\/wp-content\/uploads\/sites\/32\/2026\/09\/especial-acoes-vetor-oeste-creas-1280x854.jpg 1280w, https:\/\/jundiai.sp.gov.br\/noticias\/wp-content\/uploads\/sites\/32\/2026\/09\/especial-acoes-vetor-oeste-creas-300x200.jpg 300w, https:\/\/jundiai.sp.gov.br\/noticias\/wp-content\/uploads\/sites\/32\/2026\/09\/especial-acoes-vetor-oeste-creas-768x512.jpg 768w, https:\/\/jundiai.sp.gov.br\/noticias\/wp-content\/uploads\/sites\/32\/2026\/09\/especial-acoes-vetor-oeste-creas-1536x1024.jpg 1536w, https:\/\/jundiai.sp.gov.br\/noticias\/wp-content\/uploads\/sites\/32\/2026\/09\/especial-acoes-vetor-oeste-creas-450x300.jpg 450w, https:\/\/jundiai.sp.gov.br\/noticias\/wp-content\/uploads\/sites\/32\/2026\/09\/especial-acoes-vetor-oeste-creas.jpg 1900w\" sizes=\"auto, (max-width: 1280px) 100vw, 1280px\" \/><\/figure>\n\n\n\n<figure class=\"wp-block-image size-large\"><img loading=\"lazy\" decoding=\"async\" width=\"1280\" height=\"854\" data-id=\"387327\" src=\"https:\/\/jundiai.sp.gov.br\/noticias\/wp-content\/uploads\/sites\/32\/2026\/09\/especial-acoes-vetor-oeste-colo-de-mae-almerinda-chaves-1280x854.jpg\" alt=\"\" class=\"wp-image-387327\" srcset=\"https:\/\/jundiai.sp.gov.br\/noticias\/wp-content\/uploads\/sites\/32\/2026\/09\/especial-acoes-vetor-oeste-colo-de-mae-almerinda-chaves-1280x854.jpg 1280w, https:\/\/jundiai.sp.gov.br\/noticias\/wp-content\/uploads\/sites\/32\/2026\/09\/especial-acoes-vetor-oeste-colo-de-mae-almerinda-chaves-300x200.jpg 300w, https:\/\/jundiai.sp.gov.br\/noticias\/wp-content\/uploads\/sites\/32\/2026\/09\/especial-acoes-vetor-oeste-colo-de-mae-almerinda-chaves-768x512.jpg 768w, https:\/\/jundiai.sp.gov.br\/noticias\/wp-content\/uploads\/sites\/32\/2026\/09\/especial-acoes-vetor-oeste-colo-de-mae-almerinda-chaves-1536x1024.jpg 1536w, https:\/\/jundiai.sp.gov.br\/noticias\/wp-content\/uploads\/sites\/32\/2026\/09\/especial-acoes-vetor-oeste-colo-de-mae-almerinda-chaves-450x300.jpg 450w, https:\/\/jundiai.sp.gov.br\/noticias\/wp-content\/uploads\/sites\/32\/2026\/09\/especial-acoes-vetor-oeste-colo-de-mae-almerinda-chaves.jpg 1900w\" sizes=\"auto, (max-width: 1280px) 100vw, 1280px\" \/><\/figure>\n\n\n\n<figure class=\"wp-block-image size-large\"><img loading=\"lazy\" decoding=\"async\" width=\"1280\" height=\"854\" data-id=\"387326\" src=\"https:\/\/jundiai.sp.gov.br\/noticias\/wp-content\/uploads\/sites\/32\/2026\/09\/especial-acoes-colo-de-mae-almerinda-chaves-2-1280x854.jpg\" alt=\"\" class=\"wp-image-387326\" srcset=\"https:\/\/jundiai.sp.gov.br\/noticias\/wp-content\/uploads\/sites\/32\/2026\/09\/especial-acoes-colo-de-mae-almerinda-chaves-2-1280x854.jpg 1280w, https:\/\/jundiai.sp.gov.br\/noticias\/wp-content\/uploads\/sites\/32\/2026\/09\/especial-acoes-colo-de-mae-almerinda-chaves-2-300x200.jpg 300w, https:\/\/jundiai.sp.gov.br\/noticias\/wp-content\/uploads\/sites\/32\/2026\/09\/especial-acoes-colo-de-mae-almerinda-chaves-2-768x512.jpg 768w, https:\/\/jundiai.sp.gov.br\/noticias\/wp-content\/uploads\/sites\/32\/2026\/09\/especial-acoes-colo-de-mae-almerinda-chaves-2-1536x1024.jpg 1536w, https:\/\/jundiai.sp.gov.br\/noticias\/wp-content\/uploads\/sites\/32\/2026\/09\/especial-acoes-colo-de-mae-almerinda-chaves-2-450x300.jpg 450w, https:\/\/jundiai.sp.gov.br\/noticias\/wp-content\/uploads\/sites\/32\/2026\/09\/especial-acoes-colo-de-mae-almerinda-chaves-2.jpg 1900w\" sizes=\"auto, (max-width: 1280px) 100vw, 1280px\" \/><\/figure>\n<figcaption class=\"blocks-gallery-caption wp-element-caption\">A\u00e7\u00f5es Sociais e entrega de equipamentos de inclus\u00e3o e inser\u00e7\u00e3o<\/figcaption><\/figure>\n\n\n\n<p><strong>Saneamento: bairros do Poste e Travi\u00fa<\/strong><br>Nos bairros do Poste e Travi\u00fa, a DAE Jundia\u00ed avan\u00e7a com as obras de implanta\u00e7\u00e3o de 14,3 quil\u00f4metros de redes de esgoto, beneficiando aproximadamente 350 fam\u00edlias. Com investimento de R$ 16,6 milh\u00f5es, o projeto inclui a execu\u00e7\u00e3o de interceptores, redes coletoras e linha de recalque, ampliando a infraestrutura de coleta e afastamento de esgoto, contribuindo para a sa\u00fade p\u00fablica e a preserva\u00e7\u00e3o ambiental.<\/p>\n\n\n\n<figure class=\"wp-block-gallery has-nested-images columns-default is-cropped wp-block-gallery-7 is-layout-flex wp-block-gallery-is-layout-flex\">\n<figure class=\"wp-block-image size-large\"><img loading=\"lazy\" decoding=\"async\" width=\"1280\" height=\"853\" data-id=\"387328\" src=\"https:\/\/jundiai.sp.gov.br\/noticias\/wp-content\/uploads\/sites\/32\/2026\/09\/especial-acoes-vetor-oeste-dae-esgoto-2.jpg\" alt=\"\" class=\"wp-image-387328\" srcset=\"https:\/\/jundiai.sp.gov.br\/noticias\/wp-content\/uploads\/sites\/32\/2026\/09\/especial-acoes-vetor-oeste-dae-esgoto-2.jpg 1280w, https:\/\/jundiai.sp.gov.br\/noticias\/wp-content\/uploads\/sites\/32\/2026\/09\/especial-acoes-vetor-oeste-dae-esgoto-2-300x200.jpg 300w, https:\/\/jundiai.sp.gov.br\/noticias\/wp-content\/uploads\/sites\/32\/2026\/09\/especial-acoes-vetor-oeste-dae-esgoto-2-768x512.jpg 768w, https:\/\/jundiai.sp.gov.br\/noticias\/wp-content\/uploads\/sites\/32\/2026\/09\/especial-acoes-vetor-oeste-dae-esgoto-2-450x300.jpg 450w\" sizes=\"auto, (max-width: 1280px) 100vw, 1280px\" \/><\/figure>\n\n\n\n<figure class=\"wp-block-image size-large\"><img loading=\"lazy\" decoding=\"async\" width=\"1280\" height=\"853\" data-id=\"387329\" src=\"https:\/\/jundiai.sp.gov.br\/noticias\/wp-content\/uploads\/sites\/32\/2026\/09\/especial-acoes-vetor-oeste-dae-esgoto.jpg\" alt=\"\" class=\"wp-image-387329\" srcset=\"https:\/\/jundiai.sp.gov.br\/noticias\/wp-content\/uploads\/sites\/32\/2026\/09\/especial-acoes-vetor-oeste-dae-esgoto.jpg 1280w, https:\/\/jundiai.sp.gov.br\/noticias\/wp-content\/uploads\/sites\/32\/2026\/09\/especial-acoes-vetor-oeste-dae-esgoto-300x200.jpg 300w, https:\/\/jundiai.sp.gov.br\/noticias\/wp-content\/uploads\/sites\/32\/2026\/09\/especial-acoes-vetor-oeste-dae-esgoto-768x512.jpg 768w, https:\/\/jundiai.sp.gov.br\/noticias\/wp-content\/uploads\/sites\/32\/2026\/09\/especial-acoes-vetor-oeste-dae-esgoto-450x300.jpg 450w\" sizes=\"auto, (max-width: 1280px) 100vw, 1280px\" \/><\/figure>\n<figcaption class=\"blocks-gallery-caption wp-element-caption\">Obras de implanta\u00e7\u00e3o de 14,3 quil\u00f4metros de rede de esgoto<\/figcaption><\/figure>\n\n\n\n<p><strong>Servi\u00e7os p\u00fablicos mais perto da popula\u00e7\u00e3o<\/strong><br>A Regi\u00e3o Oeste recebeu no in\u00edcio do ano a segunda edi\u00e7\u00e3o do programa itinerante &#8220;Prefeitura na \u00c1rea&#8221;. Em um \u00fanico espa\u00e7o, os moradores tiveram acesso a servi\u00e7os de sa\u00fade, assist\u00eancia social, habita\u00e7\u00e3o, mobilidade, finan\u00e7as, educa\u00e7\u00e3o, cidadania, bem-estar animal e emprego. Foram registrados 2.274 atendimentos. A iniciativa tem a proposta de descentraliza\u00e7\u00e3o dos servi\u00e7os p\u00fablicos municipais.<\/p>\n\n\n\n<figure class=\"wp-block-gallery has-nested-images columns-default is-cropped wp-block-gallery-8 is-layout-flex wp-block-gallery-is-layout-flex\">\n<figure class=\"wp-block-image size-large\"><img loading=\"lazy\" decoding=\"async\" width=\"1280\" height=\"854\" data-id=\"387334\" src=\"https:\/\/jundiai.sp.gov.br\/noticias\/wp-content\/uploads\/sites\/32\/2026\/09\/especial-acoes-vetor-oeste-prefeitura-na-area-4-1280x854.jpg\" alt=\"\" class=\"wp-image-387334\" srcset=\"https:\/\/jundiai.sp.gov.br\/noticias\/wp-content\/uploads\/sites\/32\/2026\/09\/especial-acoes-vetor-oeste-prefeitura-na-area-4-1280x854.jpg 1280w, https:\/\/jundiai.sp.gov.br\/noticias\/wp-content\/uploads\/sites\/32\/2026\/09\/especial-acoes-vetor-oeste-prefeitura-na-area-4-300x200.jpg 300w, https:\/\/jundiai.sp.gov.br\/noticias\/wp-content\/uploads\/sites\/32\/2026\/09\/especial-acoes-vetor-oeste-prefeitura-na-area-4-768x512.jpg 768w, https:\/\/jundiai.sp.gov.br\/noticias\/wp-content\/uploads\/sites\/32\/2026\/09\/especial-acoes-vetor-oeste-prefeitura-na-area-4-1536x1024.jpg 1536w, https:\/\/jundiai.sp.gov.br\/noticias\/wp-content\/uploads\/sites\/32\/2026\/09\/especial-acoes-vetor-oeste-prefeitura-na-area-4-450x300.jpg 450w, https:\/\/jundiai.sp.gov.br\/noticias\/wp-content\/uploads\/sites\/32\/2026\/09\/especial-acoes-vetor-oeste-prefeitura-na-area-4.jpg 1900w\" sizes=\"auto, (max-width: 1280px) 100vw, 1280px\" \/><\/figure>\n\n\n\n<figure class=\"wp-block-image size-large\"><img loading=\"lazy\" decoding=\"async\" width=\"1280\" height=\"854\" data-id=\"387333\" src=\"https:\/\/jundiai.sp.gov.br\/noticias\/wp-content\/uploads\/sites\/32\/2026\/09\/especial-acoes-vetor-oeste-prefeitura-na-area-2-1280x854.jpg\" alt=\"\" class=\"wp-image-387333\" srcset=\"https:\/\/jundiai.sp.gov.br\/noticias\/wp-content\/uploads\/sites\/32\/2026\/09\/especial-acoes-vetor-oeste-prefeitura-na-area-2-1280x854.jpg 1280w, https:\/\/jundiai.sp.gov.br\/noticias\/wp-content\/uploads\/sites\/32\/2026\/09\/especial-acoes-vetor-oeste-prefeitura-na-area-2-300x200.jpg 300w, https:\/\/jundiai.sp.gov.br\/noticias\/wp-content\/uploads\/sites\/32\/2026\/09\/especial-acoes-vetor-oeste-prefeitura-na-area-2-768x512.jpg 768w, https:\/\/jundiai.sp.gov.br\/noticias\/wp-content\/uploads\/sites\/32\/2026\/09\/especial-acoes-vetor-oeste-prefeitura-na-area-2-1536x1024.jpg 1536w, https:\/\/jundiai.sp.gov.br\/noticias\/wp-content\/uploads\/sites\/32\/2026\/09\/especial-acoes-vetor-oeste-prefeitura-na-area-2-450x300.jpg 450w, https:\/\/jundiai.sp.gov.br\/noticias\/wp-content\/uploads\/sites\/32\/2026\/09\/especial-acoes-vetor-oeste-prefeitura-na-area-2.jpg 1900w\" sizes=\"auto, (max-width: 1280px) 100vw, 1280px\" \/><\/figure>\n\n\n\n<figure class=\"wp-block-image size-large\"><img loading=\"lazy\" decoding=\"async\" width=\"1280\" height=\"854\" data-id=\"387339\" src=\"https:\/\/jundiai.sp.gov.br\/noticias\/wp-content\/uploads\/sites\/32\/2026\/09\/especial-acoes-vetor-oeste-prefefeitura-na-area-1280x854.jpg\" alt=\"\" class=\"wp-image-387339\" srcset=\"https:\/\/jundiai.sp.gov.br\/noticias\/wp-content\/uploads\/sites\/32\/2026\/09\/especial-acoes-vetor-oeste-prefefeitura-na-area-1280x854.jpg 1280w, https:\/\/jundiai.sp.gov.br\/noticias\/wp-content\/uploads\/sites\/32\/2026\/09\/especial-acoes-vetor-oeste-prefefeitura-na-area-300x200.jpg 300w, https:\/\/jundiai.sp.gov.br\/noticias\/wp-content\/uploads\/sites\/32\/2026\/09\/especial-acoes-vetor-oeste-prefefeitura-na-area-768x512.jpg 768w, https:\/\/jundiai.sp.gov.br\/noticias\/wp-content\/uploads\/sites\/32\/2026\/09\/especial-acoes-vetor-oeste-prefefeitura-na-area-1536x1024.jpg 1536w, https:\/\/jundiai.sp.gov.br\/noticias\/wp-content\/uploads\/sites\/32\/2026\/09\/especial-acoes-vetor-oeste-prefefeitura-na-area-450x300.jpg 450w, https:\/\/jundiai.sp.gov.br\/noticias\/wp-content\/uploads\/sites\/32\/2026\/09\/especial-acoes-vetor-oeste-prefefeitura-na-area.jpg 1900w\" sizes=\"auto, (max-width: 1280px) 100vw, 1280px\" \/><\/figure>\n<\/figure>\n\n\n\n<p><strong>Assessoria de Imprensa<\/strong><br><strong>Fotos: Arquivo PMJ<\/strong><\/p>\n","protected":false},"excerpt":{"rendered":"<p>A regi\u00e3o Oeste de Jundia\u00ed vive um per\u00edodo de transforma\u00e7\u00e3o com investimentos em diferentes \u00e1reas que impactam diretamente o dia a dia dos moradores. As a\u00e7\u00f5es incluem entrega de moradias e regulariza\u00e7\u00e3o de im\u00f3veis, seguran\u00e7a, transporte p\u00fablico, revitaliza\u00e7\u00e3o de espa\u00e7os de lazer, ilumina\u00e7\u00e3o, saneamento e amplia\u00e7\u00e3o dos servi\u00e7os sociais. \u201cEstamos construindo uma cidade que olha [&hellip;]<\/p>\n","protected":false},"author":123,"featured_media":374184,"comment_status":"closed","ping_status":"0","sticky":false,"template":"","format":"standard","meta":{"footnotes":""},"categories":[4620,2],"tags":[3239],"ods":[],"class_list":["post-387305","post","type-post","status-publish","format-standard","has-post-thumbnail","hentry","category-destaques","category-noticias","tag-vetor-oeste"],"_links":{"self":[{"href":"https:\/\/jundiai.sp.gov.br\/noticias\/wp-json\/wp\/v2\/posts\/387305","targetHints":{"allow":["GET"]}}],"collection":[{"href":"https:\/\/jundiai.sp.gov.br\/noticias\/wp-json\/wp\/v2\/posts"}],"about":[{"href":"https:\/\/jundiai.sp.gov.br\/noticias\/wp-json\/wp\/v2\/types\/post"}],"author":[{"embeddable":true,"href":"https:\/\/jundiai.sp.gov.br\/noticias\/wp-json\/wp\/v2\/users\/123"}],"replies":[{"embeddable":true,"href":"https:\/\/jundiai.sp.gov.br\/noticias\/wp-json\/wp\/v2\/comments?post=387305"}],"version-history":[{"count":8,"href":"https:\/\/jundiai.sp.gov.br\/noticias\/wp-json\/wp\/v2\/posts\/387305\/revisions"}],"predecessor-version":[{"id":387407,"href":"https:\/\/jundiai.sp.gov.br\/noticias\/wp-json\/wp\/v2\/posts\/387305\/revisions\/387407"}],"wp:featuredmedia":[{"embeddable":true,"href":"https:\/\/jundiai.sp.gov.br\/noticias\/wp-json\/wp\/v2\/media\/374184"}],"wp:attachment":[{"href":"https:\/\/jundiai.sp.gov.br\/noticias\/wp-json\/wp\/v2\/media?parent=387305"}],"wp:term":[{"taxonomy":"category","embeddable":true,"href":"https:\/\/jundiai.sp.gov.br\/noticias\/wp-json\/wp\/v2\/categories?post=387305"},{"taxonomy":"post_tag","embeddable":true,"href":"https:\/\/jundiai.sp.gov.br\/noticias\/wp-json\/wp\/v2\/tags?post=387305"},{"taxonomy":"ods","embeddable":true,"href":"https:\/\/jundiai.sp.gov.br\/noticias\/wp-json\/wp\/v2\/ods?post=387305"}],"curies":[{"name":"wp","href":"https:\/\/api.w.org\/{rel}","templated":true}]}}