{"id":387347,"date":"2026-09-04T11:42:00","date_gmt":"2026-09-04T14:42:00","guid":{"rendered":"https:\/\/jundiai.sp.gov.br\/noticias\/?p=387347"},"modified":"2026-09-04T11:40:14","modified_gmt":"2026-09-04T14:40:14","slug":"guias-de-turismo-ja-podem-se-cadastrar-para-atuar-na-42a-festa-da-uva-e-13a-expo-vinhos-2027","status":"publish","type":"post","link":"https:\/\/jundiai.sp.gov.br\/noticias\/2026\/09\/04\/guias-de-turismo-ja-podem-se-cadastrar-para-atuar-na-42a-festa-da-uva-e-13a-expo-vinhos-2027\/","title":{"rendered":"Guias de Turismo j\u00e1 podem se cadastrar para atuar na 42\u00aa Festa da Uva e 13\u00aa Expo Vinhos 2027"},"content":{"rendered":"\n<p>A Secretaria Municipal de Agroneg\u00f3cio, Abastecimento e Turismo (SMAAT) j\u00e1 est\u00e1 com o cadastro aberto para os Guias de Turismo interessados em atuar durante a 42\u00aa Festa da Uva e 13\u00aa Expo Vinhos 2027. O cadastro \u00e9 gratuito e deve ser realizado por meio de formul\u00e1rio on-line.<\/p>\n\n\n\n<p><a href=\"https:\/\/docs.google.com\/forms\/d\/e\/1FAIpQLSeAChk6K1uuM7yB_wdAXm0GAY5iiJA6CQM4wnnh0hmzp8Sv_Q\/viewform?utm_source=chatgpt.com\">Acesse o formul\u00e1rio de cadastro para Guias de Turismo<\/a><\/p>\n\n\n\n<p>Podem participar os profissionais que possuem Cadastur \u2013 Cadastro de Prestadores de Servi\u00e7os Tur\u00edsticos, do Minist\u00e9rio do Turismo.<\/p>\n\n\n\n<figure class=\"wp-block-gallery has-nested-images columns-default is-cropped wp-block-gallery-1 is-layout-flex wp-block-gallery-is-layout-flex\">\n<figure class=\"wp-block-image size-large\"><img loading=\"lazy\" decoding=\"async\" width=\"1280\" height=\"854\" data-id=\"387348\" src=\"https:\/\/jundiai.sp.gov.br\/noticias\/wp-content\/uploads\/sites\/32\/2026\/09\/55062507006_d82bb2e044_o-1280x854.jpg\" alt=\"\" class=\"wp-image-387348\" srcset=\"https:\/\/jundiai.sp.gov.br\/noticias\/wp-content\/uploads\/sites\/32\/2026\/09\/55062507006_d82bb2e044_o-1280x854.jpg 1280w, https:\/\/jundiai.sp.gov.br\/noticias\/wp-content\/uploads\/sites\/32\/2026\/09\/55062507006_d82bb2e044_o-300x200.jpg 300w, https:\/\/jundiai.sp.gov.br\/noticias\/wp-content\/uploads\/sites\/32\/2026\/09\/55062507006_d82bb2e044_o-768x512.jpg 768w, https:\/\/jundiai.sp.gov.br\/noticias\/wp-content\/uploads\/sites\/32\/2026\/09\/55062507006_d82bb2e044_o-1536x1024.jpg 1536w, https:\/\/jundiai.sp.gov.br\/noticias\/wp-content\/uploads\/sites\/32\/2026\/09\/55062507006_d82bb2e044_o-450x300.jpg 450w, https:\/\/jundiai.sp.gov.br\/noticias\/wp-content\/uploads\/sites\/32\/2026\/09\/55062507006_d82bb2e044_o.jpg 1900w\" sizes=\"auto, (max-width: 1280px) 100vw, 1280px\" \/><\/figure>\n\n\n\n<figure class=\"wp-block-image size-large\"><img loading=\"lazy\" decoding=\"async\" width=\"1280\" height=\"854\" data-id=\"387349\" src=\"https:\/\/jundiai.sp.gov.br\/noticias\/wp-content\/uploads\/sites\/32\/2026\/09\/55086883863_d2f677fc17_o-1280x854.jpg\" alt=\"\" class=\"wp-image-387349\" srcset=\"https:\/\/jundiai.sp.gov.br\/noticias\/wp-content\/uploads\/sites\/32\/2026\/09\/55086883863_d2f677fc17_o-1280x854.jpg 1280w, https:\/\/jundiai.sp.gov.br\/noticias\/wp-content\/uploads\/sites\/32\/2026\/09\/55086883863_d2f677fc17_o-300x200.jpg 300w, https:\/\/jundiai.sp.gov.br\/noticias\/wp-content\/uploads\/sites\/32\/2026\/09\/55086883863_d2f677fc17_o-768x512.jpg 768w, https:\/\/jundiai.sp.gov.br\/noticias\/wp-content\/uploads\/sites\/32\/2026\/09\/55086883863_d2f677fc17_o-1536x1024.jpg 1536w, https:\/\/jundiai.sp.gov.br\/noticias\/wp-content\/uploads\/sites\/32\/2026\/09\/55086883863_d2f677fc17_o-450x300.jpg 450w, https:\/\/jundiai.sp.gov.br\/noticias\/wp-content\/uploads\/sites\/32\/2026\/09\/55086883863_d2f677fc17_o.jpg 1900w\" sizes=\"auto, (max-width: 1280px) 100vw, 1280px\" \/><\/figure>\n<\/figure>\n\n\n\n<p>Al\u00e9m de integrar o cadastro da Festa, o guia que comparecer ao evento acompanhado de um grupo ou excurs\u00e3o poder\u00e1 ter direito a voucher de alimenta\u00e7\u00e3o, conforme disponibilidade. O benef\u00edcio ser\u00e1 destinado aos profissionais que cumprirem os crit\u00e9rios estabelecidos pela organiza\u00e7\u00e3o.<\/p>\n\n\n\n<p>Para retirar o voucher na Administra\u00e7\u00e3o do Evento, o Guia de Turismo dever\u00e1 apresentar:<\/p>\n\n\n\n<ul class=\"wp-block-list\">\n<li>lista com os nomes dos passageiros do grupo ou excurs\u00e3o;<\/li>\n\n\n\n<li>credencial do Cadastur;<\/li>\n\n\n\n<li>documento pessoal com foto.<\/li>\n<\/ul>\n\n\n\n<p>Ser\u00e3o disponibilizados dois vouchers por dia de visita, sendo um para o Guia de Turismo e outro para o motorista que estiver acompanhando o grupo. A distribui\u00e7\u00e3o est\u00e1 sujeita \u00e0 disponibilidade.<\/p>\n\n\n\n<p><strong>Cadastro<\/strong><\/p>\n\n\n\n<p>No formul\u00e1rio on-line, os interessados dever\u00e3o informar dados para contato, n\u00famero do Cadastur, documentos pessoais, os dias em que pretendem atuar durante a Festa, al\u00e9m de informa\u00e7\u00f5es sobre o grupo ou excurs\u00e3o, como n\u00famero de participantes e origem.<\/p>\n\n\n\n<p>O cadastro antecipado permite que a organiza\u00e7\u00e3o tenha informa\u00e7\u00f5es sobre os profissionais e grupos que pretendem visitar o evento, contribuindo para o planejamento e o atendimento aos visitantes.<\/p>\n\n\n\n<figure class=\"wp-block-gallery has-nested-images columns-default is-cropped wp-block-gallery-2 is-layout-flex wp-block-gallery-is-layout-flex\">\n<figure class=\"wp-block-image size-large\"><img loading=\"lazy\" decoding=\"async\" width=\"1280\" height=\"854\" data-id=\"387350\" src=\"https:\/\/jundiai.sp.gov.br\/noticias\/wp-content\/uploads\/sites\/32\/2026\/09\/55087267808_1c2019affe_o-1280x854.jpg\" alt=\"\" class=\"wp-image-387350\" srcset=\"https:\/\/jundiai.sp.gov.br\/noticias\/wp-content\/uploads\/sites\/32\/2026\/09\/55087267808_1c2019affe_o-1280x854.jpg 1280w, https:\/\/jundiai.sp.gov.br\/noticias\/wp-content\/uploads\/sites\/32\/2026\/09\/55087267808_1c2019affe_o-300x200.jpg 300w, https:\/\/jundiai.sp.gov.br\/noticias\/wp-content\/uploads\/sites\/32\/2026\/09\/55087267808_1c2019affe_o-768x512.jpg 768w, https:\/\/jundiai.sp.gov.br\/noticias\/wp-content\/uploads\/sites\/32\/2026\/09\/55087267808_1c2019affe_o-1536x1024.jpg 1536w, https:\/\/jundiai.sp.gov.br\/noticias\/wp-content\/uploads\/sites\/32\/2026\/09\/55087267808_1c2019affe_o-450x300.jpg 450w, https:\/\/jundiai.sp.gov.br\/noticias\/wp-content\/uploads\/sites\/32\/2026\/09\/55087267808_1c2019affe_o.jpg 1900w\" sizes=\"auto, (max-width: 1280px) 100vw, 1280px\" \/><\/figure>\n\n\n\n<figure class=\"wp-block-image size-large\"><img loading=\"lazy\" decoding=\"async\" width=\"1280\" height=\"854\" data-id=\"387351\" src=\"https:\/\/jundiai.sp.gov.br\/noticias\/wp-content\/uploads\/sites\/32\/2026\/09\/55062507756_7a8ac586cd_o-1280x854.jpg\" alt=\"\" class=\"wp-image-387351\" srcset=\"https:\/\/jundiai.sp.gov.br\/noticias\/wp-content\/uploads\/sites\/32\/2026\/09\/55062507756_7a8ac586cd_o-1280x854.jpg 1280w, https:\/\/jundiai.sp.gov.br\/noticias\/wp-content\/uploads\/sites\/32\/2026\/09\/55062507756_7a8ac586cd_o-300x200.jpg 300w, https:\/\/jundiai.sp.gov.br\/noticias\/wp-content\/uploads\/sites\/32\/2026\/09\/55062507756_7a8ac586cd_o-768x512.jpg 768w, https:\/\/jundiai.sp.gov.br\/noticias\/wp-content\/uploads\/sites\/32\/2026\/09\/55062507756_7a8ac586cd_o-1536x1024.jpg 1536w, https:\/\/jundiai.sp.gov.br\/noticias\/wp-content\/uploads\/sites\/32\/2026\/09\/55062507756_7a8ac586cd_o-450x300.jpg 450w, https:\/\/jundiai.sp.gov.br\/noticias\/wp-content\/uploads\/sites\/32\/2026\/09\/55062507756_7a8ac586cd_o.jpg 1900w\" sizes=\"auto, (max-width: 1280px) 100vw, 1280px\" \/><\/figure>\n<\/figure>\n\n\n\n<p><strong>Mais Festa da Uva<\/strong><\/p>\n\n\n\n<p>A 42\u00aa Festa da Uva e 13\u00aa Expo Vinhos 2027 ser\u00e1 realizada de 14 de janeiro a 7 de fevereiro no Parque Comendador Ant\u00f4nio Carbonari, o Parque da Uva, que fica na avenida Jundia\u00ed, s\/n \u2013 Anhangaba\u00fa.\u00a0<\/p>\n\n\n\n<p><strong>Corte da Uva 2027<\/strong><\/p>\n\n\n\n<p>Tamb\u00e9m est\u00e3o abertas as inscri\u00e7\u00f5es para a Corte da Uva 2027, que ir\u00e1 representar a Festa e a tradi\u00e7\u00e3o da vitivinicultura de Jundia\u00ed em sua pr\u00f3xima edi\u00e7\u00e3o.<\/p>\n\n\n\n<p>As interessadas em participar da sele\u00e7\u00e3o para os t\u00edtulos de Rainha, Primeira Princesa e Segunda Princesa da pr\u00f3xima edi\u00e7\u00e3o devem ter idades entre 18 a 35 anos e ser residentes em Jundia\u00ed h\u00e1 pelo menos dois anos, realizando a sua <a href=\"https:\/\/docs.google.com\/forms\/d\/e\/1FAIpQLSceS1uN1rk_yP2mZZlKvGrqTHIIvCMLbr7ypc76vXNDGyo4vQ\/viewform\">inscri\u00e7\u00e3o por meio de formul\u00e1rio on-line<\/a>,&nbsp; dispon\u00edvel at\u00e9 as 23h59 do dia 16 de outubro.<\/p>\n\n\n\n<p><strong>Assessoria de Imprensa<br>Fotos: Arquivo PMJ<\/strong><\/p>\n","protected":false},"excerpt":{"rendered":"<p>A Secretaria Municipal de Agroneg\u00f3cio, Abastecimento e Turismo (SMAAT) j\u00e1 est\u00e1 com o cadastro aberto para os Guias de Turismo interessados em atuar durante a 42\u00aa Festa da Uva e 13\u00aa Expo Vinhos 2027. O cadastro \u00e9 gratuito e deve ser realizado por meio de formul\u00e1rio on-line. Acesse o formul\u00e1rio de cadastro para Guias de [&hellip;]<\/p>\n","protected":false},"author":69,"featured_media":387350,"comment_status":"closed","ping_status":"closed","sticky":false,"template":"","format":"standard","meta":{"footnotes":""},"categories":[2],"tags":[7029,974,7028,5563,6802,7027,5577,7030],"ods":[],"class_list":["post-387347","post","type-post","status-publish","format-standard","has-post-thumbnail","hentry","category-noticias","tag-42a-festa-da-uva-e-13a-expo-vinhos-2027","tag-agronegocio-abastecimento-e-turismo","tag-cadastro-guias-de-turismo","tag-cadastur","tag-festa-da-uva-2027","tag-guias-de-turismo","tag-secretaria-de-agronegocio-abastecimento-e-turismo","tag-turismo-festa-da-uva"],"_links":{"self":[{"href":"https:\/\/jundiai.sp.gov.br\/noticias\/wp-json\/wp\/v2\/posts\/387347","targetHints":{"allow":["GET"]}}],"collection":[{"href":"https:\/\/jundiai.sp.gov.br\/noticias\/wp-json\/wp\/v2\/posts"}],"about":[{"href":"https:\/\/jundiai.sp.gov.br\/noticias\/wp-json\/wp\/v2\/types\/post"}],"author":[{"embeddable":true,"href":"https:\/\/jundiai.sp.gov.br\/noticias\/wp-json\/wp\/v2\/users\/69"}],"replies":[{"embeddable":true,"href":"https:\/\/jundiai.sp.gov.br\/noticias\/wp-json\/wp\/v2\/comments?post=387347"}],"version-history":[{"count":3,"href":"https:\/\/jundiai.sp.gov.br\/noticias\/wp-json\/wp\/v2\/posts\/387347\/revisions"}],"predecessor-version":[{"id":387375,"href":"https:\/\/jundiai.sp.gov.br\/noticias\/wp-json\/wp\/v2\/posts\/387347\/revisions\/387375"}],"wp:featuredmedia":[{"embeddable":true,"href":"https:\/\/jundiai.sp.gov.br\/noticias\/wp-json\/wp\/v2\/media\/387350"}],"wp:attachment":[{"href":"https:\/\/jundiai.sp.gov.br\/noticias\/wp-json\/wp\/v2\/media?parent=387347"}],"wp:term":[{"taxonomy":"category","embeddable":true,"href":"https:\/\/jundiai.sp.gov.br\/noticias\/wp-json\/wp\/v2\/categories?post=387347"},{"taxonomy":"post_tag","embeddable":true,"href":"https:\/\/jundiai.sp.gov.br\/noticias\/wp-json\/wp\/v2\/tags?post=387347"},{"taxonomy":"ods","embeddable":true,"href":"https:\/\/jundiai.sp.gov.br\/noticias\/wp-json\/wp\/v2\/ods?post=387347"}],"curies":[{"name":"wp","href":"https:\/\/api.w.org\/{rel}","templated":true}]}}