{"id":387354,"date":"2026-09-05T09:15:00","date_gmt":"2026-09-05T12:15:00","guid":{"rendered":"https:\/\/jundiai.sp.gov.br\/noticias\/?p=387354"},"modified":"2026-09-04T14:33:54","modified_gmt":"2026-09-04T17:33:54","slug":"jundiai-amplia-iluminacao-em-led-com-430-novas-lampadas-e-reforca-seguranca-na-rodovia-vereador-geraldo-dias","status":"publish","type":"post","link":"https:\/\/jundiai.sp.gov.br\/noticias\/2026\/09\/05\/jundiai-amplia-iluminacao-em-led-com-430-novas-lampadas-e-reforca-seguranca-na-rodovia-vereador-geraldo-dias\/","title":{"rendered":"Jundia\u00ed amplia ilumina\u00e7\u00e3o em LED com 430 novas l\u00e2mpadas em toda extens\u00e3o da Rodovia Vereador Geraldo Dias"},"content":{"rendered":"\n<p>Mais ilumina\u00e7\u00e3o, melhor visibilidade e mais seguran\u00e7a para motoristas e pedestres. A Rodovia Vereador Geraldo Dias est\u00e1 recebendo 430 novas l\u00e2mpadas de LED, dentro do trabalho de moderniza\u00e7\u00e3o da ilumina\u00e7\u00e3o p\u00fablica realizado pela Prefeitura de Jundia\u00ed. O investimento na via \u00e9 de aproximadamente R$ 530 mil.<\/p>\n\n\n\n<p>A tecnologia LED proporciona uma ilumina\u00e7\u00e3o mais eficiente e uniforme, al\u00e9m de ter maior durabilidade e menor consumo de energia em compara\u00e7\u00e3o \u00e0s l\u00e2mpadas convencionais. A melhoria tamb\u00e9m amplia a visibilidade no per\u00edodo noturno, contribuindo para uma circula\u00e7\u00e3o mais segura.<\/p>\n\n\n\n<p>\u201cA Rodovia Vereador Geraldo Dias \u00e9 uma via importante e muito movimentada. As novas l\u00e2mpadas de LED v\u00e3o melhorar a visibilidade e trazer mais seguran\u00e7a para motoristas e pedestres que passam pelo local todos os dias. Esse trabalho tamb\u00e9m est\u00e1 chegando a outras regi\u00f5es, dentro de um planejamento para modernizar cada vez mais a ilumina\u00e7\u00e3o da cidade\u201d, disse o prefeito Gustavo Martinelli.<\/p>\n\n\n\n<figure class=\"wp-block-gallery has-nested-images columns-default is-cropped wp-block-gallery-1 is-layout-flex wp-block-gallery-is-layout-flex\">\n<figure class=\"wp-block-image size-large\"><img loading=\"lazy\" decoding=\"async\" width=\"1280\" height=\"854\" data-id=\"387356\" src=\"https:\/\/jundiai.sp.gov.br\/noticias\/wp-content\/uploads\/sites\/32\/2026\/09\/led_geraldo_dias_d-3-1280x854.jpg\" alt=\"\" class=\"wp-image-387356\" srcset=\"https:\/\/jundiai.sp.gov.br\/noticias\/wp-content\/uploads\/sites\/32\/2026\/09\/led_geraldo_dias_d-3-1280x854.jpg 1280w, https:\/\/jundiai.sp.gov.br\/noticias\/wp-content\/uploads\/sites\/32\/2026\/09\/led_geraldo_dias_d-3-300x200.jpg 300w, https:\/\/jundiai.sp.gov.br\/noticias\/wp-content\/uploads\/sites\/32\/2026\/09\/led_geraldo_dias_d-3-768x512.jpg 768w, https:\/\/jundiai.sp.gov.br\/noticias\/wp-content\/uploads\/sites\/32\/2026\/09\/led_geraldo_dias_d-3-1536x1024.jpg 1536w, https:\/\/jundiai.sp.gov.br\/noticias\/wp-content\/uploads\/sites\/32\/2026\/09\/led_geraldo_dias_d-3-450x300.jpg 450w, https:\/\/jundiai.sp.gov.br\/noticias\/wp-content\/uploads\/sites\/32\/2026\/09\/led_geraldo_dias_d-3.jpg 1900w\" sizes=\"auto, (max-width: 1280px) 100vw, 1280px\" \/><figcaption class=\"wp-element-caption\">Prefeitura amplia a\u00e7\u00f5es de substitui\u00e7\u00e3o da ilumina\u00e7\u00e3o p\u00fablica<\/figcaption><\/figure>\n\n\n\n<figure class=\"wp-block-image size-large\"><img loading=\"lazy\" decoding=\"async\" width=\"1280\" height=\"854\" data-id=\"387355\" src=\"https:\/\/jundiai.sp.gov.br\/noticias\/wp-content\/uploads\/sites\/32\/2026\/09\/led_geraldo_dias_d-10-1280x854.jpg\" alt=\"\" class=\"wp-image-387355\" srcset=\"https:\/\/jundiai.sp.gov.br\/noticias\/wp-content\/uploads\/sites\/32\/2026\/09\/led_geraldo_dias_d-10-1280x854.jpg 1280w, https:\/\/jundiai.sp.gov.br\/noticias\/wp-content\/uploads\/sites\/32\/2026\/09\/led_geraldo_dias_d-10-300x200.jpg 300w, https:\/\/jundiai.sp.gov.br\/noticias\/wp-content\/uploads\/sites\/32\/2026\/09\/led_geraldo_dias_d-10-768x512.jpg 768w, https:\/\/jundiai.sp.gov.br\/noticias\/wp-content\/uploads\/sites\/32\/2026\/09\/led_geraldo_dias_d-10-1536x1024.jpg 1536w, https:\/\/jundiai.sp.gov.br\/noticias\/wp-content\/uploads\/sites\/32\/2026\/09\/led_geraldo_dias_d-10-450x300.jpg 450w, https:\/\/jundiai.sp.gov.br\/noticias\/wp-content\/uploads\/sites\/32\/2026\/09\/led_geraldo_dias_d-10.jpg 1900w\" sizes=\"auto, (max-width: 1280px) 100vw, 1280px\" \/><figcaption class=\"wp-element-caption\">A Rodovia Vereador Geraldo Dias est\u00e1 recebendo 430 novas l\u00e2mpadas de LED<\/figcaption><\/figure>\n<\/figure>\n\n\n\n<p>O trabalho \u00e9 realizado pelo Departamento de Ilumina\u00e7\u00e3o P\u00fablica da Secretaria Municipal de Infraestrutura e Servi\u00e7os P\u00fablicos (SMISP) e contempla diferentes regi\u00f5es da cidade. Na Vila Agr\u00edcola, Vila Santa Rosa e Vila Santana, est\u00e1 prevista a instala\u00e7\u00e3o de outras 100 l\u00e2mpadas de LED. J\u00e1 na Avenida Marginal do Tarum\u00e3, a Prefeitura concluiu recentemente a implanta\u00e7\u00e3o de 17 novos pontos com a tecnologia.<\/p>\n\n\n\n<p>A moderniza\u00e7\u00e3o faz parte da meta da Prefeitura de substituir 100% das l\u00e2mpadas convencionais da ilumina\u00e7\u00e3o p\u00fablica por LED at\u00e9 o final de 2028.<\/p>\n\n\n\n<p><strong>Assessoria de Imprensa<br>Fotos: Fot\u00f3grafo PMJ<\/strong><\/p>\n","protected":false},"excerpt":{"rendered":"<p>Mais ilumina\u00e7\u00e3o, melhor visibilidade e mais seguran\u00e7a para motoristas e pedestres. A Rodovia Vereador Geraldo Dias est\u00e1 recebendo 430 novas l\u00e2mpadas de LED, dentro do trabalho de moderniza\u00e7\u00e3o da ilumina\u00e7\u00e3o p\u00fablica realizado pela Prefeitura de Jundia\u00ed. O investimento na via \u00e9 de aproximadamente R$ 530 mil. A tecnologia LED proporciona uma ilumina\u00e7\u00e3o mais eficiente e [&hellip;]<\/p>\n","protected":false},"author":123,"featured_media":387356,"comment_status":"closed","ping_status":"closed","sticky":false,"template":"","format":"standard","meta":{"footnotes":""},"categories":[4620,2],"tags":[2939,985],"ods":[],"class_list":["post-387354","post","type-post","status-publish","format-standard","has-post-thumbnail","hentry","category-destaques","category-noticias","tag-iluminacao-led","tag-infraestrutura-e-servicos-publicos"],"_links":{"self":[{"href":"https:\/\/jundiai.sp.gov.br\/noticias\/wp-json\/wp\/v2\/posts\/387354","targetHints":{"allow":["GET"]}}],"collection":[{"href":"https:\/\/jundiai.sp.gov.br\/noticias\/wp-json\/wp\/v2\/posts"}],"about":[{"href":"https:\/\/jundiai.sp.gov.br\/noticias\/wp-json\/wp\/v2\/types\/post"}],"author":[{"embeddable":true,"href":"https:\/\/jundiai.sp.gov.br\/noticias\/wp-json\/wp\/v2\/users\/123"}],"replies":[{"embeddable":true,"href":"https:\/\/jundiai.sp.gov.br\/noticias\/wp-json\/wp\/v2\/comments?post=387354"}],"version-history":[{"count":5,"href":"https:\/\/jundiai.sp.gov.br\/noticias\/wp-json\/wp\/v2\/posts\/387354\/revisions"}],"predecessor-version":[{"id":387399,"href":"https:\/\/jundiai.sp.gov.br\/noticias\/wp-json\/wp\/v2\/posts\/387354\/revisions\/387399"}],"wp:featuredmedia":[{"embeddable":true,"href":"https:\/\/jundiai.sp.gov.br\/noticias\/wp-json\/wp\/v2\/media\/387356"}],"wp:attachment":[{"href":"https:\/\/jundiai.sp.gov.br\/noticias\/wp-json\/wp\/v2\/media?parent=387354"}],"wp:term":[{"taxonomy":"category","embeddable":true,"href":"https:\/\/jundiai.sp.gov.br\/noticias\/wp-json\/wp\/v2\/categories?post=387354"},{"taxonomy":"post_tag","embeddable":true,"href":"https:\/\/jundiai.sp.gov.br\/noticias\/wp-json\/wp\/v2\/tags?post=387354"},{"taxonomy":"ods","embeddable":true,"href":"https:\/\/jundiai.sp.gov.br\/noticias\/wp-json\/wp\/v2\/ods?post=387354"}],"curies":[{"name":"wp","href":"https:\/\/api.w.org\/{rel}","templated":true}]}}