{"id":387380,"date":"2026-09-04T15:11:00","date_gmt":"2026-09-04T18:11:00","guid":{"rendered":"https:\/\/jundiai.sp.gov.br\/noticias\/?p=387380"},"modified":"2026-09-04T11:40:34","modified_gmt":"2026-09-04T14:40:34","slug":"jundiai-sedia-reuniao-da-comissao-intergestores-regional-de-saude-da-regiao-de-jundiai","status":"publish","type":"post","link":"https:\/\/jundiai.sp.gov.br\/noticias\/2026\/09\/04\/jundiai-sedia-reuniao-da-comissao-intergestores-regional-de-saude-da-regiao-de-jundiai\/","title":{"rendered":"Jundia\u00ed sedia reuni\u00e3o da Comiss\u00e3o Intergestores Regional de Sa\u00fade da Regi\u00e3o de Jundia\u00ed"},"content":{"rendered":"\n<p><br>Jundia\u00ed recebeu, nesta quinta-feira (3), a reuni\u00e3o da Comiss\u00e3o Intergestores Regional (CIR) da Regi\u00e3o de Jundia\u00ed, vinculada ao Departamento Regional de Sa\u00fade (DRS) VII \u2013 Campinas.<\/p>\n\n\n\n<p>O encontro foi realizado na sede da Prefeitura e reuniu representantes regionais e gestores dos sete munic\u00edpios da Regi\u00e3o Metropolitana de Jundia\u00ed (RMJ): Jundia\u00ed, Cabre\u00fava, Campo Limpo Paulista, Itupeva, Jarinu, Louveira e V\u00e1rzea Paulista.<\/p>\n\n\n\n<figure class=\"wp-block-image size-large\"><img loading=\"lazy\" decoding=\"async\" width=\"1280\" height=\"854\" src=\"https:\/\/jundiai.sp.gov.br\/noticias\/wp-content\/uploads\/sites\/32\/2026\/09\/reuniao_saude_d-21-1-1280x854.jpg\" alt=\"\" class=\"wp-image-387382\" srcset=\"https:\/\/jundiai.sp.gov.br\/noticias\/wp-content\/uploads\/sites\/32\/2026\/09\/reuniao_saude_d-21-1-1280x854.jpg 1280w, https:\/\/jundiai.sp.gov.br\/noticias\/wp-content\/uploads\/sites\/32\/2026\/09\/reuniao_saude_d-21-1-300x200.jpg 300w, https:\/\/jundiai.sp.gov.br\/noticias\/wp-content\/uploads\/sites\/32\/2026\/09\/reuniao_saude_d-21-1-768x512.jpg 768w, https:\/\/jundiai.sp.gov.br\/noticias\/wp-content\/uploads\/sites\/32\/2026\/09\/reuniao_saude_d-21-1-1536x1024.jpg 1536w, https:\/\/jundiai.sp.gov.br\/noticias\/wp-content\/uploads\/sites\/32\/2026\/09\/reuniao_saude_d-21-1-450x300.jpg 450w, https:\/\/jundiai.sp.gov.br\/noticias\/wp-content\/uploads\/sites\/32\/2026\/09\/reuniao_saude_d-21-1.jpg 1900w\" sizes=\"auto, (max-width: 1280px) 100vw, 1280px\" \/><figcaption class=\"wp-element-caption\">Realizado em Jundia\u00ed, encontro reuniu representantes do DRS VII e gestores da RMJ <\/figcaption><\/figure>\n\n\n\n<p>Realizadas mensalmente, as reuni\u00f5es da CIR s\u00e3o espa\u00e7os de di\u00e1logo e constru\u00e7\u00e3o conjunta entre os gestores municipais e o Estado para discutir as necessidades da regi\u00e3o, fortalecer a organiza\u00e7\u00e3o da rede e buscar solu\u00e7\u00f5es compartilhadas para a melhoria da assist\u00eancia \u00e0 popula\u00e7\u00e3o.<\/p>\n\n\n\n<p>O secret\u00e1rio de Promo\u00e7\u00e3o da Sa\u00fade de Jundia\u00ed destacou a import\u00e2ncia do olhar conjunto entre os munic\u00edpios, uma vez que os pacientes atendidos na Regi\u00e3o n\u00e3o ficam restritos aos limites de cada territ\u00f3rio. \u201cJundia\u00ed recebe pessoas da regi\u00e3o e tamb\u00e9m encaminha pacientes para outros servi\u00e7os. Por isso, \u00e9 fundamental que os gestores estejam juntos para identificar os desafios, construir solu\u00e7\u00f5es compartilhadas e trabalhar para que o cidad\u00e3o tenha uma experi\u00eancia de cuidado cada vez mais integrada e qualificada e que n\u00e3o haja fragmenta\u00e7\u00e3o na linha de cuidado.\u201d, afirmou.<\/p>\n\n\n\n<figure class=\"wp-block-image size-large\"><img loading=\"lazy\" decoding=\"async\" width=\"1280\" height=\"854\" src=\"https:\/\/jundiai.sp.gov.br\/noticias\/wp-content\/uploads\/sites\/32\/2026\/09\/reuniao_saude_d-27-1280x854.jpg\" alt=\"\" class=\"wp-image-387383\" srcset=\"https:\/\/jundiai.sp.gov.br\/noticias\/wp-content\/uploads\/sites\/32\/2026\/09\/reuniao_saude_d-27-1280x854.jpg 1280w, https:\/\/jundiai.sp.gov.br\/noticias\/wp-content\/uploads\/sites\/32\/2026\/09\/reuniao_saude_d-27-300x200.jpg 300w, https:\/\/jundiai.sp.gov.br\/noticias\/wp-content\/uploads\/sites\/32\/2026\/09\/reuniao_saude_d-27-768x512.jpg 768w, https:\/\/jundiai.sp.gov.br\/noticias\/wp-content\/uploads\/sites\/32\/2026\/09\/reuniao_saude_d-27-1536x1024.jpg 1536w, https:\/\/jundiai.sp.gov.br\/noticias\/wp-content\/uploads\/sites\/32\/2026\/09\/reuniao_saude_d-27-450x300.jpg 450w, https:\/\/jundiai.sp.gov.br\/noticias\/wp-content\/uploads\/sites\/32\/2026\/09\/reuniao_saude_d-27.jpg 1900w\" sizes=\"auto, (max-width: 1280px) 100vw, 1280px\" \/><figcaption class=\"wp-element-caption\">Secret\u00e1rio de Promo\u00e7\u00e3o da Sa\u00fade de Jundia\u00ed, Fl\u00e1vio Amorim<\/figcaption><\/figure>\n\n\n\n<p>Nesta edi\u00e7\u00e3o, entre os principais temas discutidos estiveram estrat\u00e9gias para ampliar e organizar a oferta de cirurgias na regi\u00e3o, tanto no Hospital de Caridade S\u00e3o Vicente de Paulo (HSV) quanto no Hospital Regional de Jundia\u00ed (HRJ). Tamb\u00e9m foram discutidas formas de fortalecer a participa\u00e7\u00e3o dos hospitais de Louveira, Campo Limpo Paulista e do novo hospital de V\u00e1rzea Paulista, al\u00e9m de a\u00e7\u00f5es para reduzir as filas de espera por consultas e procedimentos especializados.<\/p>\n\n\n\n<p>O grupo tamb\u00e9m debateu sobre o pleito, encaminhado ao Minist\u00e9rio da Sa\u00fade, para ampliar, para outras especialidades, a oferta de carretas de exames do programa Agora Tem Especialistas, atualmente com experi\u00eancia bem-sucedida na realiza\u00e7\u00e3o de tomografias e ultrassons em uma unidade m\u00f3vel estacionada no Pa\u00e7o Municipal.<\/p>\n\n\n\n<p><strong>Assessoria de Imprensa<br>Foto: Fot\u00f3grafos PMJ<\/strong><\/p>\n","protected":false},"excerpt":{"rendered":"<p>Jundia\u00ed recebeu, nesta quinta-feira (3), a reuni\u00e3o da Comiss\u00e3o Intergestores Regional (CIR) da Regi\u00e3o de Jundia\u00ed, vinculada ao Departamento Regional de Sa\u00fade (DRS) VII \u2013 Campinas. O encontro foi realizado na sede da Prefeitura e reuniu representantes regionais e gestores dos sete munic\u00edpios da Regi\u00e3o Metropolitana de Jundia\u00ed (RMJ): Jundia\u00ed, Cabre\u00fava, Campo Limpo Paulista, Itupeva, [&hellip;]<\/p>\n","protected":false},"author":133,"featured_media":387381,"comment_status":"closed","ping_status":"closed","sticky":false,"template":"","format":"standard","meta":{"footnotes":""},"categories":[2],"tags":[981],"ods":[],"class_list":["post-387380","post","type-post","status-publish","format-standard","has-post-thumbnail","hentry","category-noticias","tag-promocao-da-saude"],"_links":{"self":[{"href":"https:\/\/jundiai.sp.gov.br\/noticias\/wp-json\/wp\/v2\/posts\/387380","targetHints":{"allow":["GET"]}}],"collection":[{"href":"https:\/\/jundiai.sp.gov.br\/noticias\/wp-json\/wp\/v2\/posts"}],"about":[{"href":"https:\/\/jundiai.sp.gov.br\/noticias\/wp-json\/wp\/v2\/types\/post"}],"author":[{"embeddable":true,"href":"https:\/\/jundiai.sp.gov.br\/noticias\/wp-json\/wp\/v2\/users\/133"}],"replies":[{"embeddable":true,"href":"https:\/\/jundiai.sp.gov.br\/noticias\/wp-json\/wp\/v2\/comments?post=387380"}],"version-history":[{"count":2,"href":"https:\/\/jundiai.sp.gov.br\/noticias\/wp-json\/wp\/v2\/posts\/387380\/revisions"}],"predecessor-version":[{"id":387393,"href":"https:\/\/jundiai.sp.gov.br\/noticias\/wp-json\/wp\/v2\/posts\/387380\/revisions\/387393"}],"wp:featuredmedia":[{"embeddable":true,"href":"https:\/\/jundiai.sp.gov.br\/noticias\/wp-json\/wp\/v2\/media\/387381"}],"wp:attachment":[{"href":"https:\/\/jundiai.sp.gov.br\/noticias\/wp-json\/wp\/v2\/media?parent=387380"}],"wp:term":[{"taxonomy":"category","embeddable":true,"href":"https:\/\/jundiai.sp.gov.br\/noticias\/wp-json\/wp\/v2\/categories?post=387380"},{"taxonomy":"post_tag","embeddable":true,"href":"https:\/\/jundiai.sp.gov.br\/noticias\/wp-json\/wp\/v2\/tags?post=387380"},{"taxonomy":"ods","embeddable":true,"href":"https:\/\/jundiai.sp.gov.br\/noticias\/wp-json\/wp\/v2\/ods?post=387380"}],"curies":[{"name":"wp","href":"https:\/\/api.w.org\/{rel}","templated":true}]}}