{"id":387385,"date":"2026-09-04T14:40:00","date_gmt":"2026-09-04T17:40:00","guid":{"rendered":"https:\/\/jundiai.sp.gov.br\/noticias\/?p=387385"},"modified":"2026-09-04T11:40:28","modified_gmt":"2026-09-04T14:40:28","slug":"confeccoes-de-jundiai-avaliam-positivamente-novo-modelo-de-voucher-para-uniformes-escolares","status":"publish","type":"post","link":"https:\/\/jundiai.sp.gov.br\/noticias\/2026\/09\/04\/confeccoes-de-jundiai-avaliam-positivamente-novo-modelo-de-voucher-para-uniformes-escolares\/","title":{"rendered":"Confec\u00e7\u00f5es de Jundia\u00ed avaliam positivamente novo modelo de voucher para uniformes escolares"},"content":{"rendered":"\n<p>A Prefeitura de Jundia\u00ed reuniu, na noite desta quinta-feira (3), representantes de 21 confec\u00e7\u00f5es interessadas em participar do novo sistema de aquisi\u00e7\u00e3o de uniformes escolares da rede municipal, a partir do ano letivo de 2027.<\/p>\n\n\n\n<p>A proposta \u00e9 que as fam\u00edlias recebam um cr\u00e9dito eletr\u00f4nico para adquirir os uniformes diretamente nos estabelecimentos credenciados em Jundia\u00ed. O novo formato busca dar mais autonomia aos pais e respons\u00e1veis na escolha das pe\u00e7as e dos tamanhos, al\u00e9m de estimular a participa\u00e7\u00e3o das empresas locais e contribuir para que os recursos destinados aos uniformes escolares circulem no pr\u00f3prio munic\u00edpio.<\/p>\n\n\n<div class=\"wp-block-image\">\n<figure class=\"aligncenter size-large\"><img loading=\"lazy\" decoding=\"async\" width=\"1280\" height=\"960\" src=\"https:\/\/jundiai.sp.gov.br\/noticias\/wp-content\/uploads\/sites\/32\/2026\/09\/img_5402-1280x960.jpg\" alt=\"\" class=\"wp-image-387389\" srcset=\"https:\/\/jundiai.sp.gov.br\/noticias\/wp-content\/uploads\/sites\/32\/2026\/09\/img_5402-1280x960.jpg 1280w, https:\/\/jundiai.sp.gov.br\/noticias\/wp-content\/uploads\/sites\/32\/2026\/09\/img_5402-300x225.jpg 300w, https:\/\/jundiai.sp.gov.br\/noticias\/wp-content\/uploads\/sites\/32\/2026\/09\/img_5402-768x576.jpg 768w, https:\/\/jundiai.sp.gov.br\/noticias\/wp-content\/uploads\/sites\/32\/2026\/09\/img_5402-1536x1152.jpg 1536w, https:\/\/jundiai.sp.gov.br\/noticias\/wp-content\/uploads\/sites\/32\/2026\/09\/img_5402.jpg 1900w\" sizes=\"auto, (max-width: 1280px) 100vw, 1280px\" \/><figcaption class=\"wp-element-caption\">Confec\u00e7\u00f5es de Jundia\u00ed avaliam positivamente novo modelo de voucher para uniformes escolares<\/figcaption><\/figure>\n<\/div>\n\n\n<p>No encontro, os representantes do setor conheceram o funcionamento do programa, as etapas previstas e os procedimentos para o credenciamento. A iniciativa foi recebida de forma positiva pelos participantes. \u201cQuando o dinheiro gira na cidade, fortalece n\u00e3o apenas o segmento de confec\u00e7\u00e3o, mas o com\u00e9rcio de forma geral. \u00c9 um incentivo para as empresas locais\u201d, afirmou J\u00falio C\u00e9sar, que atua h\u00e1 quase quatro d\u00e9cadas no ramo de confec\u00e7\u00f5es em Jundia\u00ed.<\/p>\n\n\n\n<p>Lara Lupianhi, representante de uma empresa com cerca de 30 anos de atua\u00e7\u00e3o no munic\u00edpio, tamb\u00e9m participou da apresenta\u00e7\u00e3o. \u201cViemos para conhecer o projeto e achamos a proposta bem estruturada. Para n\u00f3s, \u00e9 uma oportunidade de voltar a trabalhar com esse mercado e estamos animados com a possibilidade de participar\u201d, disse.<\/p>\n\n\n\n<p>Ap\u00f3s essa etapa inicial, os estabelecimentos interessados dever\u00e3o realizar o cadastramento e cumprir os requisitos definidos pela Prefeitura para o credenciamento, incluindo a apresenta\u00e7\u00e3o de amostras. A padroniza\u00e7\u00e3o das pe\u00e7as e a qualidade dos materiais ser\u00e3o mantidas no novo modelo. A Prefeitura tamb\u00e9m dar\u00e1 continuidade aos encontros com o setor e, posteriormente, divulgar\u00e1 \u00e0s fam\u00edlias as orienta\u00e7\u00f5es sobre a utiliza\u00e7\u00e3o dos cr\u00e9ditos.<\/p>\n\n\n\n<p>\u201cEssa \u00e9 a primeira reuni\u00e3o e teremos outros encontros com as confec\u00e7\u00f5es. Apresentamos o projeto, como vai funcionar, de que maneira elas poder\u00e3o participar, quais documentos precisar\u00e3o apresentar e quando poder\u00e3o come\u00e7ar a produzir os uniformes\u201d, explicou o diretor de Inova\u00e7\u00e3o e Intelig\u00eancia Urbana, da Secretaria de Governo, Vlamir Ienne.<\/p>\n\n\n\n<p>A expectativa \u00e9 que o novo formato beneficie cerca de 28 mil estudantes matriculados na Educa\u00e7\u00e3o Infantil II e no Ensino Fundamental I da rede municipal. \u201cA proposta traz mais autonomia e praticidade para as fam\u00edlias, que poder\u00e3o escolher os tamanhos e as pe\u00e7as de acordo com suas necessidades, inclusive considerando uniformes de ver\u00e3o ou de inverno. Ao mesmo tempo, conseguimos envolver o com\u00e9rcio e a ind\u00fastria de Jundia\u00ed nesse processo\u201d, disse a Secret\u00e1ria Adjunta Institucional, Juliana Gennarini, da Secretaria de Educa\u00e7\u00e3o.<\/p>\n\n\n\n<figure class=\"wp-block-gallery has-nested-images columns-default is-cropped wp-block-gallery-1 is-layout-flex wp-block-gallery-is-layout-flex\">\n<figure class=\"wp-block-image size-large\"><img loading=\"lazy\" decoding=\"async\" width=\"1280\" height=\"960\" data-id=\"387390\" src=\"https:\/\/jundiai.sp.gov.br\/noticias\/wp-content\/uploads\/sites\/32\/2026\/09\/img_5427-1280x960.jpg\" alt=\"\" class=\"wp-image-387390\" srcset=\"https:\/\/jundiai.sp.gov.br\/noticias\/wp-content\/uploads\/sites\/32\/2026\/09\/img_5427-1280x960.jpg 1280w, https:\/\/jundiai.sp.gov.br\/noticias\/wp-content\/uploads\/sites\/32\/2026\/09\/img_5427-300x225.jpg 300w, https:\/\/jundiai.sp.gov.br\/noticias\/wp-content\/uploads\/sites\/32\/2026\/09\/img_5427-768x576.jpg 768w, https:\/\/jundiai.sp.gov.br\/noticias\/wp-content\/uploads\/sites\/32\/2026\/09\/img_5427-1536x1152.jpg 1536w, https:\/\/jundiai.sp.gov.br\/noticias\/wp-content\/uploads\/sites\/32\/2026\/09\/img_5427.jpg 1900w\" sizes=\"auto, (max-width: 1280px) 100vw, 1280px\" \/><figcaption class=\"wp-element-caption\"> Vlamir Ienne &#8211; diretor de Inova\u00e7\u00e3o e Intelig\u00eancia Urbana, da SMGOV<\/figcaption><\/figure>\n\n\n\n<figure class=\"wp-block-image size-large\"><img loading=\"lazy\" decoding=\"async\" width=\"1280\" height=\"960\" data-id=\"387391\" src=\"https:\/\/jundiai.sp.gov.br\/noticias\/wp-content\/uploads\/sites\/32\/2026\/09\/img_5443-1280x960.jpg\" alt=\"\" class=\"wp-image-387391\" srcset=\"https:\/\/jundiai.sp.gov.br\/noticias\/wp-content\/uploads\/sites\/32\/2026\/09\/img_5443-1280x960.jpg 1280w, https:\/\/jundiai.sp.gov.br\/noticias\/wp-content\/uploads\/sites\/32\/2026\/09\/img_5443-300x225.jpg 300w, https:\/\/jundiai.sp.gov.br\/noticias\/wp-content\/uploads\/sites\/32\/2026\/09\/img_5443-768x576.jpg 768w, https:\/\/jundiai.sp.gov.br\/noticias\/wp-content\/uploads\/sites\/32\/2026\/09\/img_5443-1536x1152.jpg 1536w, https:\/\/jundiai.sp.gov.br\/noticias\/wp-content\/uploads\/sites\/32\/2026\/09\/img_5443.jpg 1900w\" sizes=\"auto, (max-width: 1280px) 100vw, 1280px\" \/><figcaption class=\"wp-element-caption\">Representantes de 21 confec\u00e7\u00f5es participaram do encontro<\/figcaption><\/figure>\n\n\n\n<figure class=\"wp-block-image size-large\"><img loading=\"lazy\" decoding=\"async\" width=\"1280\" height=\"960\" data-id=\"387388\" src=\"https:\/\/jundiai.sp.gov.br\/noticias\/wp-content\/uploads\/sites\/32\/2026\/09\/img_5453-1280x960.jpg\" alt=\"\" class=\"wp-image-387388\" srcset=\"https:\/\/jundiai.sp.gov.br\/noticias\/wp-content\/uploads\/sites\/32\/2026\/09\/img_5453-1280x960.jpg 1280w, https:\/\/jundiai.sp.gov.br\/noticias\/wp-content\/uploads\/sites\/32\/2026\/09\/img_5453-300x225.jpg 300w, https:\/\/jundiai.sp.gov.br\/noticias\/wp-content\/uploads\/sites\/32\/2026\/09\/img_5453-768x576.jpg 768w, https:\/\/jundiai.sp.gov.br\/noticias\/wp-content\/uploads\/sites\/32\/2026\/09\/img_5453-1536x1152.jpg 1536w, https:\/\/jundiai.sp.gov.br\/noticias\/wp-content\/uploads\/sites\/32\/2026\/09\/img_5453.jpg 1900w\" sizes=\"auto, (max-width: 1280px) 100vw, 1280px\" \/><figcaption class=\"wp-element-caption\">Juliana Gennarini, adjunta da SME<\/figcaption><\/figure>\n<\/figure>\n\n\n\n<p>Al\u00e9m das Secretarias Municipais de Governo e de Educa\u00e7\u00e3o, o encontro contou com representantes das Secretarias de Desenvolvimento Econ\u00f4mico, Ci\u00eancia e Tecnologia; Administra\u00e7\u00e3o e Gest\u00e3o de Pessoas; Comunica\u00e7\u00e3o; da Companhia de Inform\u00e1tica de Jundia\u00ed (Cijun); e do Sebrae Jundia\u00ed.<\/p>\n\n\n\n<p><strong>Assessoria de Comunica\u00e7\u00e3o<br>Foto: Fot\u00f3grafos PMJ <\/strong><\/p>\n","protected":false},"excerpt":{"rendered":"<p>A Prefeitura de Jundia\u00ed reuniu, na noite desta quinta-feira (3), representantes de 21 confec\u00e7\u00f5es interessadas em participar do novo sistema de aquisi\u00e7\u00e3o de uniformes escolares da rede municipal, a partir do ano letivo de 2027. A proposta \u00e9 que as fam\u00edlias recebam um cr\u00e9dito eletr\u00f4nico para adquirir os uniformes diretamente nos estabelecimentos credenciados em Jundia\u00ed. [&hellip;]<\/p>\n","protected":false},"author":52,"featured_media":387389,"comment_status":"closed","ping_status":"closed","sticky":false,"template":"","format":"standard","meta":{"footnotes":""},"categories":[2],"tags":[6,3192],"ods":[],"class_list":["post-387385","post","type-post","status-publish","format-standard","has-post-thumbnail","hentry","category-noticias","tag-educacao","tag-governo"],"_links":{"self":[{"href":"https:\/\/jundiai.sp.gov.br\/noticias\/wp-json\/wp\/v2\/posts\/387385","targetHints":{"allow":["GET"]}}],"collection":[{"href":"https:\/\/jundiai.sp.gov.br\/noticias\/wp-json\/wp\/v2\/posts"}],"about":[{"href":"https:\/\/jundiai.sp.gov.br\/noticias\/wp-json\/wp\/v2\/types\/post"}],"author":[{"embeddable":true,"href":"https:\/\/jundiai.sp.gov.br\/noticias\/wp-json\/wp\/v2\/users\/52"}],"replies":[{"embeddable":true,"href":"https:\/\/jundiai.sp.gov.br\/noticias\/wp-json\/wp\/v2\/comments?post=387385"}],"version-history":[{"count":3,"href":"https:\/\/jundiai.sp.gov.br\/noticias\/wp-json\/wp\/v2\/posts\/387385\/revisions"}],"predecessor-version":[{"id":387392,"href":"https:\/\/jundiai.sp.gov.br\/noticias\/wp-json\/wp\/v2\/posts\/387385\/revisions\/387392"}],"wp:featuredmedia":[{"embeddable":true,"href":"https:\/\/jundiai.sp.gov.br\/noticias\/wp-json\/wp\/v2\/media\/387389"}],"wp:attachment":[{"href":"https:\/\/jundiai.sp.gov.br\/noticias\/wp-json\/wp\/v2\/media?parent=387385"}],"wp:term":[{"taxonomy":"category","embeddable":true,"href":"https:\/\/jundiai.sp.gov.br\/noticias\/wp-json\/wp\/v2\/categories?post=387385"},{"taxonomy":"post_tag","embeddable":true,"href":"https:\/\/jundiai.sp.gov.br\/noticias\/wp-json\/wp\/v2\/tags?post=387385"},{"taxonomy":"ods","embeddable":true,"href":"https:\/\/jundiai.sp.gov.br\/noticias\/wp-json\/wp\/v2\/ods?post=387385"}],"curies":[{"name":"wp","href":"https:\/\/api.w.org\/{rel}","templated":true}]}}