{"id":387400,"date":"2026-09-06T11:43:00","date_gmt":"2026-09-06T14:43:00","guid":{"rendered":"https:\/\/jundiai.sp.gov.br\/noticias\/?p=387400"},"modified":"2026-09-04T15:12:30","modified_gmt":"2026-09-04T18:12:30","slug":"serra-do-japi-ganha-novas-acoes-de-protecao-tecnologia-e-educacao-ambiental","status":"publish","type":"post","link":"https:\/\/jundiai.sp.gov.br\/noticias\/2026\/09\/06\/serra-do-japi-ganha-novas-acoes-de-protecao-tecnologia-e-educacao-ambiental\/","title":{"rendered":"Serra do Japi ganha novas a\u00e7\u00f5es de prote\u00e7\u00e3o, tecnologia e educa\u00e7\u00e3o ambiental"},"content":{"rendered":"\n<p>O Guardi\u00f5es do Japi vai refor\u00e7ar as a\u00e7\u00f5es de prote\u00e7\u00e3o, monitoramento e educa\u00e7\u00e3o ambiental na Serra do Japi. O novo programa re\u00fane tecnologia, produ\u00e7\u00e3o de dados, preserva\u00e7\u00e3o da biodiversidade e forma\u00e7\u00e3o ambiental, com uma s\u00e9rie de a\u00e7\u00f5es previstas para os pr\u00f3ximos 12 meses.<\/p>\n\n\n\n<p>A iniciativa \u00e9 resultado de uma parceria entre a Funda\u00e7\u00e3o Serra do Japi e a Amazon Web Services (AWS), viabilizada a partir da articula\u00e7\u00e3o da Secretaria Municipal de Desenvolvimento Econ\u00f4mico, Ci\u00eancia e Tecnologia (SMDECT). O programa ser\u00e1 desenvolvido pelo Centro de Orienta\u00e7\u00e3o Ambiental e Tecnologias Integradas (COATI).<\/p>\n\n\n\n<p>Uma das principais frentes ser\u00e1 a estrutura\u00e7\u00e3o de um observat\u00f3rio ambiental, com plataforma de dados abertos e mapas interativos. A ferramenta reunir\u00e1 informa\u00e7\u00f5es sobre recursos h\u00eddricos, uso do solo e biodiversidade, contribuindo para ampliar o conhecimento sobre o territ\u00f3rio e subsidiar a\u00e7\u00f5es de preserva\u00e7\u00e3o e tomadas de decis\u00e3o.<\/p>\n\n\n\n<figure class=\"wp-block-image size-large\"><img loading=\"lazy\" decoding=\"async\" width=\"1280\" height=\"854\" src=\"https:\/\/jundiai.sp.gov.br\/noticias\/wp-content\/uploads\/sites\/32\/2026\/09\/olhos_da_serra_do_japi_v-104-1280x854.jpg\" alt=\"\" class=\"wp-image-387403\" srcset=\"https:\/\/jundiai.sp.gov.br\/noticias\/wp-content\/uploads\/sites\/32\/2026\/09\/olhos_da_serra_do_japi_v-104-1280x854.jpg 1280w, https:\/\/jundiai.sp.gov.br\/noticias\/wp-content\/uploads\/sites\/32\/2026\/09\/olhos_da_serra_do_japi_v-104-300x200.jpg 300w, https:\/\/jundiai.sp.gov.br\/noticias\/wp-content\/uploads\/sites\/32\/2026\/09\/olhos_da_serra_do_japi_v-104-768x512.jpg 768w, https:\/\/jundiai.sp.gov.br\/noticias\/wp-content\/uploads\/sites\/32\/2026\/09\/olhos_da_serra_do_japi_v-104-1536x1024.jpg 1536w, https:\/\/jundiai.sp.gov.br\/noticias\/wp-content\/uploads\/sites\/32\/2026\/09\/olhos_da_serra_do_japi_v-104-450x300.jpg 450w, https:\/\/jundiai.sp.gov.br\/noticias\/wp-content\/uploads\/sites\/32\/2026\/09\/olhos_da_serra_do_japi_v-104.jpg 1900w\" sizes=\"auto, (max-width: 1280px) 100vw, 1280px\" \/><figcaption class=\"wp-element-caption\">Serra do Japi \u00e9 um raro remanescente de Mata Atl\u00e2ntica no interior do estado de S\u00e3o Paulo<\/figcaption><\/figure>\n\n\n\n<p>O Guardi\u00f5es do Japi tamb\u00e9m vai fortalecer a preven\u00e7\u00e3o e o combate aos inc\u00eandios florestais. A Brigada de Inc\u00eandio Volunt\u00e1ria apoiada pela Funda\u00e7\u00e3o Serra do Japi receber\u00e1 novos equipamentos, como EPIs espec\u00edficos, ferramentas florestais e equipamentos de radiocomunica\u00e7\u00e3o, al\u00e9m de treinamento. O programa tamb\u00e9m prev\u00ea o mapeamento preventivo de \u00e1reas com risco de queimadas.<\/p>\n\n\n\n<p>Na educa\u00e7\u00e3o ambiental, 800 alunos dos ensinos Fundamental e M\u00e9dio, de escolas p\u00fablicas e privadas, participar\u00e3o de aulas de campo e oficinas de biodiversidade. A proposta \u00e9 aproximar crian\u00e7as e jovens da Serra e contribuir para a forma\u00e7\u00e3o de uma nova gera\u00e7\u00e3o comprometida com a conserva\u00e7\u00e3o ambiental.<\/p>\n\n\n\n<p>Outra frente ser\u00e1 a recupera\u00e7\u00e3o h\u00eddrica e ecol\u00f3gica de \u00e1reas priorit\u00e1rias, entre elas a Cachoeira Morangaba e seu entorno e o Morro da Baleia. Est\u00e3o previstas a\u00e7\u00f5es de conten\u00e7\u00e3o de eros\u00f5es e o plantio de 200 mudas de esp\u00e9cies nativas da Mata Atl\u00e2ntica. O projeto tamb\u00e9m contempla o levantamento e monitoramento da fauna, incluindo esp\u00e9cies como veados, macacos, iraras, cachorros-do-mato, tatus e jaguatiricas.<\/p>\n\n\n\n<p>\u201cO projeto amplia as a\u00e7\u00f5es de conscientiza\u00e7\u00e3o e de preserva\u00e7\u00e3o da \u00e1rea. Ser\u00e3o produzidos dados e levantamentos em \u00e1reas in\u00e9ditas, que contemplam recursos h\u00eddricos e biodiversidade, al\u00e9m de fortalecer grupos organizados que atuam na prote\u00e7\u00e3o da Serra do Japi\u201d, explicou Fl\u00e1vio Gramolelli Junior, superintendente da Funda\u00e7\u00e3o Serra do Japi.<\/p>\n\n\n\n<p>A execu\u00e7\u00e3o do programa ser\u00e1 acompanhada por um Conselho Consultivo formado por representantes da Funda\u00e7\u00e3o Serra do Japi, AWS e COATI. O grupo far\u00e1 o acompanhamento peri\u00f3dico das metas, entregas e resultados, com base nos indicadores socioambientais definidos para o projeto.<\/p>\n\n\n\n<p><strong>Assessoria de Imprensa<\/strong><br><strong>Fotos: Fot\u00f3grafos PMJ<\/strong><\/p>\n","protected":false},"excerpt":{"rendered":"<p>O Guardi\u00f5es do Japi vai refor\u00e7ar as a\u00e7\u00f5es de prote\u00e7\u00e3o, monitoramento e educa\u00e7\u00e3o ambiental na Serra do Japi. O novo programa re\u00fane tecnologia, produ\u00e7\u00e3o de dados, preserva\u00e7\u00e3o da biodiversidade e forma\u00e7\u00e3o ambiental, com uma s\u00e9rie de a\u00e7\u00f5es previstas para os pr\u00f3ximos 12 meses. A iniciativa \u00e9 resultado de uma parceria entre a Funda\u00e7\u00e3o Serra do [&hellip;]<\/p>\n","protected":false},"author":54,"featured_media":387404,"comment_status":"closed","ping_status":"0","sticky":false,"template":"","format":"standard","meta":{"footnotes":""},"categories":[4620,2],"tags":[4981,2324,574,1209,7032,5812,323,5585],"ods":[],"class_list":["post-387400","post","type-post","status-publish","format-standard","has-post-thumbnail","hentry","category-destaques","category-noticias","tag-ciencia-e-tecnologia","tag-desenvolvimento-economico","tag-fundacao-serra-do-japi","tag-meio-ambiente","tag-programa-guardioes-do-japi","tag-secretaria-municipal-de-desenvolvimento-economico-2","tag-serra-do-japi","tag-smdect"],"_links":{"self":[{"href":"https:\/\/jundiai.sp.gov.br\/noticias\/wp-json\/wp\/v2\/posts\/387400","targetHints":{"allow":["GET"]}}],"collection":[{"href":"https:\/\/jundiai.sp.gov.br\/noticias\/wp-json\/wp\/v2\/posts"}],"about":[{"href":"https:\/\/jundiai.sp.gov.br\/noticias\/wp-json\/wp\/v2\/types\/post"}],"author":[{"embeddable":true,"href":"https:\/\/jundiai.sp.gov.br\/noticias\/wp-json\/wp\/v2\/users\/54"}],"replies":[{"embeddable":true,"href":"https:\/\/jundiai.sp.gov.br\/noticias\/wp-json\/wp\/v2\/comments?post=387400"}],"version-history":[{"count":4,"href":"https:\/\/jundiai.sp.gov.br\/noticias\/wp-json\/wp\/v2\/posts\/387400\/revisions"}],"predecessor-version":[{"id":387414,"href":"https:\/\/jundiai.sp.gov.br\/noticias\/wp-json\/wp\/v2\/posts\/387400\/revisions\/387414"}],"wp:featuredmedia":[{"embeddable":true,"href":"https:\/\/jundiai.sp.gov.br\/noticias\/wp-json\/wp\/v2\/media\/387404"}],"wp:attachment":[{"href":"https:\/\/jundiai.sp.gov.br\/noticias\/wp-json\/wp\/v2\/media?parent=387400"}],"wp:term":[{"taxonomy":"category","embeddable":true,"href":"https:\/\/jundiai.sp.gov.br\/noticias\/wp-json\/wp\/v2\/categories?post=387400"},{"taxonomy":"post_tag","embeddable":true,"href":"https:\/\/jundiai.sp.gov.br\/noticias\/wp-json\/wp\/v2\/tags?post=387400"},{"taxonomy":"ods","embeddable":true,"href":"https:\/\/jundiai.sp.gov.br\/noticias\/wp-json\/wp\/v2\/ods?post=387400"}],"curies":[{"name":"wp","href":"https:\/\/api.w.org\/{rel}","templated":true}]}}