{"id":387411,"date":"2026-09-04T16:32:49","date_gmt":"2026-09-04T19:32:49","guid":{"rendered":"https:\/\/jundiai.sp.gov.br\/noticias\/?p=387411"},"modified":"2026-09-04T16:32:49","modified_gmt":"2026-09-04T19:32:49","slug":"rua-fulvio-marani-na-ponte-sao-joao-tera-faixa-de-rolamento-ampliada-para-melhorar-circulacao-via-sera-interditada-neste-sabado-5","status":"publish","type":"post","link":"https:\/\/jundiai.sp.gov.br\/noticias\/2026\/09\/04\/rua-fulvio-marani-na-ponte-sao-joao-tera-faixa-de-rolamento-ampliada-para-melhorar-circulacao-via-sera-interditada-neste-sabado-5\/","title":{"rendered":"Rua Fulvio Marani, na Ponte S\u00e3o Jo\u00e3o, ter\u00e1 faixa de rolamento ampliada para melhorar circula\u00e7\u00e3o; via ser\u00e1 interditada neste s\u00e1bado (5)"},"content":{"rendered":"\n<p>Para melhorar a circula\u00e7\u00e3o de ve\u00edculos e ampliar o espa\u00e7o vi\u00e1rio na Ponte S\u00e3o Jo\u00e3o, a Prefeitura de Jundia\u00ed inicia neste s\u00e1bado (5) uma interven\u00e7\u00e3o na Rua Fulvio Marani. Para a execu\u00e7\u00e3o dos trabalhos, a via ser\u00e1 interditada.<\/p>\n\n\n\n<p>A obra ser\u00e1 realizada pela Secretaria Municipal de Infraestrutura e Servi\u00e7os P\u00fablicos (SMISP) e contempla a retirada do canteiro central e a amplia\u00e7\u00e3o da faixa de rolamento. Na sequ\u00eancia, as equipes realizar\u00e3o o nivelamento do solo e, posteriormente, a pavimenta\u00e7\u00e3o da via.<\/p>\n\n\n\n<figure class=\"wp-block-gallery has-nested-images columns-default is-cropped wp-block-gallery-1 is-layout-flex wp-block-gallery-is-layout-flex\">\n<figure class=\"wp-block-image size-large\"><img loading=\"lazy\" decoding=\"async\" width=\"1280\" height=\"854\" data-id=\"387444\" src=\"https:\/\/jundiai.sp.gov.br\/noticias\/wp-content\/uploads\/sites\/32\/2026\/09\/alteracao_viaria_ozanam_fulvio_marani_d-6-1280x854.jpg\" alt=\"\" class=\"wp-image-387444\" srcset=\"https:\/\/jundiai.sp.gov.br\/noticias\/wp-content\/uploads\/sites\/32\/2026\/09\/alteracao_viaria_ozanam_fulvio_marani_d-6-1280x854.jpg 1280w, https:\/\/jundiai.sp.gov.br\/noticias\/wp-content\/uploads\/sites\/32\/2026\/09\/alteracao_viaria_ozanam_fulvio_marani_d-6-300x200.jpg 300w, https:\/\/jundiai.sp.gov.br\/noticias\/wp-content\/uploads\/sites\/32\/2026\/09\/alteracao_viaria_ozanam_fulvio_marani_d-6-768x512.jpg 768w, https:\/\/jundiai.sp.gov.br\/noticias\/wp-content\/uploads\/sites\/32\/2026\/09\/alteracao_viaria_ozanam_fulvio_marani_d-6-1536x1024.jpg 1536w, https:\/\/jundiai.sp.gov.br\/noticias\/wp-content\/uploads\/sites\/32\/2026\/09\/alteracao_viaria_ozanam_fulvio_marani_d-6-450x300.jpg 450w, https:\/\/jundiai.sp.gov.br\/noticias\/wp-content\/uploads\/sites\/32\/2026\/09\/alteracao_viaria_ozanam_fulvio_marani_d-6.jpg 1900w\" sizes=\"auto, (max-width: 1280px) 100vw, 1280px\" \/><\/figure>\n\n\n\n<figure class=\"wp-block-image size-large\"><img loading=\"lazy\" decoding=\"async\" width=\"1280\" height=\"854\" data-id=\"387445\" src=\"https:\/\/jundiai.sp.gov.br\/noticias\/wp-content\/uploads\/sites\/32\/2026\/09\/alteracao_viaria_ozanam_fulvio_marani_d-7-1280x854.jpg\" alt=\"\" class=\"wp-image-387445\" srcset=\"https:\/\/jundiai.sp.gov.br\/noticias\/wp-content\/uploads\/sites\/32\/2026\/09\/alteracao_viaria_ozanam_fulvio_marani_d-7-1280x854.jpg 1280w, https:\/\/jundiai.sp.gov.br\/noticias\/wp-content\/uploads\/sites\/32\/2026\/09\/alteracao_viaria_ozanam_fulvio_marani_d-7-300x200.jpg 300w, https:\/\/jundiai.sp.gov.br\/noticias\/wp-content\/uploads\/sites\/32\/2026\/09\/alteracao_viaria_ozanam_fulvio_marani_d-7-768x512.jpg 768w, https:\/\/jundiai.sp.gov.br\/noticias\/wp-content\/uploads\/sites\/32\/2026\/09\/alteracao_viaria_ozanam_fulvio_marani_d-7-1536x1024.jpg 1536w, https:\/\/jundiai.sp.gov.br\/noticias\/wp-content\/uploads\/sites\/32\/2026\/09\/alteracao_viaria_ozanam_fulvio_marani_d-7-450x300.jpg 450w, https:\/\/jundiai.sp.gov.br\/noticias\/wp-content\/uploads\/sites\/32\/2026\/09\/alteracao_viaria_ozanam_fulvio_marani_d-7.jpg 1900w\" sizes=\"auto, (max-width: 1280px) 100vw, 1280px\" \/><\/figure>\n<figcaption class=\"blocks-gallery-caption wp-element-caption\">Rua Fulvio Marani, na Ponte S\u00e3o Jo\u00e3o, ser\u00e1 interditada para obras<\/figcaption><\/figure>\n\n\n\n<p><strong>Orienta\u00e7\u00f5es aos motoristas<\/strong><br><br>De acordo com a Secretaria de Mobilidade e Transporte (SMMT), o motorista que trafega pela Avenida Ant\u00f4nio Frederico Ozanam e deseja acessar a Rua Osvaldo Cruz dever\u00e1 seguir em frente e virar \u00e0 direita na Avenida Padre \u00c2ngelo Cremonti. Em seguida, dever\u00e1 acessar a Rua Carlos Gomes, cruzar a Avenida S\u00e3o Jo\u00e3o e seguir at\u00e9 o acesso \u00e0 Rua Osvaldo Cruz.<\/p>\n\n\n\n<figure class=\"wp-block-gallery has-nested-images columns-default is-cropped wp-block-gallery-2 is-layout-flex wp-block-gallery-is-layout-flex\">\n<figure class=\"wp-block-image size-large\"><img loading=\"lazy\" decoding=\"async\" width=\"1280\" height=\"854\" data-id=\"387451\" src=\"https:\/\/jundiai.sp.gov.br\/noticias\/wp-content\/uploads\/sites\/32\/2026\/09\/alteracao_viaria_ozanam_fulvio_marani_d-18-1280x854.jpg\" alt=\"\" class=\"wp-image-387451\" srcset=\"https:\/\/jundiai.sp.gov.br\/noticias\/wp-content\/uploads\/sites\/32\/2026\/09\/alteracao_viaria_ozanam_fulvio_marani_d-18-1280x854.jpg 1280w, https:\/\/jundiai.sp.gov.br\/noticias\/wp-content\/uploads\/sites\/32\/2026\/09\/alteracao_viaria_ozanam_fulvio_marani_d-18-300x200.jpg 300w, https:\/\/jundiai.sp.gov.br\/noticias\/wp-content\/uploads\/sites\/32\/2026\/09\/alteracao_viaria_ozanam_fulvio_marani_d-18-768x512.jpg 768w, https:\/\/jundiai.sp.gov.br\/noticias\/wp-content\/uploads\/sites\/32\/2026\/09\/alteracao_viaria_ozanam_fulvio_marani_d-18-1536x1024.jpg 1536w, https:\/\/jundiai.sp.gov.br\/noticias\/wp-content\/uploads\/sites\/32\/2026\/09\/alteracao_viaria_ozanam_fulvio_marani_d-18-450x300.jpg 450w, https:\/\/jundiai.sp.gov.br\/noticias\/wp-content\/uploads\/sites\/32\/2026\/09\/alteracao_viaria_ozanam_fulvio_marani_d-18.jpg 1900w\" sizes=\"auto, (max-width: 1280px) 100vw, 1280px\" \/><\/figure>\n\n\n\n<figure class=\"wp-block-image size-large\"><img loading=\"lazy\" decoding=\"async\" width=\"1280\" height=\"854\" data-id=\"387450\" src=\"https:\/\/jundiai.sp.gov.br\/noticias\/wp-content\/uploads\/sites\/32\/2026\/09\/alteracao_viaria_ozanam_fulvio_marani_d-21-1-1280x854.jpg\" alt=\"\" class=\"wp-image-387450\" srcset=\"https:\/\/jundiai.sp.gov.br\/noticias\/wp-content\/uploads\/sites\/32\/2026\/09\/alteracao_viaria_ozanam_fulvio_marani_d-21-1-1280x854.jpg 1280w, https:\/\/jundiai.sp.gov.br\/noticias\/wp-content\/uploads\/sites\/32\/2026\/09\/alteracao_viaria_ozanam_fulvio_marani_d-21-1-300x200.jpg 300w, https:\/\/jundiai.sp.gov.br\/noticias\/wp-content\/uploads\/sites\/32\/2026\/09\/alteracao_viaria_ozanam_fulvio_marani_d-21-1-768x512.jpg 768w, https:\/\/jundiai.sp.gov.br\/noticias\/wp-content\/uploads\/sites\/32\/2026\/09\/alteracao_viaria_ozanam_fulvio_marani_d-21-1-1536x1024.jpg 1536w, https:\/\/jundiai.sp.gov.br\/noticias\/wp-content\/uploads\/sites\/32\/2026\/09\/alteracao_viaria_ozanam_fulvio_marani_d-21-1-450x300.jpg 450w, https:\/\/jundiai.sp.gov.br\/noticias\/wp-content\/uploads\/sites\/32\/2026\/09\/alteracao_viaria_ozanam_fulvio_marani_d-21-1.jpg 1900w\" sizes=\"auto, (max-width: 1280px) 100vw, 1280px\" \/><\/figure>\n<figcaption class=\"blocks-gallery-caption wp-element-caption\">Avenida Ant\u00f4nio Frederico Ozanam x Avenida Padre \u00c2ngelo Cremonti: acesso para Rua Osvaldo Cruz<\/figcaption><\/figure>\n\n\n\n<p>J\u00e1 os motoristas que trafegam pela Rua Osvaldo Cruz e desejam acessar a Avenida Ant\u00f4nio Frederico Ozanam dever\u00e3o seguir em frente at\u00e9 a Pra\u00e7a Francisco C\u00e2ndido Xavier.<\/p>\n\n\n\n<p>Durante o per\u00edodo de obras, para garantir a seguran\u00e7a de motoristas, pedestres e trabalhadores envolvidos nos servi\u00e7os, a SMMT implantar\u00e1 sinaliza\u00e7\u00e3o vi\u00e1ria.<\/p>\n\n\n\n<p>A orienta\u00e7\u00e3o aos condutores \u00e9 para que respeitem as sinaliza\u00e7\u00f5es de interdi\u00e7\u00e3o e desvio, reduzam a velocidade ao trafegar nas proximidades da obra e programem seus deslocamentos com anteced\u00eancia.<\/p>\n\n\n\n<p>Ap\u00f3s a conclus\u00e3o das obras, a Rua Fulvio Marani passar\u00e1 a ter sentido \u00fanico de circula\u00e7\u00e3o, para os motoristas que trafegam pela Avenida Ant\u00f4nio Frederico Ozanam e desejam acessar a Rua Osvaldo Cruz.<\/p>\n\n\n\n<figure class=\"wp-block-gallery has-nested-images columns-default is-cropped wp-block-gallery-3 is-layout-flex wp-block-gallery-is-layout-flex\">\n<figure class=\"wp-block-image size-large\"><img loading=\"lazy\" decoding=\"async\" width=\"1280\" height=\"854\" data-id=\"387454\" src=\"https:\/\/jundiai.sp.gov.br\/noticias\/wp-content\/uploads\/sites\/32\/2026\/09\/alteracao_viaria_ozanam_fulvio_marani_d-13-1280x854.jpg\" alt=\"\" class=\"wp-image-387454\" srcset=\"https:\/\/jundiai.sp.gov.br\/noticias\/wp-content\/uploads\/sites\/32\/2026\/09\/alteracao_viaria_ozanam_fulvio_marani_d-13-1280x854.jpg 1280w, https:\/\/jundiai.sp.gov.br\/noticias\/wp-content\/uploads\/sites\/32\/2026\/09\/alteracao_viaria_ozanam_fulvio_marani_d-13-300x200.jpg 300w, https:\/\/jundiai.sp.gov.br\/noticias\/wp-content\/uploads\/sites\/32\/2026\/09\/alteracao_viaria_ozanam_fulvio_marani_d-13-768x512.jpg 768w, https:\/\/jundiai.sp.gov.br\/noticias\/wp-content\/uploads\/sites\/32\/2026\/09\/alteracao_viaria_ozanam_fulvio_marani_d-13-1536x1024.jpg 1536w, https:\/\/jundiai.sp.gov.br\/noticias\/wp-content\/uploads\/sites\/32\/2026\/09\/alteracao_viaria_ozanam_fulvio_marani_d-13-450x300.jpg 450w, https:\/\/jundiai.sp.gov.br\/noticias\/wp-content\/uploads\/sites\/32\/2026\/09\/alteracao_viaria_ozanam_fulvio_marani_d-13.jpg 1900w\" sizes=\"auto, (max-width: 1280px) 100vw, 1280px\" \/><figcaption class=\"wp-element-caption\">Rua Osvaldo Cruz x Fulvio Marani<\/figcaption><\/figure>\n\n\n\n<figure class=\"wp-block-image size-large\"><img loading=\"lazy\" decoding=\"async\" width=\"1280\" height=\"854\" data-id=\"387453\" src=\"https:\/\/jundiai.sp.gov.br\/noticias\/wp-content\/uploads\/sites\/32\/2026\/09\/alteracao_viaria_ozanam_fulvio_marani_d-17-1280x854.jpg\" alt=\"\" class=\"wp-image-387453\" srcset=\"https:\/\/jundiai.sp.gov.br\/noticias\/wp-content\/uploads\/sites\/32\/2026\/09\/alteracao_viaria_ozanam_fulvio_marani_d-17-1280x854.jpg 1280w, https:\/\/jundiai.sp.gov.br\/noticias\/wp-content\/uploads\/sites\/32\/2026\/09\/alteracao_viaria_ozanam_fulvio_marani_d-17-300x200.jpg 300w, https:\/\/jundiai.sp.gov.br\/noticias\/wp-content\/uploads\/sites\/32\/2026\/09\/alteracao_viaria_ozanam_fulvio_marani_d-17-768x512.jpg 768w, https:\/\/jundiai.sp.gov.br\/noticias\/wp-content\/uploads\/sites\/32\/2026\/09\/alteracao_viaria_ozanam_fulvio_marani_d-17-1536x1024.jpg 1536w, https:\/\/jundiai.sp.gov.br\/noticias\/wp-content\/uploads\/sites\/32\/2026\/09\/alteracao_viaria_ozanam_fulvio_marani_d-17-450x300.jpg 450w, https:\/\/jundiai.sp.gov.br\/noticias\/wp-content\/uploads\/sites\/32\/2026\/09\/alteracao_viaria_ozanam_fulvio_marani_d-17.jpg 1900w\" sizes=\"auto, (max-width: 1280px) 100vw, 1280px\" \/><figcaption class=\"wp-element-caption\">Rua Osvaldo Cruz<\/figcaption><\/figure>\n<\/figure>\n\n\n\n<p><strong>Assessoria de Imprensa<br>Fotos: Fot\u00f3grafo PMJ<\/strong><\/p>\n","protected":false},"excerpt":{"rendered":"<p>Para melhorar a circula\u00e7\u00e3o de ve\u00edculos e ampliar o espa\u00e7o vi\u00e1rio na Ponte S\u00e3o Jo\u00e3o, a Prefeitura de Jundia\u00ed inicia neste s\u00e1bado (5) uma interven\u00e7\u00e3o na Rua Fulvio Marani. Para a execu\u00e7\u00e3o dos trabalhos, a via ser\u00e1 interditada. A obra ser\u00e1 realizada pela Secretaria Municipal de Infraestrutura e Servi\u00e7os P\u00fablicos (SMISP) e contempla a retirada [&hellip;]<\/p>\n","protected":false},"author":123,"featured_media":387444,"comment_status":"closed","ping_status":"0","sticky":false,"template":"","format":"standard","meta":{"footnotes":""},"categories":[4620,2],"tags":[985,982],"ods":[],"class_list":["post-387411","post","type-post","status-publish","format-standard","has-post-thumbnail","hentry","category-destaques","category-noticias","tag-infraestrutura-e-servicos-publicos","tag-mobilidade-e-transporte"],"_links":{"self":[{"href":"https:\/\/jundiai.sp.gov.br\/noticias\/wp-json\/wp\/v2\/posts\/387411","targetHints":{"allow":["GET"]}}],"collection":[{"href":"https:\/\/jundiai.sp.gov.br\/noticias\/wp-json\/wp\/v2\/posts"}],"about":[{"href":"https:\/\/jundiai.sp.gov.br\/noticias\/wp-json\/wp\/v2\/types\/post"}],"author":[{"embeddable":true,"href":"https:\/\/jundiai.sp.gov.br\/noticias\/wp-json\/wp\/v2\/users\/123"}],"replies":[{"embeddable":true,"href":"https:\/\/jundiai.sp.gov.br\/noticias\/wp-json\/wp\/v2\/comments?post=387411"}],"version-history":[{"count":5,"href":"https:\/\/jundiai.sp.gov.br\/noticias\/wp-json\/wp\/v2\/posts\/387411\/revisions"}],"predecessor-version":[{"id":387457,"href":"https:\/\/jundiai.sp.gov.br\/noticias\/wp-json\/wp\/v2\/posts\/387411\/revisions\/387457"}],"wp:featuredmedia":[{"embeddable":true,"href":"https:\/\/jundiai.sp.gov.br\/noticias\/wp-json\/wp\/v2\/media\/387444"}],"wp:attachment":[{"href":"https:\/\/jundiai.sp.gov.br\/noticias\/wp-json\/wp\/v2\/media?parent=387411"}],"wp:term":[{"taxonomy":"category","embeddable":true,"href":"https:\/\/jundiai.sp.gov.br\/noticias\/wp-json\/wp\/v2\/categories?post=387411"},{"taxonomy":"post_tag","embeddable":true,"href":"https:\/\/jundiai.sp.gov.br\/noticias\/wp-json\/wp\/v2\/tags?post=387411"},{"taxonomy":"ods","embeddable":true,"href":"https:\/\/jundiai.sp.gov.br\/noticias\/wp-json\/wp\/v2\/ods?post=387411"}],"curies":[{"name":"wp","href":"https:\/\/api.w.org\/{rel}","templated":true}]}}