{"id":387426,"date":"2026-09-05T09:04:00","date_gmt":"2026-09-05T12:04:00","guid":{"rendered":"https:\/\/jundiai.sp.gov.br\/noticias\/?p=387426"},"modified":"2026-09-04T16:35:45","modified_gmt":"2026-09-04T19:35:45","slug":"festa-da-uva-2027-edital-abre-credenciamento-para-expositores","status":"publish","type":"post","link":"https:\/\/jundiai.sp.gov.br\/noticias\/2026\/09\/05\/festa-da-uva-2027-edital-abre-credenciamento-para-expositores\/","title":{"rendered":"Festa da Uva 2027: edital abre credenciamento para expositores"},"content":{"rendered":"\n<p>Empresas e entidades de Jundia\u00ed interessadas em participar como expositores da 42\u00aa Festa da Uva de Jundia\u00ed e 13\u00aa Expo Vinhos 2027 j\u00e1 podem consultar as regras e realizar a inscri\u00e7\u00e3o. A secretaria de Agroneg\u00f3cio, Abastecimento e Turismo, publicou o edital de chamamento p\u00fablico para credenciamento nesta sexta-feira (4) e prev\u00ea a sele\u00e7\u00e3o de expositores para diferentes espa\u00e7os do evento, que ser\u00e1 realizado de 14 de janeiro a 7 de fevereiro de 2027, no Parque Comendador Ant\u00f4nio Carbonari.<\/p>\n\n\n\n<p>As inscri\u00e7\u00f5es devem ser feitas at\u00e9 21 de setembro, \u00e0s 17h, por meio de <a href=\"https:\/\/bit.ly\/editalfestadauva2027\">formul\u00e1rio online<\/a> dispon\u00edvel no site oficial da Festa da Uva, na \u00e1rea \u201cEditais e documentos\u201d. Os documentos exigidos tamb\u00e9m dever\u00e3o ser encaminhados digitalmente, em formato PDF, conforme as orienta\u00e7\u00f5es do edital.<\/p>\n\n\n\n<figure class=\"wp-block-gallery has-nested-images columns-default is-cropped wp-block-gallery-1 is-layout-flex wp-block-gallery-is-layout-flex\">\n<figure class=\"wp-block-image size-large\"><img loading=\"lazy\" decoding=\"async\" width=\"1280\" height=\"854\" data-id=\"387433\" src=\"https:\/\/jundiai.sp.gov.br\/noticias\/wp-content\/uploads\/sites\/32\/2026\/09\/55046320775_9a41dde959_o-1-1280x854.jpg\" alt=\"\" class=\"wp-image-387433\" srcset=\"https:\/\/jundiai.sp.gov.br\/noticias\/wp-content\/uploads\/sites\/32\/2026\/09\/55046320775_9a41dde959_o-1-1280x854.jpg 1280w, https:\/\/jundiai.sp.gov.br\/noticias\/wp-content\/uploads\/sites\/32\/2026\/09\/55046320775_9a41dde959_o-1-300x200.jpg 300w, https:\/\/jundiai.sp.gov.br\/noticias\/wp-content\/uploads\/sites\/32\/2026\/09\/55046320775_9a41dde959_o-1-768x512.jpg 768w, https:\/\/jundiai.sp.gov.br\/noticias\/wp-content\/uploads\/sites\/32\/2026\/09\/55046320775_9a41dde959_o-1-1536x1024.jpg 1536w, https:\/\/jundiai.sp.gov.br\/noticias\/wp-content\/uploads\/sites\/32\/2026\/09\/55046320775_9a41dde959_o-1-450x300.jpg 450w, https:\/\/jundiai.sp.gov.br\/noticias\/wp-content\/uploads\/sites\/32\/2026\/09\/55046320775_9a41dde959_o-1.jpg 1900w\" sizes=\"auto, (max-width: 1280px) 100vw, 1280px\" \/><\/figure>\n<\/figure>\n\n\n\n<p>Podem participar empresas e entidades legalmente constitu\u00eddas e com sede em Jundia\u00ed, de acordo com os crit\u00e9rios espec\u00edficos de cada espa\u00e7o. O credenciamento contempla, entre outros, o Espa\u00e7o Deguste Jundia\u00ed, Emp\u00f3rio de Jundia\u00ed, Espa\u00e7o das Entidades, Espa\u00e7o das Frutas, Espa\u00e7o dos Vinhos, Espa\u00e7o das Ag\u00eancias, Espa\u00e7o Feira Livre de Jundia\u00ed, Espa\u00e7o Geek e Espa\u00e7o Rota da Cerveja.<\/p>\n\n\n\n<p>Entre as exig\u00eancias gerais est\u00e3o a apresenta\u00e7\u00e3o de CNPJ atualizado, Certid\u00e3o Negativa de D\u00e9bitos Municipais e comprovante de endere\u00e7o. Algumas categorias possuem ainda documenta\u00e7\u00e3o e requisitos espec\u00edficos. Para o Espa\u00e7o das Frutas, por exemplo, s\u00e3o exigidos crit\u00e9rios relacionados \u00e0 produ\u00e7\u00e3o de uva; para vinhos e cervejas, h\u00e1 exig\u00eancias de registros junto ao Minist\u00e9rio da Agricultura, Pecu\u00e1ria e Abastecimento (MAPA); j\u00e1 o Espa\u00e7o Geek possui requisitos pr\u00f3prios relacionados \u00e0s atividades e produtos oferecidos.<\/p>\n\n\n\n<figure class=\"wp-block-gallery has-nested-images columns-default is-cropped wp-block-gallery-2 is-layout-flex wp-block-gallery-is-layout-flex\">\n<figure class=\"wp-block-image size-large\"><img loading=\"lazy\" decoding=\"async\" width=\"1280\" height=\"854\" data-id=\"387435\" src=\"https:\/\/jundiai.sp.gov.br\/noticias\/wp-content\/uploads\/sites\/32\/2026\/09\/55046321250_24922e660c_o-1280x854.jpg\" alt=\"\" class=\"wp-image-387435\" srcset=\"https:\/\/jundiai.sp.gov.br\/noticias\/wp-content\/uploads\/sites\/32\/2026\/09\/55046321250_24922e660c_o-1280x854.jpg 1280w, https:\/\/jundiai.sp.gov.br\/noticias\/wp-content\/uploads\/sites\/32\/2026\/09\/55046321250_24922e660c_o-300x200.jpg 300w, https:\/\/jundiai.sp.gov.br\/noticias\/wp-content\/uploads\/sites\/32\/2026\/09\/55046321250_24922e660c_o-768x512.jpg 768w, https:\/\/jundiai.sp.gov.br\/noticias\/wp-content\/uploads\/sites\/32\/2026\/09\/55046321250_24922e660c_o-1536x1024.jpg 1536w, https:\/\/jundiai.sp.gov.br\/noticias\/wp-content\/uploads\/sites\/32\/2026\/09\/55046321250_24922e660c_o-450x300.jpg 450w, https:\/\/jundiai.sp.gov.br\/noticias\/wp-content\/uploads\/sites\/32\/2026\/09\/55046321250_24922e660c_o.jpg 1900w\" sizes=\"auto, (max-width: 1280px) 100vw, 1280px\" \/><\/figure>\n\n\n\n<figure class=\"wp-block-image size-large\"><img loading=\"lazy\" decoding=\"async\" width=\"1280\" height=\"854\" data-id=\"387436\" src=\"https:\/\/jundiai.sp.gov.br\/noticias\/wp-content\/uploads\/sites\/32\/2026\/09\/55050201996_bf569f3da3_o-1280x854.jpg\" alt=\"\" class=\"wp-image-387436\" srcset=\"https:\/\/jundiai.sp.gov.br\/noticias\/wp-content\/uploads\/sites\/32\/2026\/09\/55050201996_bf569f3da3_o-1280x854.jpg 1280w, https:\/\/jundiai.sp.gov.br\/noticias\/wp-content\/uploads\/sites\/32\/2026\/09\/55050201996_bf569f3da3_o-300x200.jpg 300w, https:\/\/jundiai.sp.gov.br\/noticias\/wp-content\/uploads\/sites\/32\/2026\/09\/55050201996_bf569f3da3_o-768x512.jpg 768w, https:\/\/jundiai.sp.gov.br\/noticias\/wp-content\/uploads\/sites\/32\/2026\/09\/55050201996_bf569f3da3_o-1536x1024.jpg 1536w, https:\/\/jundiai.sp.gov.br\/noticias\/wp-content\/uploads\/sites\/32\/2026\/09\/55050201996_bf569f3da3_o-450x300.jpg 450w, https:\/\/jundiai.sp.gov.br\/noticias\/wp-content\/uploads\/sites\/32\/2026\/09\/55050201996_bf569f3da3_o.jpg 1900w\" sizes=\"auto, (max-width: 1280px) 100vw, 1280px\" \/><\/figure>\n\n\n\n<figure class=\"wp-block-image size-large\"><img loading=\"lazy\" decoding=\"async\" width=\"1280\" height=\"854\" data-id=\"387437\" src=\"https:\/\/jundiai.sp.gov.br\/noticias\/wp-content\/uploads\/sites\/32\/2026\/09\/55062754019_5fa9c17840_o-1280x854.jpg\" alt=\"\" class=\"wp-image-387437\" srcset=\"https:\/\/jundiai.sp.gov.br\/noticias\/wp-content\/uploads\/sites\/32\/2026\/09\/55062754019_5fa9c17840_o-1280x854.jpg 1280w, https:\/\/jundiai.sp.gov.br\/noticias\/wp-content\/uploads\/sites\/32\/2026\/09\/55062754019_5fa9c17840_o-300x200.jpg 300w, https:\/\/jundiai.sp.gov.br\/noticias\/wp-content\/uploads\/sites\/32\/2026\/09\/55062754019_5fa9c17840_o-768x512.jpg 768w, https:\/\/jundiai.sp.gov.br\/noticias\/wp-content\/uploads\/sites\/32\/2026\/09\/55062754019_5fa9c17840_o-1536x1024.jpg 1536w, https:\/\/jundiai.sp.gov.br\/noticias\/wp-content\/uploads\/sites\/32\/2026\/09\/55062754019_5fa9c17840_o-450x300.jpg 450w, https:\/\/jundiai.sp.gov.br\/noticias\/wp-content\/uploads\/sites\/32\/2026\/09\/55062754019_5fa9c17840_o.jpg 1900w\" sizes=\"auto, (max-width: 1280px) 100vw, 1280px\" \/><\/figure>\n<\/figure>\n\n\n\n<p>A sele\u00e7\u00e3o ser\u00e1 realizada por uma comiss\u00e3o formada por representantes da Associa\u00e7\u00e3o Agr\u00edcola de Jundia\u00ed e da Secretaria Municipal de Agroneg\u00f3cio, Abastecimento e Turismo. A primeira etapa do resultado est\u00e1 prevista para 1\u00ba de outubro, e a publica\u00e7\u00e3o final dos selecionados, para 15 de outubro de 2026.<\/p>\n\n\n\n<p><strong>Consulte o edital completo<\/strong><\/p>\n\n\n\n<p>Como o credenciamento possui crit\u00e9rios diferentes para cada categoria, os interessados devem consultar atentamente todas as regras, documentos necess\u00e1rios e condi\u00e7\u00f5es de participa\u00e7\u00e3o antes de realizar a inscri\u00e7\u00e3o.<\/p>\n\n\n\n<p><a href=\"https:\/\/festadauva.jundiai.sp.gov.br\/editais-e-documentos\/\">Confira o edital, formul\u00e1rio de inscri\u00e7\u00e3o e anexos no site oficial da Festa da Uva<\/a><\/p>\n\n\n\n<p><strong>Assessoria de Imprensa <br>Fotos: Fot\u00f3grafos PMJ<\/strong><\/p>\n","protected":false},"excerpt":{"rendered":"<p>Empresas e entidades de Jundia\u00ed interessadas em participar como expositores da 42\u00aa Festa da Uva de Jundia\u00ed e 13\u00aa Expo Vinhos 2027 j\u00e1 podem consultar as regras e realizar a inscri\u00e7\u00e3o. A secretaria de Agroneg\u00f3cio, Abastecimento e Turismo, publicou o edital de chamamento p\u00fablico para credenciamento nesta sexta-feira (4) e prev\u00ea a sele\u00e7\u00e3o de expositores [&hellip;]<\/p>\n","protected":false},"author":69,"featured_media":387433,"comment_status":"closed","ping_status":"0","sticky":false,"template":"","format":"standard","meta":{"footnotes":""},"categories":[4620,2],"tags":[7034,7033,6802,5577],"ods":[],"class_list":["post-387426","post","type-post","status-publish","format-standard","has-post-thumbnail","hentry","category-destaques","category-noticias","tag-42a-festa-da-uva-de-jundiai-e-13a-expo-vinhos-2027","tag-expositores-festa-da-uva","tag-festa-da-uva-2027","tag-secretaria-de-agronegocio-abastecimento-e-turismo"],"_links":{"self":[{"href":"https:\/\/jundiai.sp.gov.br\/noticias\/wp-json\/wp\/v2\/posts\/387426","targetHints":{"allow":["GET"]}}],"collection":[{"href":"https:\/\/jundiai.sp.gov.br\/noticias\/wp-json\/wp\/v2\/posts"}],"about":[{"href":"https:\/\/jundiai.sp.gov.br\/noticias\/wp-json\/wp\/v2\/types\/post"}],"author":[{"embeddable":true,"href":"https:\/\/jundiai.sp.gov.br\/noticias\/wp-json\/wp\/v2\/users\/69"}],"replies":[{"embeddable":true,"href":"https:\/\/jundiai.sp.gov.br\/noticias\/wp-json\/wp\/v2\/comments?post=387426"}],"version-history":[{"count":3,"href":"https:\/\/jundiai.sp.gov.br\/noticias\/wp-json\/wp\/v2\/posts\/387426\/revisions"}],"predecessor-version":[{"id":387459,"href":"https:\/\/jundiai.sp.gov.br\/noticias\/wp-json\/wp\/v2\/posts\/387426\/revisions\/387459"}],"wp:featuredmedia":[{"embeddable":true,"href":"https:\/\/jundiai.sp.gov.br\/noticias\/wp-json\/wp\/v2\/media\/387433"}],"wp:attachment":[{"href":"https:\/\/jundiai.sp.gov.br\/noticias\/wp-json\/wp\/v2\/media?parent=387426"}],"wp:term":[{"taxonomy":"category","embeddable":true,"href":"https:\/\/jundiai.sp.gov.br\/noticias\/wp-json\/wp\/v2\/categories?post=387426"},{"taxonomy":"post_tag","embeddable":true,"href":"https:\/\/jundiai.sp.gov.br\/noticias\/wp-json\/wp\/v2\/tags?post=387426"},{"taxonomy":"ods","embeddable":true,"href":"https:\/\/jundiai.sp.gov.br\/noticias\/wp-json\/wp\/v2\/ods?post=387426"}],"curies":[{"name":"wp","href":"https:\/\/api.w.org\/{rel}","templated":true}]}}